{"id":504735,"date":"2025-10-17T02:49:17","date_gmt":"2025-10-17T02:49:17","guid":{"rendered":"https:\/\/www.europesays.com\/de\/504735\/"},"modified":"2025-10-17T02:49:17","modified_gmt":"2025-10-17T02:49:17","slug":"carmen-geiss-trauert-um-musikproduzenten-jack-white","status":"publish","type":"post","link":"https:\/\/www.europesays.com\/de\/504735\/","title":{"rendered":"Carmen Geiss trauert um Musikproduzenten Jack White"},"content":{"rendered":"<p>Letzte Worte auf Instagram <\/p>\n<p>Carmen Geiss trauert um engen Freund<\/p>\n<p>17.10.2025 &#8211; 03:40 UhrLesedauer: 2 Min.<\/p>\n<p><a href=\"#focus-0\" class=\"transition-colors duration-200 block text-current relative\" data-sctrack=\"FocusGalleryImage.Reference\"><img fetchpriority=\"high\" data-testid=\"Opener.Image\" style=\"--lqipURL:url('https:\/\/images.t-online.de\/2025\/05\/7RwMYUeLc1Y1\/556x134:2879x1620\/fit-in\/150x0\/filters:blur(25)\/carmen-geiss-die-millionaerin-ist-bekannt-fuer-ihre-zahlreichen-beauty-eingriffe.jpg')\"   loading=\"eager\" src=\"https:\/\/www.europesays.com\/de\/wp-content\/uploads\/2025\/10\/carmen-geiss-die-millionaerin-ist-bekannt-fuer-ihre-zahlreichen-beauty-eingriffe.jpg\" alt=\"Carmen Geiss: Die Million\u00e4rin liegt im Krankenhaus.\" title=\"Carmen Geiss: Die Million\u00e4rin liegt im Krankenhaus.\" width=\"2879\" height=\"1620\" class=\"bg-[url:var(--lqipURL)] bg-cover bg-center flex h-full w-full max-w-full\" decoding=\"async\"\/><img style=\"--width:32;--height:32\" loading=\"lazy\" src=\"https:\/\/www.t-online.de\/s\/paper\/_next\/static\/media\/zoom-in.f7dae02f.svg\" alt=\"Vergr\u00f6\u00dfern des Bildes\" title=\"Vergr\u00f6\u00dfern des Bildes\" class=\"block h-[calc(var(--height)_\/_16_*_1rem)] w-[calc(var(--width)_\/_16_*_1rem)] max-w-none absolute bottom-8 right-8 rounded-4 bg-snow p-8\" decoding=\"async\"\/><\/a><\/p>\n<p>Carmen Geiss (Archivbild): Die TV-Pers\u00f6nlichkeit aus K\u00f6ln war Trauzeugin bei Jack Whites Hochzeit im Jahr 2015. (Quelle: imago stock&amp;people via www.imago-images.de)<\/p>\n<p class=\"font-bold text-18 leading-17\">Jack White, einer der erfolgreichsten deutschen Musikproduzenten, ist tot. Carmen Geiss erinnert auf Instagram an ihren engen Freund.<\/p>\n<p class=\"text-18 leading-17\">Die K\u00f6lner Reality-TV-Darstellerin <a class=\"transition-colors duration-200 cursor-pointer text-inherit no-underline text-salemsfur md:hover:text-magenta md:hover:border-magenta md:focus:text-magenta border-current border-b border-solid break-words\" href=\"https:\/\/www.t-online.de\/themen\/carmen-geiss\/\" data-sctrack=\"BodyAnchor\" rel=\"nofollow noopener\" target=\"_blank\">Carmen Geiss<\/a> trauert um einen engen Freund: Der erfolgreiche Musikproduzent <a class=\"transition-colors duration-200 cursor-pointer text-inherit no-underline text-salemsfur md:hover:text-magenta md:hover:border-magenta md:focus:text-magenta border-current border-b border-solid break-words\" href=\"https:\/\/www.t-online.de\/themen\/jack-white\/\" data-sctrack=\"BodyAnchor\" rel=\"nofollow noopener\" target=\"_blank\">Jack White<\/a> ist tot. Die Berliner Polizei best\u00e4tigte am Freitag den Tod des 85-J\u00e4hrigen, der am Morgen gegen 9.30 Uhr in seinem Haus in der Hauptstadt gefunden wurde. Nach ersten Erkenntnissen geht die Polizei von einem Suizid aus.<\/p>\n<p class=\"text-18 leading-17\">Carmen Geiss zeigte sich auf Instagram tief ersch\u00fcttert \u00fcber den Tod ihres Freundes. &#8222;Ruhe in Frieden, mein lieber Jack White. Ich kann es kaum glauben, dass du nicht mehr da bist&#8220;, schrieb die K\u00f6lnerin. &#8222;Ich bin zutiefst ersch\u00fcttert und mir fehlen einfach die Worte.&#8220;<\/p>\n<p class=\"text-18 leading-17\">Die TV-Pers\u00f6nlichkeit erinnerte an Whites Hochzeit am 20. Dezember 2015, bei der sie Trauzeugin war: &#8222;Die Sonne hat gestrahlt, du warst der gl\u00fccklichste Mensch auf der Welt. Endlich hattest du deine Raffaela geheiratet.&#8220; Geiss f\u00fcgte hinzu: &#8222;Doch das Gl\u00fcck war dir nicht immer hold. Weder in deiner dritten noch in deiner vierten Ehe hast du die Liebe gefunden, die du so sehr verdient h\u00e4ttest. Das bricht mir das Herz, Jack.&#8220;<\/p>\n<p class=\"text-18 leading-17\">Die K\u00f6lnerin schloss mit den Worten: &#8222;Wir haben so viele Stunden miteinander gesprochen \u2013 \u00fcber Musik, das Leben, \u00fcber Gott und die Welt. Du hast mich so oft um Rat gefragt\u2026 Warum nicht dieses Mal, mein Freund?&#8220;<\/p>\n<p class=\"text-18 leading-17\">Der in <a class=\"transition-colors duration-200 cursor-pointer text-inherit no-underline text-salemsfur md:hover:text-magenta md:hover:border-magenta md:focus:text-magenta border-current border-b border-solid break-words\" href=\"https:\/\/www.t-online.de\/region\/koeln\/\" data-sctrack=\"BodyAnchor\" rel=\"nofollow noopener\" target=\"_blank\">K\u00f6ln<\/a> als Horst Nu\u00dfbaum geborene White gilt als einer der erfolgreichsten deutschen Musikproduzenten. Er hat mehr als eine Milliarde Tontr\u00e4ger verkauft und \u00fcber tausend Songs geschrieben. Stars von <a class=\"transition-colors duration-200 cursor-pointer text-inherit no-underline text-salemsfur md:hover:text-magenta md:hover:border-magenta md:focus:text-magenta border-current border-b border-solid break-words\" href=\"https:\/\/www.t-online.de\/themen\/roberto-blanco\/\" data-sctrack=\"BodyAnchor\" rel=\"nofollow noopener\" target=\"_blank\">Roberto Blanco<\/a> bis <a class=\"transition-colors duration-200 cursor-pointer text-inherit no-underline text-salemsfur md:hover:text-magenta md:hover:border-magenta md:focus:text-magenta border-current border-b border-solid break-words\" href=\"https:\/\/www.t-online.de\/themen\/tony-marshall\/\" data-sctrack=\"BodyAnchor\" rel=\"nofollow noopener\" target=\"_blank\">Tony Marshall<\/a>, von Hansi Hinterseer bis <a class=\"transition-colors duration-200 cursor-pointer text-inherit no-underline text-salemsfur md:hover:text-magenta md:hover:border-magenta md:focus:text-magenta border-current border-b border-solid break-words\" href=\"https:\/\/www.t-online.de\/themen\/david-hasselhoff\/\" data-sctrack=\"BodyAnchor\" rel=\"nofollow noopener\" target=\"_blank\">David Hasselhoff<\/a> verdankten ihm ihren Aufstieg. White steckte auch hinter Welthits wie &#8222;Gloria&#8220;, &#8222;Self Control&#8220; und &#8222;When the Rain Begins to Fall&#8220;.<\/p>\n<p class=\"text-18 leading-17\">Nicht nur wegen der Musik war White \u00f6fter in den Schlagzeilen. Mit 83 wurde er 2023 zum siebten Mal Vater. &#8222;Rafaella und ich haben vor Gl\u00fcck geweint&#8220;, sagte White damals nach der Geburt von Angelina Melody. Seit 2015 waren White und seine 44 Jahre j\u00fcngere Frau Rafaella verheiratet. F\u00fcr White, der insgesamt sieben Kinder hat, war es die vierte Ehe.<\/p>\n<p class=\"text-18 leading-17\">Zuletzt gab es Berichte \u00fcber eine Trennung des Paares. Rafaella Nussbaum sagte: &#8222;Es ist eine Trennung voller Respekt und in tiefer Freundschaft.&#8220; Schon seit einigen Monaten lebten sie getrennt unter einem Dach. Sie wolle nun aus dem gemeinsamen Haus ausziehen.<\/p>\n","protected":false},"excerpt":{"rendered":"Letzte Worte auf Instagram Carmen Geiss trauert um engen Freund 17.10.2025 &#8211; 03:40 UhrLesedauer: 2 Min. Carmen Geiss&hellip;\n","protected":false},"author":2,"featured_media":504736,"comment_status":"","ping_status":"","sticky":false,"template":"","format":"standard","meta":{"footnotes":""},"categories":[1828],"tags":[3176,522,19398,29,30,152,48186,126075,1420,1209,121,48187],"class_list":{"0":"post-504735","1":"post","2":"type-post","3":"status-publish","4":"format-standard","5":"has-post-thumbnail","7":"category-koeln","8":"tag-3176","9":"tag-522","10":"tag-carmen-geiss","11":"tag-deutschland","12":"tag-germany","13":"tag-instagram","14":"tag-jack-white","15":"tag-jack-whites","16":"tag-koeln","17":"tag-nordrhein-westfalen","18":"tag-polizei","19":"tag-rafaella-nussbaum"},"share_on_mastodon":{"url":"https:\/\/pubeurope.com\/@de\/115387234702872766","error":""},"_links":{"self":[{"href":"https:\/\/www.europesays.com\/de\/wp-json\/wp\/v2\/posts\/504735","targetHints":{"allow":["GET"]}}],"collection":[{"href":"https:\/\/www.europesays.com\/de\/wp-json\/wp\/v2\/posts"}],"about":[{"href":"https:\/\/www.europesays.com\/de\/wp-json\/wp\/v2\/types\/post"}],"author":[{"embeddable":true,"href":"https:\/\/www.europesays.com\/de\/wp-json\/wp\/v2\/users\/2"}],"replies":[{"embeddable":true,"href":"https:\/\/www.europesays.com\/de\/wp-json\/wp\/v2\/comments?post=504735"}],"version-history":[{"count":0,"href":"https:\/\/www.europesays.com\/de\/wp-json\/wp\/v2\/posts\/504735\/revisions"}],"wp:featuredmedia":[{"embeddable":true,"href":"https:\/\/www.europesays.com\/de\/wp-json\/wp\/v2\/media\/504736"}],"wp:attachment":[{"href":"https:\/\/www.europesays.com\/de\/wp-json\/wp\/v2\/media?parent=504735"}],"wp:term":[{"taxonomy":"category","embeddable":true,"href":"https:\/\/www.europesays.com\/de\/wp-json\/wp\/v2\/categories?post=504735"},{"taxonomy":"post_tag","embeddable":true,"href":"https:\/\/www.europesays.com\/de\/wp-json\/wp\/v2\/tags?post=504735"}],"curies":[{"name":"wp","href":"https:\/\/api.w.org\/{rel}","templated":true}]}}