{"id":504737,"date":"2025-10-17T02:50:11","date_gmt":"2025-10-17T02:50:11","guid":{"rendered":"https:\/\/www.europesays.com\/de\/504737\/"},"modified":"2025-10-17T02:50:11","modified_gmt":"2025-10-17T02:50:11","slug":"fotomontage-als-straftat-afd-politiker-bystron-vor-gericht","status":"publish","type":"post","link":"https:\/\/www.europesays.com\/de\/504737\/","title":{"rendered":"Fotomontage als Straftat? AfD-Politiker Bystron vor Gericht"},"content":{"rendered":"<p class=\"mb-6 text-xs md:text-m lg:text-l font-serif group-[.font-sans]:font-sans \">\n    Wegen einer von ihm in sozialen Medien ver\u00f6ffentlichten Fotomontage steht der AfD-Politiker Petr Bystron am Freitag (9.00 Uhr) vor Gericht. Die Staatsanwaltschaft wirft dem Europaabgeordneten vor, mit der Collage, auf der unter anderem Ex-Kanzlerin Angela Merkel mit erhobenem Arm und ausgestreckter Hand zu sehen ist, den \u00abHitlergru\u00df\u00bb verwendet zu haben.\n  <\/p>\n<p class=\"mb-6 text-xs md:text-m lg:text-l font-serif group-[.font-sans]:font-sans \">\n    Bystron bestreitet das. Das Verfahren bezeichnete der AfD-Politiker vor Beginn als politische Instrumentalisierung der Justiz. Bis zu einer rechtskr\u00e4ftigen Verurteilung gilt die Unschuldsvermutung.\n  <\/p>\n<p>            AfD-Politiker will Strafbefehl nicht akzeptieren<\/p>\n<p class=\"mb-6 text-xs md:text-m lg:text-l font-serif group-[.font-sans]:font-sans \">\n    Das Amtsgericht M\u00fcnchen hatte in dem Fall auf Antrag der Staatsanwaltschaft schon einen Strafbefehl erlassen &#8211; wegen des Verwendens von Kennzeichen verfassungswidriger und terroristischer Organisationen. Bystron legte dagegen aber Einspruch ein.\n  <\/p>\n<p class=\"mb-6 text-xs md:text-m lg:text-l font-serif group-[.font-sans]:font-sans \">\n    Damit wird der Fall nun, mehr als drei Jahre nach der Ver\u00f6ffentlichung des Beitrags auf Twitter, vor Gericht behandelt. Bystron hatte die Collage anl\u00e4sslich der Entlassung des damaligen ukrainischen Botschafters in Deutschland, Andrij Melnyk, ver\u00f6ffentlicht &#8211; mit dem Zusatz \u00abBye, bye Melnyk! Deutsche Politiker winken zum Abschied!\u00bb.\n  <\/p>\n<p class=\"mb-6 text-xs md:text-m lg:text-l font-serif group-[.font-sans]:font-sans \">\n    Ein Urteil k\u00f6nnte noch am Freitag fallen: Das Gericht hat nur einen Verhandlungstermin geplant. Bei einer Verurteilung drohen laut Strafgesetzbuch eine Geldstrafe oder bis zu drei Jahre Haft. Strafbar sind demnach nicht nur verbotene Gru\u00dfformen wie der Hitlergru\u00df selbst, sondern auch solche, \u00abdie ihnen zum Verwechseln \u00e4hnlich sind\u00bb.\n  <\/p>\n<ul data-module-id=\"DragDropModule\" class=\"flex flex-wrap justify-start group-[.no-bookmarks]:hidden\">\n<li class=\"mb-3 mr-3\">\n    Fotomontage<\/p>\n<p>      Icon Haken im Kreis gesetzt<\/p>\n<p>      Icon Plus im Kreis<\/p>\n<\/li>\n<li class=\"mb-3 mr-3\">\n    Petr Bystron<\/p>\n<p>      Icon Haken im Kreis gesetzt<\/p>\n<p>      Icon Plus im Kreis<\/p>\n<\/li>\n<li class=\"mb-3 mr-3\">\n    AfD<\/p>\n<p>      Icon Haken im Kreis gesetzt<\/p>\n<p>      Icon Plus im Kreis<\/p>\n<\/li>\n<\/ul>\n","protected":false},"excerpt":{"rendered":"Wegen einer von ihm in sozialen Medien ver\u00f6ffentlichten Fotomontage steht der AfD-Politiker Petr Bystron am Freitag (9.00 Uhr)&hellip;\n","protected":false},"author":2,"featured_media":504738,"comment_status":"","ping_status":"","sticky":false,"template":"","format":"standard","meta":{"footnotes":""},"categories":[1827],"tags":[772,29,30,1268],"class_list":{"0":"post-504737","1":"post","2":"type-post","3":"status-publish","4":"format-standard","5":"has-post-thumbnail","7":"category-muenchen","8":"tag-bayern","9":"tag-deutschland","10":"tag-germany","11":"tag-muenchen"},"share_on_mastodon":{"url":"https:\/\/pubeurope.com\/@de\/115387237948117735","error":""},"_links":{"self":[{"href":"https:\/\/www.europesays.com\/de\/wp-json\/wp\/v2\/posts\/504737","targetHints":{"allow":["GET"]}}],"collection":[{"href":"https:\/\/www.europesays.com\/de\/wp-json\/wp\/v2\/posts"}],"about":[{"href":"https:\/\/www.europesays.com\/de\/wp-json\/wp\/v2\/types\/post"}],"author":[{"embeddable":true,"href":"https:\/\/www.europesays.com\/de\/wp-json\/wp\/v2\/users\/2"}],"replies":[{"embeddable":true,"href":"https:\/\/www.europesays.com\/de\/wp-json\/wp\/v2\/comments?post=504737"}],"version-history":[{"count":0,"href":"https:\/\/www.europesays.com\/de\/wp-json\/wp\/v2\/posts\/504737\/revisions"}],"wp:featuredmedia":[{"embeddable":true,"href":"https:\/\/www.europesays.com\/de\/wp-json\/wp\/v2\/media\/504738"}],"wp:attachment":[{"href":"https:\/\/www.europesays.com\/de\/wp-json\/wp\/v2\/media?parent=504737"}],"wp:term":[{"taxonomy":"category","embeddable":true,"href":"https:\/\/www.europesays.com\/de\/wp-json\/wp\/v2\/categories?post=504737"},{"taxonomy":"post_tag","embeddable":true,"href":"https:\/\/www.europesays.com\/de\/wp-json\/wp\/v2\/tags?post=504737"}],"curies":[{"name":"wp","href":"https:\/\/api.w.org\/{rel}","templated":true}]}}