{"id":504758,"date":"2025-10-17T03:03:18","date_gmt":"2025-10-17T03:03:18","guid":{"rendered":"https:\/\/www.europesays.com\/de\/504758\/"},"modified":"2025-10-17T03:03:18","modified_gmt":"2025-10-17T03:03:18","slug":"ein-grosses-bilderbuch-ueber-das-was-ballett-auch-fuer-kinder-spannend-macht-%c2%b7-leipziger-zeitung","status":"publish","type":"post","link":"https:\/\/www.europesays.com\/de\/504758\/","title":{"rendered":"Ein gro\u00dfes Bilderbuch \u00fcber das, was Ballett auch f\u00fcr Kinder spannend macht \u00b7 Leipziger Zeitung"},"content":{"rendered":"<p>Die Reihe \u201eBilderbande\u201c im Verlag E. A. Seemann w\u00e4chst. Das sind gro\u00dfformatige Kinderb\u00fccher, die einf\u00fchren in die gro\u00dfen und kleinen Themen der Welt. Zum Beispiel in das Ballett. F\u00fcr manche Kinder entfaltet es seine Faszination, wenn sie es mit ihren Eltern zum ersten Mal in der Oper erleben. F\u00fcr manche ist das Tanzen selbst das Faszinierende und sie melden sich zum Ballettunterricht an, wo sie die ersten Schritte und Bewegungen lernen. Aber das Buch erz\u00e4hlt nat\u00fcrlich viel mehr, taucht mit den Lesern auch hinab in die Geschichte des Balletts.<\/p>\n<p>Und die begann wohl irgendwie mit <a href=\"http:\/\/de.wikipedia.org\/wiki\/Caterina_de%E2%80%99_Medici\" target=\"_blank\" rel=\"noopener nofollow\">Katharina von Medici<\/a>, die den franz\u00f6sischen Thronfolger Heinrich heiratete und ab 1547 K\u00f6nigin von Frankreich war. Und irgendwie hatte sie aus Italien ihre Liebe zum Tanz mitgebracht und lie\u00df auch ihre Lieblingsk\u00fcnstler an den franz\u00f6sischen Hof kommen, wo sie ausufernde Tanzfeste veranstaltete: ballets de cour. Also Hoft\u00e4nzchen, denn Ballett ist ja die Verkleinerungsform von ballo, was auf Italienisch schlichtweg Tanz hei\u00dft.<img decoding=\"async\" src=\"https:\/\/www.europesays.com\/de\/wp-content\/uploads\/2025\/10\/571ee959b62447b8b261f7c39631b421.gif\" alt=\"\" width=\"https:\/\/www.l-iz.de\/bildung\/buecher\/2025\/10\/1\" height=\"https:\/\/www.l-iz.de\/bildung\/buecher\/2025\/10\/1\"\/><\/p>\n<p>Aber es ging nicht nur ums Tanzen. Es ging um das Geschichtenerz\u00e4hlen mit Tanz \u2013 also ohne Worte. Aber mit Kost\u00fcmen und Kulissen und Musik nat\u00fcrlich. Und was als gro\u00dfe Auff\u00fchrung am Hof begann, eroberte in den folgenden Jahrhunderten nach und nach auch die B\u00fchnen der St\u00e4dte.<\/p>\n<p>Eine kleine Revolution war dann die Zeit der Romantik. Auch davon erz\u00e4hlt Rachel Oidtmann. Denn in dieser Zeit entwickelte sich die klassischen Formen des Balletts, wie wir es heute kennen. Und es entstanden die ber\u00fchmten Ballette, die noch heute das Publikum in Scharen in die Opernh\u00e4user ziehen, wo es einfach m\u00e4rchenhaft, romantisch und zauberhaft wird.<\/p>\n<p>Im Tanz der Zeit<\/p>\n<p>Rachel Oidtmann erz\u00e4hlt also auch gleich noch die Geschichte der ber\u00fchmtesten Ballette \u2013 von \u201eGiselle\u201c, \u201eSchwanensee\u201c, \u201eDer Nu\u00dfknacker\u201c bis \u201eBolero\u201c. Und in derselben Zeit entstanden nat\u00fcrlich auch die ber\u00fchmten Zutaten, die wir heute alle mit dem Ballett verbinden \u2013 vom Spitzenschuh, der es den T\u00e4nzerinnen \u00fcberhaupt erst erm\u00f6glicht, richtig auf Spitze zu tanzen, bis zum Tutu, dem immer k\u00fcrzeren Rock aus T\u00fcll, der immer mehr von den Beinen der T\u00e4nzerinnen sehen lie\u00df. Und damit Bewegungsfreiheit schuf und mehr Sichtbarkeit f\u00fcr die faszinierenden Tanzfiguren der Ballerinen.<\/p>\n<p>Dabei begegnet man auch ber\u00fchmten T\u00e4nzerinnen wie Marie Taglioni, die den Tanz auf der B\u00fchne f\u00fcr ihre Zeit geradezu revolutionierte. Was nicht das Ende der Geschichte ist. Denn das Ballett hat sich auch nach seiner romantischen Hochzeit in der Mitte des 19. Jahrhunderts weiterentwickelt, wurde moderner, sportlicher, experimenteller. Was Rachel Oidtmann am Beispiel von John Cranko als Ballettdirektor am Stuttgarter Ballett erz\u00e4hlt. Denn nat\u00fcrlich ver\u00e4ndern sich auch Sehgewohnheiten, ist das Publikum auch aufgeschlossen f\u00fcr neue Erz\u00e4hlweisen, Geschichten, die nicht immer nur romantisch sind, sondern auch manchmal wild und expressiv.<\/p>\n<p>Und bei der Gelegenheit werden auch Legenden wie Rudolf Nurejew und Anna Pawlowa kurz portr\u00e4tiert. Ballett ist l\u00e4ngst ein eigenst\u00e4ndiger Kosmos mit eigenen Gro\u00dferz\u00e4hlungen und Geschichten vom Ruhm.<\/p>\n<p>Im Rampenlicht<\/p>\n<p>Aber wie dann so ein Ballett auf die B\u00fchne kommt, auch das muss erz\u00e4hlt werden. So bekommen auch die kleinen Leser eine Ahnung, was f\u00fcr ein gewaltiges Gemeinschaftswerk so ein Ballett ist und wie viele Menschen vor und hinter den Kulissen daran mitarbeiten. Vom Dramaturgen bis zum Beleuchter, von der Kost\u00fcmbildnerin bis zum Maskenbildner. Auf gro\u00dfformatigen Zeichnungen zeigt Ana Luisa Oliveira, wie das alles so nebeneinander und gleichzeitig passiert, wie es im ganzen Haus rumort und vorbereitet, w\u00e4hrend das Publikum gem\u00fctlich seine Sessel einnimmt und der Dinge harrt, die da kommen werden.<\/p>\n<p>Tja, und dann ist die Frage: Ist man selbst dabei? Hat man selbst eine Rolle da oben auf der B\u00fchne? Ist es \u00fcberhaupt ein Traumjob? Dazu haben die T\u00e4nzerin Polina Semionova und der T\u00e4nzer Friedeman Vogel so einiges zu sagen, die als Solot\u00e4nzer\/-in in Berlin bzw. Stuttgart auf der B\u00fchne stehen.<\/p>\n<p>Aber sie erz\u00e4hlen eben auch, dass der Beruf bei aller t\u00e4nzerischen Leichtigkeit anspruchsvoll und anstrengend ist. Kein Tag ohne Proben. Denn um die k\u00fchnen Spr\u00fcnge auf der B\u00fchne zu schaffen, m\u00fcssen die T\u00e4nzerinnen und T\u00e4nzer fit sein, m\u00fcssen sie ihren K\u00f6rper elastisch halten, bereit zu echten H\u00f6chstleistungen am Abend der Auff\u00fchrung.<\/p>\n<p>Wie man das lernt, deutet das Buch zumindest an \u2013 mit den ersten Schritten und \u00dcbungen, die die Ballettsch\u00fcler\/-innen im \u00dcbungssaal mit dem gro\u00dfen Spiegel und der Ballettstange erleben. Und \u00fcben und \u00fcben. Bis das alles ganz leicht und selbstverst\u00e4ndlich geht.<\/p>\n<p>So entsteht auf jeden Fall ein Buch f\u00fcr Kinder, die sich tats\u00e4chlich f\u00fcr Tanz und Ballett interessieren, vielleicht selbst in die Ballettschule gehen wollen oder nur wissen wollen, was da vorn im Scheinwerferlicht eigentlich passiert. Und wie viel Arbeit und M\u00fche darin steckt, bis das alles so federleicht und m\u00e4rchenhaft aussieht. Denn manchmal will man ja auch nur zuschauen und \u00fcber alles Bescheid wissen.<\/p>\n<p>Und da Eltern beim Thema Ballett in der Regel auch nicht alles wissen, hilft das Buch dabei, die erste gro\u00dfe Wissbegier zu befriedigen. Bevor die Familie ihre Karten f\u00fcr den \u201eNussknacker\u201c kauft, voller Vorfreude auf einen Abend mit einer m\u00e4rchenhaft getanzten Geschichte.<\/p>\n<p><strong>Rachel Oidtmann, Ana Luisa Oliveira <a href=\"https:\/\/www.lehmanns.de\/isbn\/9783690010108@liz\" target=\"_blank\" rel=\"noopener nofollow\">\u201eBallett. Deine ersten Schritte in die Welt des Tanzes\u201c<\/a><\/strong> E. A. Seemann, Leipzig 2025, 20 Euro.<\/p>\n","protected":false},"excerpt":{"rendered":"Die Reihe \u201eBilderbande\u201c im Verlag E. A. Seemann w\u00e4chst. Das sind gro\u00dfformatige Kinderb\u00fccher, die einf\u00fchren in die gro\u00dfen&hellip;\n","protected":false},"author":2,"featured_media":504759,"comment_status":"","ping_status":"","sticky":false,"template":"","format":"standard","meta":{"footnotes":""},"categories":[1774],"tags":[16104,1784,1785,29,214,30,11706,1803,215],"class_list":{"0":"post-504758","1":"post","2":"type-post","3":"status-publish","4":"format-standard","5":"has-post-thumbnail","7":"category-buecher","8":"tag-ballett","9":"tag-books","10":"tag-buecher","11":"tag-deutschland","12":"tag-entertainment","13":"tag-germany","14":"tag-kinderbuch","15":"tag-rezension","16":"tag-unterhaltung"},"share_on_mastodon":{"url":"https:\/\/pubeurope.com\/@de\/115387289086851686","error":""},"_links":{"self":[{"href":"https:\/\/www.europesays.com\/de\/wp-json\/wp\/v2\/posts\/504758","targetHints":{"allow":["GET"]}}],"collection":[{"href":"https:\/\/www.europesays.com\/de\/wp-json\/wp\/v2\/posts"}],"about":[{"href":"https:\/\/www.europesays.com\/de\/wp-json\/wp\/v2\/types\/post"}],"author":[{"embeddable":true,"href":"https:\/\/www.europesays.com\/de\/wp-json\/wp\/v2\/users\/2"}],"replies":[{"embeddable":true,"href":"https:\/\/www.europesays.com\/de\/wp-json\/wp\/v2\/comments?post=504758"}],"version-history":[{"count":0,"href":"https:\/\/www.europesays.com\/de\/wp-json\/wp\/v2\/posts\/504758\/revisions"}],"wp:featuredmedia":[{"embeddable":true,"href":"https:\/\/www.europesays.com\/de\/wp-json\/wp\/v2\/media\/504759"}],"wp:attachment":[{"href":"https:\/\/www.europesays.com\/de\/wp-json\/wp\/v2\/media?parent=504758"}],"wp:term":[{"taxonomy":"category","embeddable":true,"href":"https:\/\/www.europesays.com\/de\/wp-json\/wp\/v2\/categories?post=504758"},{"taxonomy":"post_tag","embeddable":true,"href":"https:\/\/www.europesays.com\/de\/wp-json\/wp\/v2\/tags?post=504758"}],"curies":[{"name":"wp","href":"https:\/\/api.w.org\/{rel}","templated":true}]}}