{"id":504762,"date":"2025-10-17T03:05:22","date_gmt":"2025-10-17T03:05:22","guid":{"rendered":"https:\/\/www.europesays.com\/de\/504762\/"},"modified":"2025-10-17T03:05:22","modified_gmt":"2025-10-17T03:05:22","slug":"in-roebel-produziert-taylor-swifts-neues-album-aus-mv-in-die-welt","status":"publish","type":"post","link":"https:\/\/www.europesays.com\/de\/504762\/","title":{"rendered":"In R\u00f6bel produziert: Taylor Swifts neues Album aus MV in die Welt"},"content":{"rendered":"<p>        <img decoding=\"async\" src=\"https:\/\/www.europesays.com\/de\/wp-content\/uploads\/2025\/10\/swift-138.webp\" alt=\"Taylor Swift Album aus R\u00f6bel\" title=\"Taylor Swift Album aus R\u00f6bel | Optimal Media\" class=\"responsive\"\/><\/p>\n<p>\n            Stand: 16.10.2025 15:12 Uhr<\/p>\n<p class=\"preface\">Die Musikwelt blickt nach MV:<strong> <\/strong>In R\u00f6bel an der M\u00fcritz entstehen Millionen Tontr\u00e4ger des neuen Taylor-Swift-Albums. Das Unternehmen optimal media fertigt und verschickt die Platten und CDs weltweit.<\/p>\n<p class=\"\">Das Medienunternehmen aus der Mecklenburgischen Seenplatte z\u00e4hlt seit Jahren zu den wichtigsten Presswerken Europas. F\u00fcr internationale Stars wie Taylor Swift stellt optimal media regelm\u00e4\u00dfig Schallplatten, CDs und Drucksachen her. Auch Wiederver\u00f6ffentlichungen \u00e4lterer Alben der US-S\u00e4ngerin sowie das Erfolgsalbum \u201cThe Tortured Poets Department\u201d wurden bereits in R\u00f6bel produziert.<\/p>\n<p>    Millionen Tontr\u00e4ger aus der M\u00fcritzstadt<\/p>\n<p class=\"\">Im Mai begann im Auftrag des Musikriesen Universal Music die Produktion des neuen Swift-Albums \u201cThe Life Of A Showgirl\u201d. Gefertigt werden Schallplatten in verschiedenen Farben und Kombinationen sowie vier CD-Versionen mit unterschiedlicher Ausstattung. Alle Verpackungen und Drucksachen entstehen in der firmeneigenen Druckerei. Nach Angaben von Gesch\u00e4ftsf\u00fchrer J\u00f6rg Hahn gingen die Tontr\u00e4ger von R\u00f6bel aus in alle Welt &#8211; Nachauflagen sind bereits in Arbeit.<\/p>\n<p>        <img decoding=\"async\" src=\"https:\/\/www.europesays.com\/de\/wp-content\/uploads\/2025\/10\/coverswift-100.webp\" alt=\"CD-Cover: Taylor Swift: &quot;The Life Of A Showgirl Sweat And Vanilla Perfume&quot;\" title=\"CD-Cover: Taylor Swift: &quot;The Life Of A Showgirl Sweat And Vanilla Perfume&quot; | Republic\" class=\"responsive\" loading=\"lazy\"\/><\/p>\n<p>Das neue Album bietet viel Verliebtsein und pers\u00f6nliche Gef\u00fchlswelt, h\u00e4tte aber so viel mehr sein k\u00f6nnen.<\/p>\n<p>    Erfolg f\u00fcr Taylor Swift und f\u00fcr R\u00f6bel<\/p>\n<p class=\"\">Mit ihrem zw\u00f6lften Studioalbum stellte Taylor Swift neue Chartrekorde auf: Erstmals gelang es einem internationalen Act gleichzeitig die Spitzenpositionen der deutschen Album- und Singlecharts zu belegen. <a href=\"https:\/\/www.ndr.de\/kultur\/taylor-swift-knackt-rekorde-acht-songs-in-top-10,kulturkurzmeldung-620.html\" title=\"Taylor Swift knackt Rekorde - Acht Songs in Top 10\" rel=\"nofollow noopener\" target=\"_blank\">Acht Songs des Albums stiegen direkt in die Top Ten ein<\/a>. F\u00fcr optimal media ist der Auftrag ein weiteres Aush\u00e4ngeschild: \u201cWir sind stolz, dass Universal Music uns erneut mit einer der weltweit wichtigsten Ver\u00f6ffentlichungen des Jahres betraut hat\u201d, so Hahn. Das Projekt sei nur dank des Engagements der Mitarbeiterinnen und Mitarbeiter gelungen, die parallel zahlreiche weitere Auftr\u00e4ge abgewickelt h\u00e4tten.<\/p>\n<p>    Medienstandort an der M\u00fcritz<\/p>\n<p class=\"\">Mit \u00fcber 700 Besch\u00e4ftigten z\u00e4hlt optimal media zu den gr\u00f6\u00dften Arbeitgebern der Region und beliefert Kunden in \u00fcber 70 L\u00e4ndern. Der Erfolg des Unternehmens zeigt, dass auch ein Standort in der mecklenburgischen Provinz international eine wichtige Rolle in der Musikbranche spielen kann.<\/p>\n<p>        <img decoding=\"async\" src=\"https:\/\/www.europesays.com\/de\/wp-content\/uploads\/2025\/10\/langspielplatte100.webp\" alt=\"Beim Direct Metal Mastering (DMM) wird die Musik in eine Kupferplatte geschnitten.\" title=\"Beim Direct Metal Mastering (DMM) wird die Musik in eine Kupferplatte geschnitten. | NDR\/Film- &amp; Fernsehproduktion Video Magic\" class=\"responsive\" loading=\"lazy\"\/><\/p>\n<p>Die Musiker von Santiano staunen, wie ihre neue Schallplatte bei der LP-Produktion in R\u00f6bel an der M\u00fcritz entsteht.<\/p>\n<p>        <img decoding=\"async\" src=\"https:\/\/www.europesays.com\/de\/wp-content\/uploads\/2025\/10\/taylorswiftportr-102.webp\" alt=\"Taylor Swift im roten Kleid bei den Grammys\" title=\"Taylor Swift im roten Kleid bei den Grammys | picture alliance \/ Jordan Strauss\/Invision\/AP\" class=\"responsive\" loading=\"lazy\"\/><\/p>\n<p>Das neue Album der 35-J\u00e4hrigen ist erschienen &#8211; was macht ihre Musik so besonders? Dar\u00fcber sprechen Peter Urban und Ocke Bandixen im NDR Podcast Urban Pop.<\/p>\n<p>Dieses Thema im Programm:<\/p>\n<p>                NDR 1 Radio MV | Nachrichten aus Mecklenburg-Vorpommern | 16.10.2025 | 14:58 Uhr<\/p>\n","protected":false},"excerpt":{"rendered":"Stand: 16.10.2025 15:12 Uhr Die Musikwelt blickt nach MV: In R\u00f6bel an der M\u00fcritz entstehen Millionen Tontr\u00e4ger des&hellip;\n","protected":false},"author":2,"featured_media":504763,"comment_status":"","ping_status":"","sticky":false,"template":"","format":"standard","meta":{"footnotes":""},"categories":[1772],"tags":[590,1349,29,214,30,72259,66058,1351,66057,1779,810,1352,66056,1353,14,1350,15,1354,66059,126084,126085,215],"class_list":{"0":"post-504762","1":"post","2":"type-post","3":"status-publish","4":"format-standard","5":"has-post-thumbnail","7":"category-musik","8":"tag-aktuell","9":"tag-aktuelles","10":"tag-deutschland","11":"tag-entertainment","12":"tag-germany","13":"tag-landkreis-mecklenburgische-seenplatte","14":"tag-meck-pomm","15":"tag-mecklenburg-vorpommern","16":"tag-mecklenburg-vorpommern-aktuell","17":"tag-music","18":"tag-musik","19":"tag-mv","20":"tag-mv-nachrichten","21":"tag-mv-news","22":"tag-nachrichten","23":"tag-neuigkeiten","24":"tag-news","25":"tag-news-mv","26":"tag-radio-mecklenburg-vorpommern","27":"tag-taylor-swift-album","28":"tag-taylor-swift-roebel","29":"tag-unterhaltung"},"share_on_mastodon":{"url":"https:\/\/pubeurope.com\/@de\/115387297216110910","error":""},"_links":{"self":[{"href":"https:\/\/www.europesays.com\/de\/wp-json\/wp\/v2\/posts\/504762","targetHints":{"allow":["GET"]}}],"collection":[{"href":"https:\/\/www.europesays.com\/de\/wp-json\/wp\/v2\/posts"}],"about":[{"href":"https:\/\/www.europesays.com\/de\/wp-json\/wp\/v2\/types\/post"}],"author":[{"embeddable":true,"href":"https:\/\/www.europesays.com\/de\/wp-json\/wp\/v2\/users\/2"}],"replies":[{"embeddable":true,"href":"https:\/\/www.europesays.com\/de\/wp-json\/wp\/v2\/comments?post=504762"}],"version-history":[{"count":0,"href":"https:\/\/www.europesays.com\/de\/wp-json\/wp\/v2\/posts\/504762\/revisions"}],"wp:featuredmedia":[{"embeddable":true,"href":"https:\/\/www.europesays.com\/de\/wp-json\/wp\/v2\/media\/504763"}],"wp:attachment":[{"href":"https:\/\/www.europesays.com\/de\/wp-json\/wp\/v2\/media?parent=504762"}],"wp:term":[{"taxonomy":"category","embeddable":true,"href":"https:\/\/www.europesays.com\/de\/wp-json\/wp\/v2\/categories?post=504762"},{"taxonomy":"post_tag","embeddable":true,"href":"https:\/\/www.europesays.com\/de\/wp-json\/wp\/v2\/tags?post=504762"}],"curies":[{"name":"wp","href":"https:\/\/api.w.org\/{rel}","templated":true}]}}