{"id":504774,"date":"2025-10-17T03:12:14","date_gmt":"2025-10-17T03:12:14","guid":{"rendered":"https:\/\/www.europesays.com\/de\/504774\/"},"modified":"2025-10-17T03:12:14","modified_gmt":"2025-10-17T03:12:14","slug":"israelische-witwe-klagt-hamas-gibt-leiche-meines-mannes-nicht-zurueck-news","status":"publish","type":"post","link":"https:\/\/www.europesays.com\/de\/504774\/","title":{"rendered":"Israelische Witwe klagt: Hamas gibt Leiche meines Mannes nicht zur\u00fcck | News"},"content":{"rendered":"<p>Jerusalem \u2013 <b>Als Tal Chaimi (41) von Hamas-Terroristen aus dem Kibbuz Yitzhak verschleppt und ermordet wurde, war seine Frau Ela (42) gerade mit dem vierten Kind schwanger. Jetzt w\u00fcnschen sich die Witwe und ihre Familie nur noch, dass sein Leichnam endlich heimkommt. Damit sie Abschied nehmen k\u00f6nnen.<\/b><\/p>\n<p>Die Freude war gro\u00df in Israel, als am Montag die Terrororganisation Hamas 20 \u00fcberlebende Geiseln \u00fcbergab. Doch trotz der Vereinbarung h\u00e4ndigten die Islamisten bisher nicht mal jede dritte der 28 get\u00f6teten Geiseln aus. Erst acht Leichname wurden \u00fcbergeben. Die Witwe eines der Toten klagt: Hamas will uns die Leiche meines Mannes nicht zur\u00fcckgeben. <\/p>\n<p><img decoding=\"async\" width=\"992\" height=\"558\" alt=\"Israelische Soldaten salutieren zu Ehren der get\u00f6teten Geiseln, die von der Hamas an Israel \u00fcbergeben wurden\" src=\"https:\/\/www.europesays.com\/de\/wp-content\/uploads\/2025\/10\/fdafab176f63d0b6523530b90b8a1237,921e8167\"   class=\"landscape\" loading=\"lazy\"\/><\/p>\n<p class=\"fig__caption__text\">Israelische Soldaten salutieren zu Ehren der get\u00f6teten Geiseln, die von der Hamas an Israel \u00fcbergeben wurden<\/p>\n<p>Foto: AHMAD GHARABLI\/AFP<\/p>\n<p>Wie alle anderen Bewohner des Kibbuz Nir Yitzhak im S\u00fcden <a href=\"https:\/\/www.bild.de\/news\/ausland\/israel\/thema-israel-alle-infos-80028948.bild.html\" class=\"text-link\" target=\"_blank\" rel=\"noopener\">Israels<\/a> wurden Tal Chaimi und seine Familie in den Morgenstunden des 7. Oktobers 2023 durch einen Raketenalarm geweckt. Als kurze Zeit sp\u00e4ter klar wurde, dass Terroristen in die Gemeinde eingedrungen waren, setzte sich der Familienvater einen Helm auf und griff nach einer Waffe. Dann ging er raus, sagte zu seiner schwangeren Frau und den drei Kindern Nir, Einav und Udi, dass sie sich in den Schutzraum begeben sollten. Und zog dann los, um ihr Kibbuz zu verteidigen. <\/p>\n<p>Handy in Gaza lokalisiert<\/p>\n<p>\u201eEr geh\u00f6rte zum Noteinsatzteam des Kibbuz. Ich konnte mit ihm noch kurze Zeit sp\u00e4ter telefonieren, doch ab mittags war er nicht mehr erreichbar\u201c, sagt Ela Chaimi. \u201eAls die Armee uns abends erreichte, konnte man meinen Mann nirgendwo mehr finden. Sein Handy wurde dann im Gazastreifen lokalisiert. Da haben wir noch gehofft, dass er lebt. Ich habe unseren Kindern auf Google gezeigt, wo sich der Papa gerade befindet. Ich rief dann meine Eltern an und erz\u00e4hlte ihnen, dass Tal verschleppt worden war und ich schwanger bin. Sie hatten bislang von meiner Schwangerschaft nicht gewusst.\u201c<\/p>\n<p><img decoding=\"async\" width=\"992\" height=\"1178\" alt=\"Die Familie von Tal hofft, dass Hamas sich an die Vereinbarung h\u00e4lt und seine Leiche \u00fcbergibt.\" src=\"https:\/\/www.europesays.com\/de\/wp-content\/uploads\/2025\/10\/686cfce274c859486cb1aadb0fa38636,aec403da\"   class=\"portrait\" loading=\"lazy\"\/><\/p>\n<p class=\"fig__caption__text\">Die Familie von Tal hofft, dass Hamas sich an die Vereinbarung h\u00e4lt und auch seine Leiche \u00fcbergibt<\/p>\n<p>Foto: bringthemhomenow.net<\/p>\n<p>Zwei Monate sp\u00e4ter erhielten sie die Todesbotschaft<\/p>\n<p>Doch die Hoffnungen der Familie zerschlugen sich. Zwei Monate nach Tals Entf\u00fchrung erhielt Ela einen Anruf von der israelischen Armee. Man teilte ihr mit, dass ihr Mann bereits am 7. Oktober get\u00f6tet worden war und Terroristen seine <a href=\"https:\/\/www.bild.de\/themen\/specials\/tod\/ratgeber-todesfall-trauer-nachrichten-25350234.bild.html\" class=\"text-link\" target=\"_blank\" rel=\"noopener\">Leiche<\/a> nach Gaza verschleppt hatten. Um seiner zu gedenken, veranstalteten die Familie und Freunde von Tal eine Beerdigung, bei der in den leeren Sarg nur sein Helm gelegt wurde.<\/p>\n<p>Mehr zum Thema<\/p>\n<p>\u201eEines meiner Kinder sagt mir deswegen bis heute, dass der Vater noch am Leben ist und eines Tages zur\u00fcckkommen w\u00fcrde\u201c, sagt Ela Chaimi. Sie brachte im Mai 2024 ihr viertes Kind, Sohn Lotan, auf die Welt. <\/p>\n<p>\u201eIch habe gehofft, dass nun die Leiche von Tal \u00fcbergeben wird, damit wir endlich abschlie\u00dfen k\u00f6nnen\u201c, sagt sie. Doch das zerm\u00fcrbende Warten auf den Abschied vom geliebten Mann und Familienvater hat noch kein Ende.<\/p>\n","protected":false},"excerpt":{"rendered":"Jerusalem \u2013 Als Tal Chaimi (41) von Hamas-Terroristen aus dem Kibbuz Yitzhak verschleppt und ermordet wurde, war seine&hellip;\n","protected":false},"author":2,"featured_media":504775,"comment_status":"","ping_status":"","sticky":false,"template":"","format":"standard","meta":{"footnotes":""},"categories":[3],"tags":[739,2547,410,13,411,14,19462,15,12,45,10,8,9,11,103,104],"class_list":{"0":"post-504774","1":"post","2":"type-post","3":"status-publish","4":"format-standard","5":"has-post-thumbnail","7":"category-welt","8":"tag-gaza","9":"tag-gaza-streifen","10":"tag-hamas","11":"tag-headlines","12":"tag-israel","13":"tag-nachrichten","14":"tag-nahost-konflikt","15":"tag-news","16":"tag-schlagzeilen","17":"tag-texttospeech","18":"tag-top-news","19":"tag-top-meldungen","20":"tag-topmeldungen","21":"tag-topnews","22":"tag-welt","23":"tag-world"},"share_on_mastodon":{"url":"https:\/\/pubeurope.com\/@de\/115387325875223078","error":""},"_links":{"self":[{"href":"https:\/\/www.europesays.com\/de\/wp-json\/wp\/v2\/posts\/504774","targetHints":{"allow":["GET"]}}],"collection":[{"href":"https:\/\/www.europesays.com\/de\/wp-json\/wp\/v2\/posts"}],"about":[{"href":"https:\/\/www.europesays.com\/de\/wp-json\/wp\/v2\/types\/post"}],"author":[{"embeddable":true,"href":"https:\/\/www.europesays.com\/de\/wp-json\/wp\/v2\/users\/2"}],"replies":[{"embeddable":true,"href":"https:\/\/www.europesays.com\/de\/wp-json\/wp\/v2\/comments?post=504774"}],"version-history":[{"count":0,"href":"https:\/\/www.europesays.com\/de\/wp-json\/wp\/v2\/posts\/504774\/revisions"}],"wp:featuredmedia":[{"embeddable":true,"href":"https:\/\/www.europesays.com\/de\/wp-json\/wp\/v2\/media\/504775"}],"wp:attachment":[{"href":"https:\/\/www.europesays.com\/de\/wp-json\/wp\/v2\/media?parent=504774"}],"wp:term":[{"taxonomy":"category","embeddable":true,"href":"https:\/\/www.europesays.com\/de\/wp-json\/wp\/v2\/categories?post=504774"},{"taxonomy":"post_tag","embeddable":true,"href":"https:\/\/www.europesays.com\/de\/wp-json\/wp\/v2\/tags?post=504774"}],"curies":[{"name":"wp","href":"https:\/\/api.w.org\/{rel}","templated":true}]}}