{"id":504778,"date":"2025-10-17T03:14:18","date_gmt":"2025-10-17T03:14:18","guid":{"rendered":"https:\/\/www.europesays.com\/de\/504778\/"},"modified":"2025-10-17T03:14:18","modified_gmt":"2025-10-17T03:14:18","slug":"euroleague-die-bayern-tun-sich-auch-in-istanbul-sehr-schwer","status":"publish","type":"post","link":"https:\/\/www.europesays.com\/de\/504778\/","title":{"rendered":"Euroleague: Die Bayern tun sich auch in Istanbul sehr schwer"},"content":{"rendered":"<p>            <img loading=\"lazy\" decoding=\"async\" class=\"ts-image\" src=\"https:\/\/www.europesays.com\/de\/wp-content\/uploads\/2025\/10\/fener-bayern-104.jpg\" alt=\"Wade Baldwin (l.) von Fenerbahce gegen Justinian Jessup (Bayern M\u00fcnchen)\" title=\"Wade Baldwin (l.) von Fenerbahce gegen Justinian Jessup (Bayern M\u00fcnchen) | MAGO\/Anadolu Agency\"\/><\/p>\n<p class=\"metatextline\">Stand: 16.10.2025 21:38 Uhr<\/p>\n<p class=\"textabsatz columns twelve  m-ten  m-offset-one l-eight l-offset-two\">\n        <strong>Die Basketballer des Bayern M\u00fcnchen haben zum Abschluss des Doppelspieltags in der Euroleague eine deutliche Niederlage bei Fenerbahce Istanbul bezogen. Die M\u00fcnchner verloren am Donnerstagabend mit 73:88 in der t\u00fcrkischen Hauptstadt und handelten sich die dritte Pleite im f\u00fcnften europ\u00e4ischen Auftritt ein. <\/strong>\n    <\/p>\n<p class=\"textabsatz m-ten m-offset-one l-eight l-offset-two columns twelve\">Damit schob sich der amtierende Champion in der Tabelle dank des nun deutlich besseren Korbverh\u00e4ltnisses vor die Bayern auf Platz 15, M\u00fcnchen rangiert nun auf dem drittletzten Platz (18.). Die T\u00fcrken hatten zuvor nur einen Sieg in vier Spielen geschafft und einen schwachen Start in die europ\u00e4ische Saison hingelegt.<\/p>\n<ul class=\"buttongroup buttongroup--copytext\">\n<li class=\"buttongroup__item\">\n<p>    <a class=\"btn btn--text btn--standard-secondary btn--fullwidth\" href=\"https:\/\/www.sportschau.de\/live-und-ergebnisse\/basketball\/euroleague-basketball\/tabelle\" target=\"_blank\" rel=\"noopener\"><br \/>\n        Euroleague, Tabelle<br \/>\n        Pfeil rechts<\/p>\n<p>    <\/a>\n<\/li>\n<\/ul>\n<p>    Beginn nur scheinbar gut<\/p>\n<p class=\"textabsatz m-ten m-offset-one l-eight l-offset-two columns twelve\">Die M\u00fcnchner starteten konzentriert in die Partie am Bosporus. Schnell f\u00fchrten die Deutschen mit 6:0, die Gastgeber taten sich sowohl in der Offense als auch in der Defense extrem schwer. Im ersten Viertel leistete sich Istanbul neun Turnovers.<\/p>\n<p class=\"textabsatz m-ten m-offset-one l-eight l-offset-two columns twelve\">Doch die G\u00e4ste spielten zu inkonstant, Fener fing sich und drehte den Spielstand zum 14:13. Zwei vergebene Freiw\u00fcrfe der M\u00fcnchner konterten die Bayern per Offensiv-Rebound und einem Dreier von Justinian Jessup, nach einem weiteren Drei-Punkte-Versuch von Niels Giffey endete das erste Viertel 20:14 f\u00fcr Bayern M\u00fcnchen.<\/p>\n<p>    Vermurkstes zweites Viertel<\/p>\n<p class=\"textabsatz m-ten m-offset-one l-eight l-offset-two columns twelve\">Istanbul lie\u00df sich durch den recht deutlichen R\u00fcckstand nicht aus der Fassung bringen. Das zweite Viertel ging klar mit 23:12 an das von dem Litauer Sarunas Jasikevicius betreute Fenerbahce, auch, weil Scottie Wilbekin und Tarik Biberovic unter Druck starke Distanzw\u00fcrfe zeigten.<\/p>\n<p class=\"textabsatz m-ten m-offset-one l-eight l-offset-two columns twelve\">Auch in der Pause konnte Head Coach Gordon Herbert seine Bayern nicht komplett neu ausrichten. Vor allem die Korbw\u00fcrfe waren nicht mehr erfolgreich &#8211; auch wenn die Wurfsituationen gut aussahen und der Weg zum Korb eigentlich frei war. Den dritten Durchgang gaben die M\u00fcnchner mit 14:25 ebenfalls deutlich ab, der Spielstand nach dem dritten Viertel lautete 46:62 aus Sicht der G\u00e4ste.<\/p>\n<p>    Fenerbahce bringt Partie locker zu Ende<\/p>\n<p class=\"textabsatz m-ten m-offset-one l-eight l-offset-two columns twelve\">Auch im vierten Viertel agierten die Deutschen auf verlorenem Posten. Istanbul schaltete einen Gang zur\u00fcck, die M\u00fcnchner holten sich das vierte Viertel (24:23), konnten aber am deutlichen Ausgang der Partie nichts mehr \u00e4ndern. Und die Hausherren schaukelten den Sieg in den sicheren Hafen.<\/p>\n","protected":false},"excerpt":{"rendered":"Stand: 16.10.2025 21:38 Uhr Die Basketballer des Bayern M\u00fcnchen haben zum Abschluss des Doppelspieltags in der Euroleague eine&hellip;\n","protected":false},"author":2,"featured_media":504779,"comment_status":"","ping_status":"","sticky":false,"template":"","format":"standard","meta":{"footnotes":""},"categories":[5],"tags":[2493,5842,13919,13,14,15,12,10,8,9,11],"class_list":{"0":"post-504778","1":"post","2":"type-post","3":"status-publish","4":"format-standard","5":"has-post-thumbnail","7":"category-nachrichten","8":"tag-basketball","9":"tag-euroleague","10":"tag-fc-bayern-basketball","11":"tag-headlines","12":"tag-nachrichten","13":"tag-news","14":"tag-schlagzeilen","15":"tag-top-news","16":"tag-top-meldungen","17":"tag-topmeldungen","18":"tag-topnews"},"share_on_mastodon":{"url":"https:\/\/pubeurope.com\/@de\/115387332350581349","error":""},"_links":{"self":[{"href":"https:\/\/www.europesays.com\/de\/wp-json\/wp\/v2\/posts\/504778","targetHints":{"allow":["GET"]}}],"collection":[{"href":"https:\/\/www.europesays.com\/de\/wp-json\/wp\/v2\/posts"}],"about":[{"href":"https:\/\/www.europesays.com\/de\/wp-json\/wp\/v2\/types\/post"}],"author":[{"embeddable":true,"href":"https:\/\/www.europesays.com\/de\/wp-json\/wp\/v2\/users\/2"}],"replies":[{"embeddable":true,"href":"https:\/\/www.europesays.com\/de\/wp-json\/wp\/v2\/comments?post=504778"}],"version-history":[{"count":0,"href":"https:\/\/www.europesays.com\/de\/wp-json\/wp\/v2\/posts\/504778\/revisions"}],"wp:featuredmedia":[{"embeddable":true,"href":"https:\/\/www.europesays.com\/de\/wp-json\/wp\/v2\/media\/504779"}],"wp:attachment":[{"href":"https:\/\/www.europesays.com\/de\/wp-json\/wp\/v2\/media?parent=504778"}],"wp:term":[{"taxonomy":"category","embeddable":true,"href":"https:\/\/www.europesays.com\/de\/wp-json\/wp\/v2\/categories?post=504778"},{"taxonomy":"post_tag","embeddable":true,"href":"https:\/\/www.europesays.com\/de\/wp-json\/wp\/v2\/tags?post=504778"}],"curies":[{"name":"wp","href":"https:\/\/api.w.org\/{rel}","templated":true}]}}