{"id":50478,"date":"2025-04-21T21:26:11","date_gmt":"2025-04-21T21:26:11","guid":{"rendered":"https:\/\/www.europesays.com\/de\/50478\/"},"modified":"2025-04-21T21:26:11","modified_gmt":"2025-04-21T21:26:11","slug":"trotz-tuev-fuenf-verletzte-bei-unfall-mit-kettenkarussell-2","status":"publish","type":"post","link":"https:\/\/www.europesays.com\/de\/50478\/","title":{"rendered":"Trotz T\u00dcV: F\u00fcnf Verletzte bei Unfall mit Kettenkarussell"},"content":{"rendered":"<p>Bayreuth (dpa) &#8211; Bei einem Unfall mit einem Kettenkarussell auf dem Bayreuther Fr\u00fchlingsfest sind laut Polizei f\u00fcnf Menschen verletzt worden. Drei von ihnen h\u00e4tten mittelschwere, zwei leichte Verletzungen erlitten, sagte ein Polizeisprecher. Unter den Betroffenen waren demnach vier Minderj\u00e4hrige und ein erwachsener Mensch. Zuvor hatte die Polizei von sechs Verletzten gesprochen.\u00a0<\/p>\n<p>Alle Verletzten h\u00e4tten das Fahrgesch\u00e4ft selbstst\u00e4ndig verlassen k\u00f6nnen, sagte der Betreiber des Karussells der Deutschen Presse-Agentur. \u00abIch kann momentan nichts sagen &#8211; au\u00dfer das er mir furchtbar leidtut f\u00fcr die Betroffenen.\u00bb Er wolle nun vor allem, \u00abdass alle m\u00f6glichst schnell wieder auf die Beine kommen\u00bb, sagte der Schausteller, der von drei Verletzten sprach.\u00a0<\/p>\n<p>Gondeln prallten beim Absenken gegen Stangen\u00a0<\/p>\n<p>Laut Polizei war das Fahrgesch\u00e4ft am fr\u00fchen Montagabend mit mehreren Menschen besetzt, als sich beim Absenken die Gondeln zu wenig verlangsamten. Durch den dadurch gr\u00f6\u00dferen Radius seien sie dann gegen mehrere umliegende Stangen von Lampen und Werbeaufstellern geprallt, schilderte ein Polizeisprecher.\u00a0<\/p>\n<p>Vermutet werde ein technischer Defekt, der ersten Erkenntnissen zufolge daf\u00fcr sorgte, dass das Karussell die Geschwindigkeit nicht ausreichend verlangsamte. Ein von der Polizei bestellter Gutachter werde das Fahrgesch\u00e4ft untersuchen, sagte der Polizeisprecher.\u00a0<\/p>\n<p>Schausteller: Karussell hatte ganz frischen T\u00dcV\u00a0<\/p>\n<p>Das Kettenkarussell, das sich bei voller Fahrt auf eine H\u00f6he von 30 Metern dreht, sei gerade vor dem Volksfest erst \u00fcberpr\u00fcft worden, berichtete der Schausteller weiter. \u00abIch habe ganz frischen T\u00dcV bekommen.\u00bb Just vor dem Start des Fr\u00fchlingsfestes habe es die j\u00e4hrliche Abnahme des Karussells stattgefunden, es sei danach der erste Einsatz gewesen.<\/p>\n<p>\u00abWir wollen wissen, woran es gelegen hat\u00bb, sagte er. \u00abWir werden alles in Bewegung setzen und alles daf\u00fcr tun, um den Vorfall aufzukl\u00e4ren &#8211; um wirklich ordnungsgem\u00e4\u00df Rede und Antwort zu stehen.\u00bb Zun\u00e4chst aber wolle er nicht spekulieren.<\/p>\n<p>Rotes Kreuz richtet Betreuungsstelle ein<\/p>\n<p>Etliche Rettungskr\u00e4fte seien an dem Unfallort am Volksfestplatz gewesen, hie\u00df es weiter. Das Fr\u00fchlingsfest lief nach dem Ungl\u00fcck weiter. Lediglich der Bereich rund um das Kettenkarussell war abgesperrt.\u00a0<\/p>\n<p>Das Rote Kreuz richtete eine Betreuungsstelle f\u00fcr m\u00f6gliche weitere Verletzte ein. Zeugen werden gebeten, sich bei der Polizei zu melden. Voraussichtlich noch Abend werde ein Upload-Portal f\u00fcr m\u00f6gliche Bildaufnahmen frei geschaltet, sagte der Polizeisprecher.\u00a0<\/p>\n<p>Engmaschige Kontrollen und Sicherheitschecks\u00a0<\/p>\n<p>Fahrgesch\u00e4fte werden in der Regel vor dem Start von Volksfesten einer genauen Untersuchung durch externe Experten unterzogen.\u00a0<\/p>\n<p>\u00abWir haben in Deutschland mit die h\u00f6chsten Sicherheitsstandards f\u00fcr Fahrgesch\u00e4fte weltweit\u00bb, sagte der Pr\u00e4sident des Deutschen Schaustellerbundes, Albert Ritter. \u00abBei uns ist die \u00dcberwachung der Fliegenden Bauten eine staatliche Aufgabe. Wir wollen\u00a0auch, dass das staatlich bleibt, um eine neutrale Kontrollinstanz zu haben.\u00bb<\/p>\n<p>Regelm\u00e4\u00dfig gibt es den Schaustellern zufolge eine ganze Reihe von \u00dcberpr\u00fcfungen nach festen Regeln und Zeitvorgaben. Bei technisch schwierigen Bauten etwa erl\u00f6sche die Betriebserlaubnis jedes Jahr und m\u00fcsse neu erteilt werden, sagte Ritter. Zudem wird jeweils vor dem Start eines Volksfestes eine Gebrauchsabnahme durchgef\u00fchrt, in der Regel durch das \u00f6rtliche Baureferat, auf dem Oktoberfest durch den T\u00dcV.<\/p>\n<p>Sprecherin der Wiesn-Schausteller: L\u00e4sst einen nicht kalt<\/p>\n<p>Dennoch kommt es gelegentlich zu Unf\u00e4llen, die allerdings oft glimpflich endeten. Auf dem Oktoberfest 2023 waren einige Menschen beim Zusammensto\u00df zweier Achterbahn-Waggons leicht verletzt worden. Die Betroffenen wurden ambulant versorgt. In der Familien-Achterbahn war ein Waggon bei geringem Tempo auf einen anderen gerollt.<\/p>\n<p>\u00abAuch wenn Unf\u00e4lle glimpflich ausgehen, ist das etwas, was einen nicht kalt l\u00e4sst\u00bb, sagte die Sprecherin der Wiesn-Schausteller, Yvonne Heckl, am Abend angesichts des Unfalls in Bayreuth.<\/p>\n<p>Einen t\u00f6dlichen Unfall gab es im August 2022 in Cochem in Rheinland-Pfalz, allerdings nicht auf einem Volksfest, sondern im Freizeitpark Klotten. Dort starb eine 57-J\u00e4hrige beim Sturz aus einer fahrenden Achterbahn. Einem T\u00dcV-Gutachten zufolge war die Achterbahn zum Zeitpunkt des Ungl\u00fccks sicherheitstechnisch in Ordnung.<\/p>\n","protected":false},"excerpt":{"rendered":"Bayreuth (dpa) &#8211; Bei einem Unfall mit einem Kettenkarussell auf dem Bayreuther Fr\u00fchlingsfest sind laut Polizei f\u00fcnf Menschen&hellip;\n","protected":false},"author":2,"featured_media":50479,"comment_status":"","ping_status":"","sticky":false,"template":"","format":"standard","meta":{"footnotes":""},"categories":[1840],"tags":[772,3364,29,30,1209,4338,4157,4418],"class_list":{"0":"post-50478","1":"post","2":"type-post","3":"status-publish","4":"format-standard","5":"has-post-thumbnail","7":"category-wuppertal","8":"tag-bayern","9":"tag-de","10":"tag-deutschland","11":"tag-germany","12":"tag-nordrhein-westfalen","13":"tag-notfall","14":"tag-oberfranken","15":"tag-wuppertal"},"share_on_mastodon":{"url":"https:\/\/pubeurope.com\/@de\/114378072621339236","error":""},"_links":{"self":[{"href":"https:\/\/www.europesays.com\/de\/wp-json\/wp\/v2\/posts\/50478","targetHints":{"allow":["GET"]}}],"collection":[{"href":"https:\/\/www.europesays.com\/de\/wp-json\/wp\/v2\/posts"}],"about":[{"href":"https:\/\/www.europesays.com\/de\/wp-json\/wp\/v2\/types\/post"}],"author":[{"embeddable":true,"href":"https:\/\/www.europesays.com\/de\/wp-json\/wp\/v2\/users\/2"}],"replies":[{"embeddable":true,"href":"https:\/\/www.europesays.com\/de\/wp-json\/wp\/v2\/comments?post=50478"}],"version-history":[{"count":0,"href":"https:\/\/www.europesays.com\/de\/wp-json\/wp\/v2\/posts\/50478\/revisions"}],"wp:featuredmedia":[{"embeddable":true,"href":"https:\/\/www.europesays.com\/de\/wp-json\/wp\/v2\/media\/50479"}],"wp:attachment":[{"href":"https:\/\/www.europesays.com\/de\/wp-json\/wp\/v2\/media?parent=50478"}],"wp:term":[{"taxonomy":"category","embeddable":true,"href":"https:\/\/www.europesays.com\/de\/wp-json\/wp\/v2\/categories?post=50478"},{"taxonomy":"post_tag","embeddable":true,"href":"https:\/\/www.europesays.com\/de\/wp-json\/wp\/v2\/tags?post=50478"}],"curies":[{"name":"wp","href":"https:\/\/api.w.org\/{rel}","templated":true}]}}