{"id":504782,"date":"2025-10-17T03:17:12","date_gmt":"2025-10-17T03:17:12","guid":{"rendered":"https:\/\/www.europesays.com\/de\/504782\/"},"modified":"2025-10-17T03:17:12","modified_gmt":"2025-10-17T03:17:12","slug":"schienenersatzverkehr-kiel-ploen-busunternehmer-sauer-ueberhaupt-nicht-machbar","status":"publish","type":"post","link":"https:\/\/www.europesays.com\/de\/504782\/","title":{"rendered":"Schienenersatzverkehr Kiel\u2013Pl\u00f6n, Busunternehmer sauer: \u201e\u00dcberhaupt nicht machbar\u201c"},"content":{"rendered":"<p class=\"Textstyled__Text-sc-1cqv9mi-0 cLyiiX\">Kiel\/Pl\u00f6n. Der Schienenersatzverkehr auf der Strecke der Erixx-Linien RE83 und RB 84 hat in den vergangenen Wochen viele Pendler frustriert. Dieser Frust traf auch die Busunternehmen, die die Fahrten \u00fcbernahmen. Phillip Hinz betreibt mit Balticshuttle eines von ihnen und \u00e4u\u00dfert sich zur Kritik am Ablauf des Ersatzverkehrs. <\/p>\n<p>Weiterlesen nach der Anzeige<\/p>\n<p>Weiterlesen nach der Anzeige<\/p>\n<p class=\"Textstyled__Text-sc-1cqv9mi-0 cLyiiX\">Ein reibungsloser Schienenersatzverkehr: Das gehe nur, wenn die Stra\u00dfen leer seien, sagt Hinz. \u201eWir bewegen uns auf der Stra\u00dfe, nicht auf der Luft oder der Schiene. Es ist nicht m\u00f6glich, einen hundertprozentigen Ablauf zu gew\u00e4hrleisten.\u201c<\/p>\n<p>SEV zwischen Kiel und Pl\u00f6n: Viel Verkehr<\/p>\n<p class=\"Textstyled__Text-sc-1cqv9mi-0 cLyiiX\">Die Fahrgastkapazit\u00e4ten seien untersch\u00e4tzt worden. 35 Klassenfahrten habe Balticshuttle w\u00e4hrend des Ersatzverkehrs transportieren m\u00fcssen. Nur eine davon sei angemeldet gewesen, worauf sein Unternehmen mit einem weiteren Bus zur Verst\u00e4rkung reagieren konnte. Generell sei das <a href=\"https:\/\/www.kn-online.de\/themen\/verkehr\/\" target=\"_self\" rel=\"nofollow noopener\" title=\"https:\/\/www.kn-online.de\/themen\/verkehr\/\" data-vars-event-category=\"intext_link\" data-vars-event-action=\"click\" data-vars-event-label=\"https:\/\/www.kn-online.de\/themen\/verkehr\/\">Verkehrsaufkommen<\/a> auf der Strecke zwischen Kiel und Pl\u00f6n w\u00e4hrend der Zugausf\u00e4lle \u00fcberdurchschnittlich hoch gewesen.<\/p>\n<p>Weiterlesen nach der Anzeige<\/p>\n<p>Weiterlesen nach der Anzeige<\/p>\n<p class=\"Textstyled__Text-sc-1cqv9mi-0 cLyiiX\">Zahlreiche Sondersituationen h\u00e4tten die Lage zus\u00e4tzlich erschwert, wodurch noch mehr Fahrg\u00e4ste bef\u00f6rdert werden mussten: die Heimspiele von Holstein Kiel und THW Kiel sowie der verkaufsoffene Sonntag, alles am Wochenende vom 4. und 5. Oktober. <\/p>\n<p>Probleme an den Ersatz-Haltestellen<\/p>\n<p class=\"Textstyled__Text-sc-1cqv9mi-0 cLyiiX\">Hinzu kamen laut Hinz Unf\u00e4lle und eine Vollsperrung der <a href=\"https:\/\/www.kn-online.de\/themen\/b76\/\" target=\"_self\" rel=\"nofollow noopener\" title=\"https:\/\/www.kn-online.de\/themen\/b76\/\" data-vars-event-category=\"intext_link\" data-vars-event-action=\"click\" data-vars-event-label=\"https:\/\/www.kn-online.de\/themen\/b76\/\">B76<\/a> am 6. Oktober. Eine Umleitung in Raisdorf aufgrund einer Baustelle habe alleine schon einen Zeitverlust von 10 bis 15 Minuten verursacht. Zuverl\u00e4ssiger Ersatzverkehr sei unter solchen Bedingungen \u201e\u00fcberhaupt nicht machbar\u201c. <\/p>\n<p class=\"Textstyled__Text-sc-1cqv9mi-0 cLyiiX\">Zur Beschriftung an den Bussen, die viele <a href=\"https:\/\/www.kn-online.de\/themen\/pendler\/\" target=\"_self\" rel=\"nofollow noopener\" title=\"https:\/\/www.kn-online.de\/themen\/pendler\/\" data-vars-event-category=\"intext_link\" data-vars-event-action=\"click\" data-vars-event-label=\"https:\/\/www.kn-online.de\/themen\/pendler\/\">Pendler<\/a> als verwirrend empfanden, sagt Hinz: Der Andrang an Fahrg\u00e4sten sei an den Endhaltestellen so gro\u00df gewesen, dass die Fahrer nicht an die Schilder gekommen seien, um diese umzudrehen. <\/p>\n<p class=\"Textstyled__Text-sc-1cqv9mi-0 cLyiiX\">Hinz kritisiert au\u00dferdem die Infrastruktur, mit der er und seine Busfahrer arbeiten mussten: Die Haltestelle an der Kaistra\u00dfe in <a href=\"https:\/\/www.kn-online.de\/lokales\/kiel\/\" target=\"_self\" rel=\"nofollow noopener\" title=\"https:\/\/www.kn-online.de\/lokales\/kiel\/\" data-vars-event-category=\"intext_link\" data-vars-event-action=\"click\" data-vars-event-label=\"https:\/\/www.kn-online.de\/lokales\/kiel\/\">Kiel<\/a> sei zum Teil nicht anfahrbar gewesen, da diese auch von anderen Ersatzbussen sowie den Kreuzfahrtshuttles genutzt worden sei. Hinz schl\u00e4gt vor, zuk\u00fcnftig f\u00fcr \u00e4hnliche Situationen die alte Kielius-Haltestelle zu reaktivieren. Auch an der Haltestellen in <a href=\"https:\/\/www.kn-online.de\/themen\/ploen-stadt\/\" target=\"_self\" rel=\"nofollow noopener\" title=\"https:\/\/www.kn-online.de\/themen\/ploen-stadt\/\" data-vars-event-category=\"intext_link\" data-vars-event-action=\"click\" data-vars-event-label=\"https:\/\/www.kn-online.de\/themen\/ploen-stadt\/\">Pl\u00f6n<\/a> sei es zu Platzproblemen mit dem VKP-Linienverkehr sowie mit Autos gekommen, die das ausgeschilderte Parkverbot missachtet h\u00e4tten. <\/p>\n<p>Beschimpfungen und Handgreiflichkeiten gegen Busfahrer<\/p>\n<p class=\"Textstyled__Text-sc-1cqv9mi-0 cLyiiX\">Die Busfahrer seien dar\u00fcber hinaus von Passagieren beschimpft worden. Sogar zu Handgreiflichkeiten sei es gekommen, bei denen schlie\u00dflich die Polizei habe eingreifen m\u00fcssen. <\/p>\n<p>Weiterlesen nach der Anzeige<\/p>\n<p>Weiterlesen nach der Anzeige<\/p>\n<p class=\"Textstyled__Text-sc-1cqv9mi-0 cLyiiX\">Sein Unternehmen sei jeden Tag mit bis zu 13 Bussen im Einsatz gewesen. \u201eAber da k\u00f6nnen Sie mit 20 Bussen fahren, Sie schaffen es trotzdem nicht.\u201c Hinz w\u00fcnscht sich vor dem n\u00e4chsten Schienenersatzverkehr Gespr\u00e4che mit Nah.SH und Erixx, um die Planung zu verbessern. <\/p>\n<p class=\"Textstyled__Text-sc-1cqv9mi-0 cLyiiX\">Hinz sagt aber auch: Eine Umfrage seines Busunternehmens habe ergeben, dass 80 Prozent der Fahrg\u00e4ste zufrieden mit dem Ersatzverkehr gewesen seien. <\/p>\n<p class=\"Textstyled__Text-sc-1cqv9mi-0 cLyiiX\">Auf eine Anfrage in der vergangenen Woche reagierte <a href=\"https:\/\/www.kn-online.de\/themen\/erixx\/\" target=\"_self\" rel=\"nofollow noopener\" title=\"https:\/\/www.kn-online.de\/themen\/erixx\/\" data-vars-event-category=\"intext_link\" data-vars-event-action=\"click\" data-vars-event-label=\"https:\/\/www.kn-online.de\/themen\/erixx\/\">Erixx<\/a> nicht. Die Pressestelle von Nah.SH teilte mit, dass Erixx f\u00fcr die Umsetzung des Verkehrsvertrags zwischen Nah.SH und Erixx zust\u00e4ndig ist. <\/p>\n<p class=\"Textstyled__Text-sc-1cqv9mi-0 cLyiiX\">Zu den Anforderungen geh\u00f6re unter anderem, dass ausreichend Busse eingesetzt w\u00fcrden, diese sauber, schadensfrei und korrekt beschildert seien, es Ausk\u00fcnfte zu Ausf\u00e4llen gebe sowie die Fahrgastinformation \u00fcber Echtzeitdaten verf\u00fcge. Weiter hei\u00dft es: \u201eAus Sicht der Nah.SH wurden die Anforderungen an einen fahrgastfreundlichen und zuverl\u00e4ssigen Schienenersatzverkehr \u00fcber einen langen Zeitraum der Bauma\u00dfnahme nicht erf\u00fcllt.\u201c<\/p>\n<p class=\"Editorialstyled__Editorial-sc-1bfvh9l-0 cSmjnJ\">KN<\/p>\n","protected":false},"excerpt":{"rendered":"Kiel\/Pl\u00f6n. Der Schienenersatzverkehr auf der Strecke der Erixx-Linien RE83 und RB 84 hat in den vergangenen Wochen viele&hellip;\n","protected":false},"author":2,"featured_media":504783,"comment_status":"","ping_status":"","sticky":false,"template":"","format":"standard","meta":{"footnotes":""},"categories":[1852],"tags":[3364,29,548,663,3934,30,13,4949,14,15,12,1971],"class_list":{"0":"post-504782","1":"post","2":"type-post","3":"status-publish","4":"format-standard","5":"has-post-thumbnail","7":"category-kiel","8":"tag-de","9":"tag-deutschland","10":"tag-eu","11":"tag-europa","12":"tag-europe","13":"tag-germany","14":"tag-headlines","15":"tag-kiel","16":"tag-nachrichten","17":"tag-news","18":"tag-schlagzeilen","19":"tag-schleswig-holstein"},"share_on_mastodon":{"url":"https:\/\/pubeurope.com\/@de\/115387344072700597","error":""},"_links":{"self":[{"href":"https:\/\/www.europesays.com\/de\/wp-json\/wp\/v2\/posts\/504782","targetHints":{"allow":["GET"]}}],"collection":[{"href":"https:\/\/www.europesays.com\/de\/wp-json\/wp\/v2\/posts"}],"about":[{"href":"https:\/\/www.europesays.com\/de\/wp-json\/wp\/v2\/types\/post"}],"author":[{"embeddable":true,"href":"https:\/\/www.europesays.com\/de\/wp-json\/wp\/v2\/users\/2"}],"replies":[{"embeddable":true,"href":"https:\/\/www.europesays.com\/de\/wp-json\/wp\/v2\/comments?post=504782"}],"version-history":[{"count":0,"href":"https:\/\/www.europesays.com\/de\/wp-json\/wp\/v2\/posts\/504782\/revisions"}],"wp:featuredmedia":[{"embeddable":true,"href":"https:\/\/www.europesays.com\/de\/wp-json\/wp\/v2\/media\/504783"}],"wp:attachment":[{"href":"https:\/\/www.europesays.com\/de\/wp-json\/wp\/v2\/media?parent=504782"}],"wp:term":[{"taxonomy":"category","embeddable":true,"href":"https:\/\/www.europesays.com\/de\/wp-json\/wp\/v2\/categories?post=504782"},{"taxonomy":"post_tag","embeddable":true,"href":"https:\/\/www.europesays.com\/de\/wp-json\/wp\/v2\/tags?post=504782"}],"curies":[{"name":"wp","href":"https:\/\/api.w.org\/{rel}","templated":true}]}}