{"id":504786,"date":"2025-10-17T03:19:11","date_gmt":"2025-10-17T03:19:11","guid":{"rendered":"https:\/\/www.europesays.com\/de\/504786\/"},"modified":"2025-10-17T03:19:11","modified_gmt":"2025-10-17T03:19:11","slug":"landgericht-verurteilt-mann-der-seine-freundin-brutal-verletzt-hat","status":"publish","type":"post","link":"https:\/\/www.europesays.com\/de\/504786\/","title":{"rendered":"Landgericht verurteilt Mann, der seine Freundin brutal verletzt hat"},"content":{"rendered":"<p>    &#13;<\/p>\n<p>&#13;<br \/>\n        Geschlagen und getreten &#13;\n      <\/p>\n<p>&#13;<br \/>\n      &#13;<\/p>\n<p>      &#13;<br \/>\n        <img decoding=\"async\"   src=\"https:\/\/www.europesays.com\/de\/wp-content\/uploads\/2025\/10\/Die-neunte-Strafkammer-des-Landgerichts-Braunschweig-1156259.jpg\" title=\"Landgericht verurteilt Mann, der seine Freundin brutal verletzt hat\" alt=\"Die neunte Strafkammer des Landgerichts Braunschweig spricht das Urteil gegen den 37-j\u00e4hrigen Braunlager, der seine Lebensgef\u00e4hrtin verpr\u00fcgelt, getreten und dabei gefilmt hat.\" class=\"img-responsive\"\/>&#13;<br \/>\n        &#13;<\/p>\n<p>Die neunte Strafkammer des Landgerichts Braunschweig spricht das Urteil gegen den 37-j\u00e4hrigen Braunlager, der seine Lebensgef\u00e4hrtin verpr\u00fcgelt, getreten und dabei gefilmt hat. &#13;<br \/>\n\t\t\t\t\t\t\t\tFoto: Klengel<\/p>\n<p>&#13;<br \/>\n        &#13;<\/p>\n<p class=\"intro\">Brutal schlug und trat er seine Freundin, filmte die Tat sogar. Jetzt wurde der 37-J\u00e4hrige aus Braunlage von der neunten Strafkammer des Landgerichts Braunschweig f\u00fcr diese Taten mit haarfeinem Abstand zum versuchten Totschlag verurteilt. <\/p>\n","protected":false},"excerpt":{"rendered":"&#13; &#13; Geschlagen und getreten &#13; &#13; &#13; &#13; &#13; &#13; Die neunte Strafkammer des Landgerichts Braunschweig spricht&hellip;\n","protected":false},"author":2,"featured_media":504787,"comment_status":"","ping_status":"","sticky":false,"template":"","format":"standard","meta":{"footnotes":""},"categories":[1850],"tags":[24787,6429,3364,29,548,663,3934,24075,1404,30,13,37817,14,15,1411,1269,12,8],"class_list":{"0":"post-504786","1":"post","2":"type-post","3":"status-publish","4":"format-standard","5":"has-post-thumbnail","7":"category-braunschweig","8":"tag-braunlage","9":"tag-braunschweig","10":"tag-de","11":"tag-deutschland","12":"tag-eu","13":"tag-europa","14":"tag-europe","15":"tag-gefhrliche-krperverletzung","16":"tag-gerichtsurteil","17":"tag-germany","18":"tag-headlines","19":"tag-landgericht-braunschweig","20":"tag-nachrichten","21":"tag-news","22":"tag-niedersachsen","23":"tag-prozess","24":"tag-schlagzeilen","25":"tag-top-meldungen"},"share_on_mastodon":{"url":"https:\/\/pubeurope.com\/@de\/115387352063315897","error":""},"_links":{"self":[{"href":"https:\/\/www.europesays.com\/de\/wp-json\/wp\/v2\/posts\/504786","targetHints":{"allow":["GET"]}}],"collection":[{"href":"https:\/\/www.europesays.com\/de\/wp-json\/wp\/v2\/posts"}],"about":[{"href":"https:\/\/www.europesays.com\/de\/wp-json\/wp\/v2\/types\/post"}],"author":[{"embeddable":true,"href":"https:\/\/www.europesays.com\/de\/wp-json\/wp\/v2\/users\/2"}],"replies":[{"embeddable":true,"href":"https:\/\/www.europesays.com\/de\/wp-json\/wp\/v2\/comments?post=504786"}],"version-history":[{"count":0,"href":"https:\/\/www.europesays.com\/de\/wp-json\/wp\/v2\/posts\/504786\/revisions"}],"wp:featuredmedia":[{"embeddable":true,"href":"https:\/\/www.europesays.com\/de\/wp-json\/wp\/v2\/media\/504787"}],"wp:attachment":[{"href":"https:\/\/www.europesays.com\/de\/wp-json\/wp\/v2\/media?parent=504786"}],"wp:term":[{"taxonomy":"category","embeddable":true,"href":"https:\/\/www.europesays.com\/de\/wp-json\/wp\/v2\/categories?post=504786"},{"taxonomy":"post_tag","embeddable":true,"href":"https:\/\/www.europesays.com\/de\/wp-json\/wp\/v2\/tags?post=504786"}],"curies":[{"name":"wp","href":"https:\/\/api.w.org\/{rel}","templated":true}]}}