{"id":504788,"date":"2025-10-17T03:20:41","date_gmt":"2025-10-17T03:20:41","guid":{"rendered":"https:\/\/www.europesays.com\/de\/504788\/"},"modified":"2025-10-17T03:20:41","modified_gmt":"2025-10-17T03:20:41","slug":"moenchengladbach-prozess-um-kopfschuss-am-bahnhof-haftstrafe-fuer-angreifer-panorama","status":"publish","type":"post","link":"https:\/\/www.europesays.com\/de\/504788\/","title":{"rendered":"M\u00f6nchengladbach &#8211; Prozess um Kopfschuss am Bahnhof &#8211; Haftstrafe f\u00fcr Angreifer &#8211; Panorama"},"content":{"rendered":"<p data-manual=\"paragraph\" data-schema-org-speakable=\"true\" class=\"css-1eosz7k\">M\u00f6nchengladbach (dpa\/lnw) &#8211; Fast acht Monate nach einem Kopfschuss am Bahnhof in Erkelenz ist ein 44-J\u00e4hriger zu einer Freiheitsstrafe von neun Jahren und drei Monaten verurteilt worden. Das Landgericht M\u00f6nchengladbach verurteilte den Mann wegen versuchten Mordes und schwerer K\u00f6rperverletzung, wie ein Gerichtssprecher auf Anfrage mitteilte. Auch die \u201eRheinische Post\u201c berichtete \u00fcber den Urteilsspruch am f\u00fcnften Verhandlungstag.\u00a0<\/p>\n<p data-manual=\"paragraph\" data-schema-org-speakable=\"true\" class=\"css-1eosz7k\">Der wegen des Revolverschusses aus n\u00e4chster N\u00e4he angeklagte 44-J\u00e4hrige hatte in dem Strafverfahren eine Notwehr-Situation angegeben. Das Gericht folgte dieser Argumentation dem Sprecher zufolge aber nicht. Das Opfer hatte die Tat Ende Februar schwer verletzt \u00fcberlebt. Der Mann ist seitdem nach Angaben seines Anwalts halbseitig gel\u00e4hmt und schwerbehindert.<\/p>\n<p data-manual=\"paragraph\" data-schema-org-speakable=\"true\" class=\"css-1eosz7k\">Mitangeklagt war die fr\u00fchere Partnerin des Opfers, die im Verdacht stand, zu der Tat angestiftet zu haben. Das Verfahren gegen die 39-J\u00e4hrige wurde dem RP-Bericht zufolge eingestellt.<\/p>\n<p data-manual=\"paragraph\" data-schema-org-speakable=\"true\" class=\"css-1eosz7k\">\u00a9 dpa-infocom, dpa:251016-930-171609\/1<\/p>\n","protected":false},"excerpt":{"rendered":"M\u00f6nchengladbach (dpa\/lnw) &#8211; Fast acht Monate nach einem Kopfschuss am Bahnhof in Erkelenz ist ein 44-J\u00e4hriger zu einer&hellip;\n","protected":false},"author":2,"featured_media":504789,"comment_status":"","ping_status":"","sticky":false,"template":"","format":"standard","meta":{"footnotes":""},"categories":[1849],"tags":[3364,29,548,663,3934,13690,30,13,1584,4455,14,15,1209,1974,2283,12,149],"class_list":{"0":"post-504788","1":"post","2":"type-post","3":"status-publish","4":"format-standard","5":"has-post-thumbnail","7":"category-moenchengladbach","8":"tag-de","9":"tag-deutschland","10":"tag-eu","11":"tag-europa","12":"tag-europe","13":"tag-gerichtsprozesse","14":"tag-germany","15":"tag-headlines","16":"tag-kriminalitaet","17":"tag-moenchengladbach","18":"tag-nachrichten","19":"tag-news","20":"tag-nordrhein-westfalen","21":"tag-panorama","22":"tag-prozess-gericht","23":"tag-schlagzeilen","24":"tag-sueddeutsche-zeitung"},"share_on_mastodon":{"url":"https:\/\/pubeurope.com\/@de\/115387356026010561","error":""},"_links":{"self":[{"href":"https:\/\/www.europesays.com\/de\/wp-json\/wp\/v2\/posts\/504788","targetHints":{"allow":["GET"]}}],"collection":[{"href":"https:\/\/www.europesays.com\/de\/wp-json\/wp\/v2\/posts"}],"about":[{"href":"https:\/\/www.europesays.com\/de\/wp-json\/wp\/v2\/types\/post"}],"author":[{"embeddable":true,"href":"https:\/\/www.europesays.com\/de\/wp-json\/wp\/v2\/users\/2"}],"replies":[{"embeddable":true,"href":"https:\/\/www.europesays.com\/de\/wp-json\/wp\/v2\/comments?post=504788"}],"version-history":[{"count":0,"href":"https:\/\/www.europesays.com\/de\/wp-json\/wp\/v2\/posts\/504788\/revisions"}],"wp:featuredmedia":[{"embeddable":true,"href":"https:\/\/www.europesays.com\/de\/wp-json\/wp\/v2\/media\/504789"}],"wp:attachment":[{"href":"https:\/\/www.europesays.com\/de\/wp-json\/wp\/v2\/media?parent=504788"}],"wp:term":[{"taxonomy":"category","embeddable":true,"href":"https:\/\/www.europesays.com\/de\/wp-json\/wp\/v2\/categories?post=504788"},{"taxonomy":"post_tag","embeddable":true,"href":"https:\/\/www.europesays.com\/de\/wp-json\/wp\/v2\/tags?post=504788"}],"curies":[{"name":"wp","href":"https:\/\/api.w.org\/{rel}","templated":true}]}}