{"id":504798,"date":"2025-10-17T03:25:14","date_gmt":"2025-10-17T03:25:14","guid":{"rendered":"https:\/\/www.europesays.com\/de\/504798\/"},"modified":"2025-10-17T03:25:14","modified_gmt":"2025-10-17T03:25:14","slug":"ehemalige-klinik-am-himmelsberg-rechtsstreit-blockiert-einzug-zweibruecken","status":"publish","type":"post","link":"https:\/\/www.europesays.com\/de\/504798\/","title":{"rendered":"Ehemalige Klinik am Himmelsberg: Rechtsstreit blockiert Einzug &#8211; Zweibr\u00fccken"},"content":{"rendered":"<p><b>Der Verkauf des ehemaligen Evangelischen Krankenhauses h\u00e4ngt noch immer in der Schwebe: Beschwerden und Rechtsmittel verz\u00f6gern den Einzug der K\u00e4uferfirma Ralemco.<\/b><\/p>\n<p>Schon Anfang M\u00e4rz ist das ehemalige Evangelische Krankenhaus versteigert worden.<a href=\"https:\/\/www.rheinpfalz.de\/lokal\/zweibruecken_artikel,-das-ist-der-k%C3%A4ufer-des-ehemaligen-evangelischen-krankenhauses-_arid,5752468.html\" target=\"_blank\" class=\"external-link-new-window\" title=\"\" rel=\"noopener\"> Den Zuschlag erhielt die Firma Ralemco Germany GmbH.<\/a> Das Immobilienunternehmen hat  seinen Sitz schon an die Adresse der ehemaligen Klinik auf dem Himmelsberg verlegt, aber einziehen konnte es dort immer noch nicht.<\/p>\n<p class=\"\">Bitte loggen Sie sich ein um den Artikel im Klartext zu sehen.<\/p>\n<p class=\"\">laeRomc hatet nde Zghsucla  dsa beGto nov 0.00511 Eour .ertlhena Die cerheBedws edr ovpniartrseP beha sda nadchtLregi  da esi nhcit dtehcbrrewesbceehgit sei,  se in der Mtuilgtnie im eormS.m iDe repoPitnasvr eis kenie lteigiBet,e ad sei ehri etetbuehpa gdourernF nithc siwkrma altgdemene bhe.a Ahuc edi nrnrFdo<\/p>\n","protected":false},"excerpt":{"rendered":"Der Verkauf des ehemaligen Evangelischen Krankenhauses h\u00e4ngt noch immer in der Schwebe: Beschwerden und Rechtsmittel verz\u00f6gern den Einzug&hellip;\n","protected":false},"author":2,"featured_media":504799,"comment_status":"","ping_status":"","sticky":false,"template":"","format":"standard","meta":{"footnotes":""},"categories":[1844],"tags":[1634,6644,3364,29,30,8903,4060,126090,5130],"class_list":{"0":"post-504798","1":"post","2":"type-post","3":"status-publish","4":"format-standard","5":"has-post-thumbnail","7":"category-karlsruhe","8":"tag-baden-wuerttemberg","9":"tag-bundesgerichtshof","10":"tag-de","11":"tag-deutschland","12":"tag-germany","13":"tag-karlsruhe","14":"tag-lokal","15":"tag-ralemco","16":"tag-zweibruecken"},"share_on_mastodon":{"url":"https:\/\/pubeurope.com\/@de\/115387375567811817","error":""},"_links":{"self":[{"href":"https:\/\/www.europesays.com\/de\/wp-json\/wp\/v2\/posts\/504798","targetHints":{"allow":["GET"]}}],"collection":[{"href":"https:\/\/www.europesays.com\/de\/wp-json\/wp\/v2\/posts"}],"about":[{"href":"https:\/\/www.europesays.com\/de\/wp-json\/wp\/v2\/types\/post"}],"author":[{"embeddable":true,"href":"https:\/\/www.europesays.com\/de\/wp-json\/wp\/v2\/users\/2"}],"replies":[{"embeddable":true,"href":"https:\/\/www.europesays.com\/de\/wp-json\/wp\/v2\/comments?post=504798"}],"version-history":[{"count":0,"href":"https:\/\/www.europesays.com\/de\/wp-json\/wp\/v2\/posts\/504798\/revisions"}],"wp:featuredmedia":[{"embeddable":true,"href":"https:\/\/www.europesays.com\/de\/wp-json\/wp\/v2\/media\/504799"}],"wp:attachment":[{"href":"https:\/\/www.europesays.com\/de\/wp-json\/wp\/v2\/media?parent=504798"}],"wp:term":[{"taxonomy":"category","embeddable":true,"href":"https:\/\/www.europesays.com\/de\/wp-json\/wp\/v2\/categories?post=504798"},{"taxonomy":"post_tag","embeddable":true,"href":"https:\/\/www.europesays.com\/de\/wp-json\/wp\/v2\/tags?post=504798"}],"curies":[{"name":"wp","href":"https:\/\/api.w.org\/{rel}","templated":true}]}}