{"id":504806,"date":"2025-10-17T03:30:15","date_gmt":"2025-10-17T03:30:15","guid":{"rendered":"https:\/\/www.europesays.com\/de\/504806\/"},"modified":"2025-10-17T03:30:15","modified_gmt":"2025-10-17T03:30:15","slug":"andoya-marine-trainiert-in-norwegen-fuer-den-ernstfall","status":"publish","type":"post","link":"https:\/\/www.europesays.com\/de\/504806\/","title":{"rendered":"And\u00f8ya | Marine trainiert in Norwegen f\u00fcr den Ernstfall"},"content":{"rendered":"<p>And\u00f8ya (dpa) &#8211; Ein grelles Licht erleuchtet den Nachthimmel \u00fcber dem Nordmeer, etwa 300 Kilometer n\u00f6rdlich des Polarkreises vor der K\u00fcste Norwegens. Auf dem Deck der Fregatte \u00abBayern\u00bb schie\u00dft eine Rakete des Typs \u00abNSSM\u00bb senkrecht nach oben. Sekunden sp\u00e4ter fliegt ein weiterer Flugk\u00f6rper durch die dichte Wolkendecke. Das Ziel: eine Drohne, die einen simulierten Angriff auf das Schiff fliegt. Nur wenige Momente sp\u00e4ter hallt ein dumpfer Knall \u00fcber das Wasser \u2013 die Drohne wurde erfolgreich au\u00dfer Gefecht gesetzt.<\/p>\n<p>Bis zu 54 Flugk\u00f6rper sollen abgefeuert werden<\/p>\n<p>Die Deutsche Marine probt derzeit in einer gro\u00dfangelegten \u00dcbung mit scharfen Sch\u00fcssen f\u00fcr den Ernstfall. Bei der diesj\u00e4hrigen \u00abMaritime Firing Exercise\u00bb (MFE) handelt es sich um die gr\u00f6\u00dfte Schie\u00df\u00fcbung der Marine mit Lenkflugk\u00f6rpern seit 30 Jahren. Bis zu 54 Flugk\u00f6rper sollen in der zweiw\u00f6chigen \u00dcbung namens And\u00f8ya laut Marine abgefeuert werden, aber auch Torpedo- und Artilleriesch\u00fcsse stehen auf dem Programm.<\/p>\n<p>Etwa 1.300 Soldatinnen und Soldaten sowie zehn Einheiten der Marine nehmen daran teil, darunter Fregatten, Korvetten, Versorger, Bordhubschrauber und ein U-Boot. Die Korvetten \u00abBraunschweig\u00bb, \u00abMagdeburg\u00bb und \u00abErfurt\u00bb kommen allesamt aus Warnem\u00fcnde. Der Tender \u00abDonau\u00bb ist aus Kiel, das U-Boot \u00abU 32\u00bb ist in Eckernf\u00f6rde beheimatet, ebenso wie der Tender \u00abMain\u00bb.<\/p>\n<p>Neben Marine-Soldaten sind auch Spezialisten des Heeres und der Luftwaffe am Flugk\u00f6rperschie\u00dfen beteiligt. Zudem ist laut Marine die tempor\u00e4re Teilnahme eines norwegischen Aufkl\u00e4rungsflugzeugs geplant.<\/p>\n<p>Verteidigung gegen angreifende Luftziele<\/p>\n<p>\u00abWir trainieren die Verteidigung der Einheiten gegen angreifende Luftziele und auch Flugk\u00f6rperschie\u00dfen gegen Ziele auf See und an Land\u00bb, sagte der Kapit\u00e4n zur See und Kommandeur der \u00dcbung, Florian Feld, der Deutschen Presse-Agentur kurz vor Beginn der \u00dcbung. And\u00f8ya diene dazu, die komplexen Waffensysteme und die Verfahrensabl\u00e4ufe zu trainieren, eben unter realen Bedingungen.\u00a0<\/p>\n<p>F\u00fcr den erfolgreichen Einsatz der Waffensysteme sei das regelm\u00e4\u00dfige \u00dcben der jeweiligen Funktionsketten ma\u00dfgeblich, sagte Feld. Den \u00dcbungen gingen monatelange Planungen voraus, um den Ablauf des n\u00e4chtlichen Schie\u00dfens m\u00f6glichst reibungslos zu gestalten.<\/p>\n<p>Auch Drohnenabwehr wird ge\u00fcbt<\/p>\n<p>Die eingesetzten Drohnen werden von einem Kontrollzentrum auf dem Festland aus gesteuert. \u00abDiese Drohnen simulieren anfliegende Flugk\u00f6rper, die unsere Schiffe angreifen w\u00fcrden\u00bb, so Feld. Bei der \u00dcbung k\u00e4men verschiedene Drohnen-Typen zum Einsatz. Diese variieren demnach beispielsweise in Gr\u00f6\u00dfe und Agilit\u00e4t. Einige der unbemannten Luftfahrzeuge erreichen Geschwindigkeiten im \u00dcberschallbereich.<\/p>\n<p>Auch die eigentliche Drohnenabwehr ist Teil der Gro\u00df\u00fcbung. Die Bek\u00e4mpfung gegen diese ist laut Feld teilweise gleich wie bei der Verteidigung gegen Luftziele. \u00abEs gibt aber noch eine ganze Reihe von Ma\u00dfnahmen im elektronischen Spektrum, die wir auch zur Drohnenabwehr einsetzen k\u00f6nnen\u00bb, sagte Feld. Dies sei aber nur ein Nebenaspekt der \u00dcbung, betonte er. Der Fokus liege auf dem Seekrieg in den verschiedenen Dimensionen \u00fcber und unter Wasser sowie in der Luft.<\/p>\n<p>Erstmaliger Einsatz von Iris-T auf einem Schiff\u00a0<\/p>\n<p>Erstmalig auf See kam auch das Luftverteidigungssystem Iris-T an Bord der Fregatte \u00abBaden-W\u00fcrttemberg\u00bb erfolgreich zum Einsatz. Das Waffensystem des deutschen Herstellers Diehl Defence ist ein Flugabwehrraketensystem zur Abwehr von Angriffen aus der Luft. Es bek\u00e4mpft feindliche Flugzeuge, Hubschrauber, Marschflugk\u00f6rper und Lenkwaffen, einschlie\u00dflich ballistischer Kurzstreckenraketen.<\/p>\n<p>Das Flugabwehrraketensystem war bisher nur am Boden eingesetzt worden, nun wurde ein entsprechendes Waffensystem f\u00fcr die Marine entwickelt. Das Waffensystem erf\u00fcllte alle gesetzten Test- und Erprobungsziele, wie Diehl mitteilte. Der Weg f\u00fcr die Serieneinf\u00fchrung des Luftverteidigungssystems f\u00fcr die Marine sei damit gegeben, hie\u00df es.<\/p>\n<p>Die Marine hat ein festgelegtes Zeitfenster zwischen 21.00 Uhr und 4.00 Uhr f\u00fcr die Schie\u00df\u00fcbungen. Auf der Br\u00fccke des Tenders \u00abDonau\u00bb, ein Versorgungsschiff, herrscht Hochbetrieb zu dieser Zeit. Die Besatzung arbeitet konzentriert und unter Spannung, reagiert auf spontane Probleme und steht im stetigen Funkkontakt zu den anderen Einheiten, um den gemeinsamen Kurs abzustimmen.<\/p>\n<p>Regelm\u00e4\u00dfiges Flugk\u00f6rperschie\u00dfen im Nordmeer<\/p>\n<p>Das Schie\u00dfgebiet And\u00f8ya wird von der Deutschen Marine seit 2016 regelm\u00e4\u00dfig f\u00fcr \u00dcbungs- und Erprobungsschie\u00dfen genutzt. Es befindet sich fernab ziviler Schifffahrtsrouten und erm\u00f6glicht Training unter nahezu realen Einsatzbedingungen, ohne dabei Unbeteiligte zu gef\u00e4hrden.<\/p>\n<p>Die Deutsche Marine f\u00fchrt j\u00e4hrlich Flugk\u00f6rperschie\u00dfen im Nordmeer durch \u2013 entweder im Fr\u00fchjahr oder im Herbst. Alle zwei Jahre findet im Nordmeer gemeinsam mit anderen Nationen die \u00dcbung \u00abMjolner\u00bb statt. In diesem Jahr beschr\u00e4nkt sich die \u00dcbung auf deutsche Streitkr\u00e4fte.<\/p>\n","protected":false},"excerpt":{"rendered":"And\u00f8ya (dpa) &#8211; Ein grelles Licht erleuchtet den Nachthimmel \u00fcber dem Nordmeer, etwa 300 Kilometer n\u00f6rdlich des Polarkreises&hellip;\n","protected":false},"author":2,"featured_media":504807,"comment_status":"","ping_status":"","sticky":false,"template":"","format":"standard","meta":{"footnotes":""},"categories":[1841],"tags":[1605,3364,29,30,451,1209,913,9326,4961,4743],"class_list":{"0":"post-504806","1":"post","2":"type-post","3":"status-publish","4":"format-standard","5":"has-post-thumbnail","7":"category-bielefeld","8":"tag-bielefeld","9":"tag-de","10":"tag-deutschland","11":"tag-germany","12":"tag-militaer","13":"tag-nordrhein-westfalen","14":"tag-norwegen","15":"tag-updateme","16":"tag-verteidigung","17":"tag-waffen"},"share_on_mastodon":{"url":"https:\/\/pubeurope.com\/@de\/115387395303781948","error":""},"_links":{"self":[{"href":"https:\/\/www.europesays.com\/de\/wp-json\/wp\/v2\/posts\/504806","targetHints":{"allow":["GET"]}}],"collection":[{"href":"https:\/\/www.europesays.com\/de\/wp-json\/wp\/v2\/posts"}],"about":[{"href":"https:\/\/www.europesays.com\/de\/wp-json\/wp\/v2\/types\/post"}],"author":[{"embeddable":true,"href":"https:\/\/www.europesays.com\/de\/wp-json\/wp\/v2\/users\/2"}],"replies":[{"embeddable":true,"href":"https:\/\/www.europesays.com\/de\/wp-json\/wp\/v2\/comments?post=504806"}],"version-history":[{"count":0,"href":"https:\/\/www.europesays.com\/de\/wp-json\/wp\/v2\/posts\/504806\/revisions"}],"wp:featuredmedia":[{"embeddable":true,"href":"https:\/\/www.europesays.com\/de\/wp-json\/wp\/v2\/media\/504807"}],"wp:attachment":[{"href":"https:\/\/www.europesays.com\/de\/wp-json\/wp\/v2\/media?parent=504806"}],"wp:term":[{"taxonomy":"category","embeddable":true,"href":"https:\/\/www.europesays.com\/de\/wp-json\/wp\/v2\/categories?post=504806"},{"taxonomy":"post_tag","embeddable":true,"href":"https:\/\/www.europesays.com\/de\/wp-json\/wp\/v2\/tags?post=504806"}],"curies":[{"name":"wp","href":"https:\/\/api.w.org\/{rel}","templated":true}]}}