{"id":504808,"date":"2025-10-17T03:31:14","date_gmt":"2025-10-17T03:31:14","guid":{"rendered":"https:\/\/www.europesays.com\/de\/504808\/"},"modified":"2025-10-17T03:31:14","modified_gmt":"2025-10-17T03:31:14","slug":"wuelfrath-ein-wuelfrather-auf-den-spuren-des-roten-kreuzes","status":"publish","type":"post","link":"https:\/\/www.europesays.com\/de\/504808\/","title":{"rendered":"W\u00fclfrath: Ein W\u00fclfrather auf den Spuren des Roten Kreuzes"},"content":{"rendered":"<p> W\u00fclfrath  \u00a0|\u00a0 17. Oktober 2025<\/p>\n<p>\t\t\t\t\t\t\t\t\t\t\t\t\t\tEin W\u00fclfrather auf den Spuren des Roten Kreuzes<\/p>\n<p itemprop=\"articleBody\" class=\"preview\">Lukas Mutzberg und seine ganze besondere Reise: \u201eMan sp\u00fcrt, dass wir alle dieselben Werte teilen.\u201c<\/p>\n<p><img decoding=\"async\" src=\"https:\/\/www.europesays.com\/de\/wp-content\/uploads\/2025\/10\/Solferino_Henry_Dunant_2-1140x500.jpg\" itemprop=\"image\"\/><\/p>\n<p>Lukas Mutzberg am Dunant-Denkmal in Solferino.<\/p>\n<p class=\"p1\">Drei Wochen, mehr als 4300 Kilometer, \u00fcber 20 Stationen und unz\u00e4hlige Begegnungen: Lukas Mutzberg, Mitglied der DRK-Bereitschaft W\u00fclfrath, hat sich mit seiner Suzuki Bandit auf eine au\u00dfergew\u00f6hnliche Reise begeben \u2013 als Botschafter des Roten Kreuzes.<\/p>\n<p><a href=\"https:\/\/taeglich.me\/wp-content\/media\/2025\/10\/Solferino_Henry_dunant.jpg\" rel=\"nofollow noopener\" target=\"_blank\"><img loading=\"lazy\" decoding=\"async\" alt=\"IMG_20250922_143601_512.jpg\" class=\"size-medium wp-image-291586\" src=\"https:\/\/www.europesays.com\/de\/wp-content\/uploads\/2025\/10\/Solferino_Henry_dunant-300x225.jpg\" width=\"300\" height=\"225\"  \/><\/a>IMG_20250922_143601_512.jpg<\/p>\n<p class=\"p2\">Unter dem Motto \u201eZwischen Ursprung und Auftrag\u201c besuchte Mutzberg verschiedene Rotkreuz- Einrichtungen in Deutschland, \u00d6sterreich, Italien, der Schweiz und Frankreich. Sein Ziel: den Rotkreuz-Gedanken erleben, Menschen kennenlernen und den Zusammenhalt innerhalb der weltweiten Rotkreuz-Familie sp\u00fcren.<\/p>\n<p class=\"p2\">Der Startschuss fiel beim Bayerischen Roten Kreuz in Wiesentheid. Nach stundenlanger Regenfahrt wurde der W\u00fclfrather herzlich empfangen und durfte den Wimpel seines Ortsvereins \u00fcberreichen \u2013 ein Symbol f\u00fcr Verbundenheit und Dank. Schon hier zeigte sich, wie eng die Gemeinschaft innerhalb des Roten Kreuzes ist.<\/p>\n<p class=\"p2\">Ein besonderes Highlight erlebte Lukas Mutzberg im Landesrotkreuzmuseum Baden-W\u00fcrttemberg in Geislingen an der Steige. Neben spannenden Einblicken in die Geschichte des Roten Kreuzes beeindruckte ihn vor allem die Herzlichkeit der Menschen, die ihn dort empfingen. \u201e\u00dcberall wurde ich mit offenen Armen aufgenommen\u201c, erz\u00e4hlt er. \u201eMan sp\u00fcrt, dass wir alle dieselben Werte teilen.\u201c<\/p>\n<p class=\"p2\">Weiter f\u00fchrte ihn seine Reise \u00fcber M\u00fcnchen nach S\u00fcdtirol, wo er gemeinsam mit dem Vizepr\u00e4sidenten des Italienischen Roten Kreuzes in S\u00fcdtirol, Michael Andergassen, mehrere Tage verbrachte. Sie besuchten Katastrophenschutzeinrichtungen, eine Notaufnahme, ein Sanit\u00e4tscamp und ein mobiles Gesundheitsprojekt in Trient. \u201eDort habe ich erlebt, mit welchem Engagement die Menschen helfen \u2013 das war sehr beeindruckend\u201c, sagt Mutzberg.<\/p>\n<p class=\"p2\"><a href=\"https:\/\/taeglich.me\/wp-content\/media\/2025\/10\/T-Shirttausch_Landeskomitee_Su\u00cc\u0088dtirol_Micheal_Andergassen.jpg\" rel=\"nofollow noopener\" target=\"_blank\"><img loading=\"lazy\" decoding=\"async\" class=\"alignnone size-medium wp-image-291585\" src=\"https:\/\/www.europesays.com\/de\/wp-content\/uploads\/2025\/10\/T-Shirttausch_Landeskomitee_Su\u00cc\u0088dtirol_Micheal_Andergassen-300x225.jpg\" alt=\"t-shirttausch_landeskomitee_sui%c2%88dtirol_micheal_andergassen\" width=\"300\" height=\"225\"  \/><\/a><\/p>\n<p class=\"p2\">\u00dcber Solferino, den historischen Geburtsort der Rotkreuzidee, f\u00fchrte ihn der Weg nach Genf, in die Zentrale des Internationalen Roten Kreuzes. Im Gespr\u00e4ch mit Museumsdirektor Pascal Hufschmidt konnte Mutzberg den globalen Rotkreuz-Gedanken hautnah erleben. \u201eDas war ein bewegender Moment \u2013 die Verbindung zwischen Geschichte, Menschlichkeit und moderner Hilfe war \u00fcberall sp\u00fcrbar.\u201c<\/p>\n<p class=\"p2\">Nach einem Abstecher nach Heiden am Bodensee, dem Sterbeort von Rotkreuz-Gr\u00fcnder Henry Dunant, ging es f\u00fcr Lukas schlie\u00dflich zur\u00fcck nach W\u00fclfrath. Nach drei intensiven Wochen und 4345 Kilometern endete eine Reise voller Eindr\u00fccke, Gespr\u00e4che und Begegnungen. \u201eIch habe mich auf den Weg gemacht, um den Grundgedanken des Roten Kreuzes neu zu erleben \u2013 und ich habe ihn gefunden\u201c, zieht Mutzberg Bilanz. \u201eEs ist der Zusammenhalt, die Menschlichkeit und die Gewissheit, dass man \u00fcberall auf der Welt willkommen ist.\u201c<\/p>\n<p class=\"p2\">Der DRK-Ortsverein W\u00fclfrath bedankt sich bei seinem engagierten Mitglied und freut sich \u00fcber die Inspiration, die seine Reise ausgel\u00f6st hat: \u201eWer Lust hat, Teil dieser gro\u00dfen Gemeinschaft zu werden, ist bei uns jederzeit herzlich willkommen.\u201c<\/p>\n<p class=\"p2\">Weitere Informationen unter <a href=\"http:\/\/www.drk-wuelfrath.de\" rel=\"nofollow noopener\" target=\"_blank\">www.drk-wuelfrath.de<\/a><\/p>\n<p>\t\t\t\t\t\tAlle Rechte vorbehalten.<\/p>\n","protected":false},"excerpt":{"rendered":"W\u00fclfrath \u00a0|\u00a0 17. Oktober 2025 Ein W\u00fclfrather auf den Spuren des Roten Kreuzes Lukas Mutzberg und seine ganze&hellip;\n","protected":false},"author":2,"featured_media":504809,"comment_status":"","ping_status":"","sticky":false,"template":"","format":"standard","meta":{"footnotes":""},"categories":[1840],"tags":[3364,29,30,1209,4418],"class_list":{"0":"post-504808","1":"post","2":"type-post","3":"status-publish","4":"format-standard","5":"has-post-thumbnail","7":"category-wuppertal","8":"tag-de","9":"tag-deutschland","10":"tag-germany","11":"tag-nordrhein-westfalen","12":"tag-wuppertal"},"share_on_mastodon":{"url":"https:\/\/pubeurope.com\/@de\/115387399958424379","error":""},"_links":{"self":[{"href":"https:\/\/www.europesays.com\/de\/wp-json\/wp\/v2\/posts\/504808","targetHints":{"allow":["GET"]}}],"collection":[{"href":"https:\/\/www.europesays.com\/de\/wp-json\/wp\/v2\/posts"}],"about":[{"href":"https:\/\/www.europesays.com\/de\/wp-json\/wp\/v2\/types\/post"}],"author":[{"embeddable":true,"href":"https:\/\/www.europesays.com\/de\/wp-json\/wp\/v2\/users\/2"}],"replies":[{"embeddable":true,"href":"https:\/\/www.europesays.com\/de\/wp-json\/wp\/v2\/comments?post=504808"}],"version-history":[{"count":0,"href":"https:\/\/www.europesays.com\/de\/wp-json\/wp\/v2\/posts\/504808\/revisions"}],"wp:featuredmedia":[{"embeddable":true,"href":"https:\/\/www.europesays.com\/de\/wp-json\/wp\/v2\/media\/504809"}],"wp:attachment":[{"href":"https:\/\/www.europesays.com\/de\/wp-json\/wp\/v2\/media?parent=504808"}],"wp:term":[{"taxonomy":"category","embeddable":true,"href":"https:\/\/www.europesays.com\/de\/wp-json\/wp\/v2\/categories?post=504808"},{"taxonomy":"post_tag","embeddable":true,"href":"https:\/\/www.europesays.com\/de\/wp-json\/wp\/v2\/tags?post=504808"}],"curies":[{"name":"wp","href":"https:\/\/api.w.org\/{rel}","templated":true}]}}