{"id":504810,"date":"2025-10-17T03:32:13","date_gmt":"2025-10-17T03:32:13","guid":{"rendered":"https:\/\/www.europesays.com\/de\/504810\/"},"modified":"2025-10-17T03:32:13","modified_gmt":"2025-10-17T03:32:13","slug":"bremsmanoever-wegen-katze-biker-schwer-verletzt","status":"publish","type":"post","link":"https:\/\/www.europesays.com\/de\/504810\/","title":{"rendered":"Bremsman\u00f6ver wegen Katze &#8211; Biker schwer verletzt"},"content":{"rendered":"<p class=\"richtext text-em-55 !leading-serif mx-6 desktop:mx-0\">Ein Motorradfahrer ist bei einem Auffahrunfall im Kreis Warendorf schwer verletzt worden. Ein vorausfahrendes Auto bremste laut Polizei stark, weil eine Katze \u00fcber die Stra\u00dfe gelaufen sei. Der 16 Jahre alte Biker habe nicht mehr rechtzeitig abbremsen k\u00f6nnen, sei auf den Wagen aufgefahren und zusammen mit seiner 17 Jahre alten Sozia vom Motorrad gest\u00fcrzt. In der Nacht zum Freitag sei er schwer, die Sozia leicht verletzt in ein Krankenhaus gebracht worden. Dem Tier sei nichts passiert.<\/p>\n<p class=\"!text-transparent richtext text-em-55 !leading-serif mx-6 desktop:mx-0\">\u00a9 dpa-infocom, dpa:251017-930-172371\/1<\/p>\n","protected":false},"excerpt":{"rendered":"Ein Motorradfahrer ist bei einem Auffahrunfall im Kreis Warendorf schwer verletzt worden. Ein vorausfahrendes Auto bremste laut Polizei&hellip;\n","protected":false},"author":2,"featured_media":504811,"comment_status":"","ping_status":"","sticky":false,"template":"","format":"standard","meta":{"footnotes":""},"categories":[1840],"tags":[3364,29,30,1209,4418],"class_list":{"0":"post-504810","1":"post","2":"type-post","3":"status-publish","4":"format-standard","5":"has-post-thumbnail","7":"category-wuppertal","8":"tag-de","9":"tag-deutschland","10":"tag-germany","11":"tag-nordrhein-westfalen","12":"tag-wuppertal"},"share_on_mastodon":{"url":"https:\/\/pubeurope.com\/@de\/115387403133190086","error":""},"_links":{"self":[{"href":"https:\/\/www.europesays.com\/de\/wp-json\/wp\/v2\/posts\/504810","targetHints":{"allow":["GET"]}}],"collection":[{"href":"https:\/\/www.europesays.com\/de\/wp-json\/wp\/v2\/posts"}],"about":[{"href":"https:\/\/www.europesays.com\/de\/wp-json\/wp\/v2\/types\/post"}],"author":[{"embeddable":true,"href":"https:\/\/www.europesays.com\/de\/wp-json\/wp\/v2\/users\/2"}],"replies":[{"embeddable":true,"href":"https:\/\/www.europesays.com\/de\/wp-json\/wp\/v2\/comments?post=504810"}],"version-history":[{"count":0,"href":"https:\/\/www.europesays.com\/de\/wp-json\/wp\/v2\/posts\/504810\/revisions"}],"wp:featuredmedia":[{"embeddable":true,"href":"https:\/\/www.europesays.com\/de\/wp-json\/wp\/v2\/media\/504811"}],"wp:attachment":[{"href":"https:\/\/www.europesays.com\/de\/wp-json\/wp\/v2\/media?parent=504810"}],"wp:term":[{"taxonomy":"category","embeddable":true,"href":"https:\/\/www.europesays.com\/de\/wp-json\/wp\/v2\/categories?post=504810"},{"taxonomy":"post_tag","embeddable":true,"href":"https:\/\/www.europesays.com\/de\/wp-json\/wp\/v2\/tags?post=504810"}],"curies":[{"name":"wp","href":"https:\/\/api.w.org\/{rel}","templated":true}]}}