{"id":504820,"date":"2025-10-17T03:37:20","date_gmt":"2025-10-17T03:37:20","guid":{"rendered":"https:\/\/www.europesays.com\/de\/504820\/"},"modified":"2025-10-17T03:37:20","modified_gmt":"2025-10-17T03:37:20","slug":"treffen-in-budapest-das-war-es-dann-wohl-mit-den-tomahawks","status":"publish","type":"post","link":"https:\/\/www.europesays.com\/de\/504820\/","title":{"rendered":"Treffen in Budapest: Das war es dann wohl mit den Tomahawks"},"content":{"rendered":"<p>\n                        Ein weiterer Gipfel, dieses Mal in Budapest: Mit einem Telefonat sabotiert Putin das heutige Treffen von Trump und Selenskyj. Die Ukrainer werden offenbar kalt erwischt.\n                    <\/p>\n<p>        17. Oktober 2025, 3:07 Uhr\n    <\/p>\n<p>        <a class=\"z-text-button\" href=\"#comments\" title=\"Kommentare anzeigen\" data-ct-row=\"comments\" data-ct-column=\"false\"><\/p>\n<p>            4<br \/>\n            Kommentare<br \/>\n        <\/a><br \/>\n    Zusammenfassen<\/p>\n<p>                Schlie\u00dfen<br \/>\n                Artikelzusammenfassung<\/p>\n<p>Trump und Putin telefonieren \u00fcber Lieferung von Tomahawk-Marschflugk\u00f6rpern. Ukrainische Hoffnungen auf Unterst\u00fctzung schwinden. Ungarn als Austragungsort f\u00fcr Gipfel sorgt f\u00fcr Verwirrung. Trumps Haltung zu multilateralen Strukturen wird deutlich. Putin manipuliert Trump geschickt in geopolitischen Fragen.<\/p>\n<p>                Diese Zusammenfassung wurde mithilfe von K\u00fcnstlicher Intelligenz erstellt. Vereinzelt kann es dabei zu Fehlern kommen.<\/p>\n<p class=\"summy__feedback-paragraph\">Fanden Sie die Zusammenfassung hilfreich? <\/p>\n<p>                        Gef\u00e4llt mir<\/p>\n<p>                        Gef\u00e4llt mir<\/p>\n<p>                        Gef\u00e4llt mir nicht<\/p>\n<p>                        Gef\u00e4llt mir nicht<\/p>\n<p>                        Send<\/p>\n<p>            <img decoding=\"async\" class=\"article__media-item\" src=\"https:\/\/www.europesays.com\/de\/wp-content\/uploads\/2025\/10\/1760637672_435_wide__1000x562.jpeg\" alt=\"Treffen in Budapest: Putin beim Treffen mit Trump in Alaska\"\/><\/p>\n<p>                    Putin beim Treffen mit Trump in Alaska<br \/>\n            \u00a9\u00a0Andrew Harnik\/\u200bGetty Images<\/p>\n<p class=\"paragraph\">Ob <a class=\"rtr-entity\" href=\"https:\/\/www.zeit.de\/thema\/donald-trump\" rel=\"nofollow noopener\" target=\"_blank\">Donald Trump<\/a> bei seinem Telefonat mit <a href=\"https:\/\/www.zeit.de\/politik\/ausland\/2025-09\/russland-estland-polen-kampfjets-drohnen-nato\" class=\"\" target=\"_blank\" rel=\"nofollow noopener\">Wladimir Putin<\/a> wohl<br \/>\nherausgefunden hat, warum dieser einfach nicht aufh\u00f6ren will zu k\u00e4mpfen? Dar\u00fcber hatte<br \/>\nsich der US-Pr\u00e4sident ja Anfang der Woche noch \u00f6ffentlich gewundert \u2013 und manch<br \/>\neiner hatte aus dieser und \u00e4hnlichen \u00c4u\u00dferungen herausgelesen, dass Trump jetzt<br \/>\ntats\u00e4chlich die Geduld mit Russlands Machthaber verlieren k\u00f6nnte.\n<\/p>\n<p class=\"paragraph\">Mehr als zwei Stunden sprachen die beiden am Donnerstag miteinander. Das direkte Resultat: ein<br \/>\nweiterer Gipfel, dieses Mal nicht in <a href=\"https:\/\/www.zeit.de\/politik\/ausland\/2025-08\/donald-trump-wladimir-putin-gipfel-alaska-gipfel-ukraine\" class=\"\" target=\"_blank\" rel=\"nofollow noopener\">Alaska<\/a>, also auf US-amerikanischem Gebiet, sondern<br \/>\nin der EU \u2013 genauer gesagt <a href=\"https:\/\/www.zeit.de\/politik\/ausland\/2025-10\/donald-trump-treffen-wladimir-putin-budapest\" class=\"\" target=\"_blank\" rel=\"nofollow noopener\">im ungarischen Budapest<\/a>. Das indirekte Resultat: Die Ukrainer<br \/>\nk\u00f6nnen ihre zuletzt aufkeimenden Hoffnungen, dass Trump tats\u00e4chlich die Geduld<br \/>\nmit Putin verliert, vermutlich erst einmal begraben. Denn nach diesem Telefonat ist<br \/>\nkaum damit zu rechnen, dass Pr\u00e4sident <a class=\"rtr-entity\" href=\"https:\/\/www.zeit.de\/thema\/wolodymyr-selenskyj\" rel=\"nofollow noopener\" target=\"_blank\">Wolodymyr Selenskyj<\/a>\u00a0Washington am Freitag mit einer<br \/>\nZusage f\u00fcr die Lieferung von <a href=\"https:\/\/www.zeit.de\/politik\/ausland\/2025-10\/ukraine-laga-tomahawk-flamingo-marschflugkoerper-raketen-woche\" class=\"\" target=\"_blank\" rel=\"nofollow noopener\">Tomahawk-Marschflugk\u00f6rpern<\/a> verl\u00e4sst. Die Ukrainer erhoffen sich von diesen weitreichenden<br \/>\nWaffen, mit denen sie strategisch wichtige Ziele tief in russischem Territorium<br \/>\nangreifen k\u00f6nnten, eine entscheidende \u00c4nderung des Kriegsverlaufs zu ihren Gunsten.<\/p>\n","protected":false},"excerpt":{"rendered":"Ein weiterer Gipfel, dieses Mal in Budapest: Mit einem Telefonat sabotiert Putin das heutige Treffen von Trump und&hellip;\n","protected":false},"author":2,"featured_media":503784,"comment_status":"","ping_status":"","sticky":false,"template":"","format":"standard","meta":{"footnotes":""},"categories":[3977],"tags":[331,332,3115,8012,106,13,27713,14,6000,15,16,307,12,126091,4017,4018,4016,64,4019,4020,500,306,107],"class_list":{"0":"post-504820","1":"post","2":"type-post","3":"status-publish","4":"format-standard","5":"has-post-thumbnail","7":"category-usa","8":"tag-aktuelle-nachrichten","9":"tag-aktuelle-news","10":"tag-alaska","11":"tag-budapest","12":"tag-donald-trump","13":"tag-headlines","14":"tag-juri-uschakow","15":"tag-nachrichten","16":"tag-nahost","17":"tag-news","18":"tag-politik","19":"tag-russland","20":"tag-schlagzeilen","21":"tag-treffen-in-budapest","22":"tag-united-states","23":"tag-united-states-of-america","24":"tag-us","25":"tag-usa","26":"tag-vereinigte-staaten","27":"tag-vereinigte-staaten-von-amerika","28":"tag-viktor-orban","29":"tag-wladimir-putin","30":"tag-wolodymyr-selenskyj"},"share_on_mastodon":{"url":"https:\/\/pubeurope.com\/@de\/115387422818675110","error":""},"_links":{"self":[{"href":"https:\/\/www.europesays.com\/de\/wp-json\/wp\/v2\/posts\/504820","targetHints":{"allow":["GET"]}}],"collection":[{"href":"https:\/\/www.europesays.com\/de\/wp-json\/wp\/v2\/posts"}],"about":[{"href":"https:\/\/www.europesays.com\/de\/wp-json\/wp\/v2\/types\/post"}],"author":[{"embeddable":true,"href":"https:\/\/www.europesays.com\/de\/wp-json\/wp\/v2\/users\/2"}],"replies":[{"embeddable":true,"href":"https:\/\/www.europesays.com\/de\/wp-json\/wp\/v2\/comments?post=504820"}],"version-history":[{"count":0,"href":"https:\/\/www.europesays.com\/de\/wp-json\/wp\/v2\/posts\/504820\/revisions"}],"wp:featuredmedia":[{"embeddable":true,"href":"https:\/\/www.europesays.com\/de\/wp-json\/wp\/v2\/media\/503784"}],"wp:attachment":[{"href":"https:\/\/www.europesays.com\/de\/wp-json\/wp\/v2\/media?parent=504820"}],"wp:term":[{"taxonomy":"category","embeddable":true,"href":"https:\/\/www.europesays.com\/de\/wp-json\/wp\/v2\/categories?post=504820"},{"taxonomy":"post_tag","embeddable":true,"href":"https:\/\/www.europesays.com\/de\/wp-json\/wp\/v2\/tags?post=504820"}],"curies":[{"name":"wp","href":"https:\/\/api.w.org\/{rel}","templated":true}]}}