{"id":504823,"date":"2025-10-17T03:39:23","date_gmt":"2025-10-17T03:39:23","guid":{"rendered":"https:\/\/www.europesays.com\/de\/504823\/"},"modified":"2025-10-17T03:39:23","modified_gmt":"2025-10-17T03:39:23","slug":"neue-regierung-von-premierminister-lecornu-uebersteht-zwei-misstrauensantraege","status":"publish","type":"post","link":"https:\/\/www.europesays.com\/de\/504823\/","title":{"rendered":"Neue Regierung von Premierminister Lecornu \u00fcbersteht zwei Misstrauensantr\u00e4ge"},"content":{"rendered":"<p>                    <img decoding=\"async\" loading=\"lazy\" class=\"internal-image\" title=\"Man sieht im Vordergrund eine Frau im erh\u00f6hten Parlalementspr\u00e4sidium und eine weitere Frau am Rednerpult jeweils von der Seite. Dahinter unscharf Abgeordnete auf den roten B\u00e4nken. \" alt=\"Man sieht im Vordergrund eine Frau im erh\u00f6hten Parlalementspr\u00e4sidium und eine weitere Frau am Rednerpult jeweils von der Seite. Dahinter unscharf Abgeordnete auf den roten B\u00e4nken. \" src=\"https:\/\/www.europesays.com\/de\/wp-content\/uploads\/2025\/10\/frankreich-paris-lecornu-misstrauensantraege-100-1920x1080.jpg\" \/><\/p>\n<p>                  Debatte in der Nationalversammlung. (AFP \/ STEPHANE DE SAKUTIN)<\/p>\n<p>Hintergrund ist der andauernde Streit \u00fcber die Haushaltspl\u00e4ne f\u00fcr das kommende Jahr. Der nach einem R\u00fccktritt erneut von Pr\u00e4sident Macron eingesetzte Premierminister Lecornu hatte am Montag das neue Kabinett gebildet. Er ging anschlie\u00dfend auf die Sozialisten zu und stellte eine Aussetzung der von diesen kritisierten Rentenreform in Aussicht. Im Gegenzug unterst\u00fctzen die Sozialisten die beiden Misstrauensantr\u00e4ge gegen die Regierung in der Nationalversammlung nicht. Dort kann nun \u00fcber den Haushaltsentwurf debattiert werden.<\/p>\n<p>                Keine regierungsf\u00e4hige Mehrheit im Parlament<\/p>\n<p>In der Nationalversammlung gibt es keine regierungsf\u00e4hige Mehrheit und tragf\u00e4hige B\u00fcndnisse. Koalitionen wie etwa in Deutschland sind in Frankreich un\u00fcblich. Die vorherige Regierung von Ex-Premier Bayrou scheiterte an einem Misstrauensvotum. Lecornu war nach vier Wochen im Amt zun\u00e4chst zur\u00fcckgetreten. Macron beauftragte ihn dann nach einer Sondierungsphase erneut mit der Kabinettsbildung. Lecornu stellt bereits die vierte Regierung seit der Wahl.<\/p>\n<p>Diese Nachricht wurde am 16.10.2025 im Programm Deutschlandfunk gesendet.<\/p>\n","protected":false},"excerpt":{"rendered":"Debatte in der Nationalversammlung. (AFP \/ STEPHANE DE SAKUTIN) Hintergrund ist der andauernde Streit \u00fcber die Haushaltspl\u00e4ne f\u00fcr&hellip;\n","protected":false},"author":2,"featured_media":504824,"comment_status":"","ping_status":"","sticky":false,"template":"","format":"standard","meta":{"footnotes":""},"categories":[3974],"tags":[331,332,548,663,3934,3980,156,13,14,15,12],"class_list":{"0":"post-504823","1":"post","2":"type-post","3":"status-publish","4":"format-standard","5":"has-post-thumbnail","7":"category-frankreich","8":"tag-aktuelle-nachrichten","9":"tag-aktuelle-news","10":"tag-eu","11":"tag-europa","12":"tag-europe","13":"tag-france","14":"tag-frankreich","15":"tag-headlines","16":"tag-nachrichten","17":"tag-news","18":"tag-schlagzeilen"},"share_on_mastodon":{"url":"https:\/\/pubeurope.com\/@de\/115387431195338272","error":""},"_links":{"self":[{"href":"https:\/\/www.europesays.com\/de\/wp-json\/wp\/v2\/posts\/504823","targetHints":{"allow":["GET"]}}],"collection":[{"href":"https:\/\/www.europesays.com\/de\/wp-json\/wp\/v2\/posts"}],"about":[{"href":"https:\/\/www.europesays.com\/de\/wp-json\/wp\/v2\/types\/post"}],"author":[{"embeddable":true,"href":"https:\/\/www.europesays.com\/de\/wp-json\/wp\/v2\/users\/2"}],"replies":[{"embeddable":true,"href":"https:\/\/www.europesays.com\/de\/wp-json\/wp\/v2\/comments?post=504823"}],"version-history":[{"count":0,"href":"https:\/\/www.europesays.com\/de\/wp-json\/wp\/v2\/posts\/504823\/revisions"}],"wp:featuredmedia":[{"embeddable":true,"href":"https:\/\/www.europesays.com\/de\/wp-json\/wp\/v2\/media\/504824"}],"wp:attachment":[{"href":"https:\/\/www.europesays.com\/de\/wp-json\/wp\/v2\/media?parent=504823"}],"wp:term":[{"taxonomy":"category","embeddable":true,"href":"https:\/\/www.europesays.com\/de\/wp-json\/wp\/v2\/categories?post=504823"},{"taxonomy":"post_tag","embeddable":true,"href":"https:\/\/www.europesays.com\/de\/wp-json\/wp\/v2\/tags?post=504823"}],"curies":[{"name":"wp","href":"https:\/\/api.w.org\/{rel}","templated":true}]}}