{"id":504825,"date":"2025-10-17T03:40:26","date_gmt":"2025-10-17T03:40:26","guid":{"rendered":"https:\/\/www.europesays.com\/de\/504825\/"},"modified":"2025-10-17T03:40:26","modified_gmt":"2025-10-17T03:40:26","slug":"lok-report-gatx-uebergabe-neuer-sgns-gueterwagen-an-swietelsky","status":"publish","type":"post","link":"https:\/\/www.europesays.com\/de\/504825\/","title":{"rendered":"LOK Report &#8211; GATX: \u00dcbergabe neuer Sgns-G\u00fcterwagen an Swietelsky"},"content":{"rendered":"<p><img decoding=\"async\" src=\"https:\/\/www.europesays.com\/de\/wp-content\/uploads\/2025\/10\/news_overview_swietelsky-630x9999.jpg\" alt=\"news overview swietelsky 630x9999\"\/><br \/>Foto GATX.<\/p>\n<p>Unser GATX Rail Europe Team hatte das Vergn\u00fcgen, brandneue, limegr\u00fcne Sgns-Intermodalwagen an Swietelsky zu \u00fcbergeben. Die offizielle \u00dcbergabe fand in Sered, Slowakei, statt, wo die Wagen vor der Abholung durch den Kunden inspiziert wurden.<\/p>\n<p>Swietelsky schlie\u00dft sich dem wachsenden Kundennetzwerk von GATX Rail Europe an und markiert damit den Beginn einer vielversprechenden Partnerschaft. Swietelsky, mit Hauptsitz in \u00d6sterreich, ist ein international t\u00e4tiges Bauunternehmen, das f\u00fcr seine Kompetenz im Gleisbau, Tiefbau und bei Infrastrukturprojekten in ganz Europa bekannt ist.<\/p>\n<p>Die neu gelieferten Intermodalwagen werden haupts\u00e4chlich in \u00d6sterreich eingesetzt und unterst\u00fctzen Bahnbaustellen im gesamten Netz. Diese Sgns-Wagen wurden f\u00fcr den Transport von Containern, die als mobile B\u00fcros dienen, sowie von Ersatzteilen konzipiert und bieten Flexibilit\u00e4t und Praktikabilit\u00e4t an der Strecke. \u201eWir freuen uns, Swietelsky als neuen Partner im Netzwerk von GATX Rail Europe begr\u00fc\u00dfen zu d\u00fcrfen. Wir sind stolz darauf, dass unsere limegr\u00fcnen Wagen zur Instandhaltung und Entwicklung einer widerstandsf\u00e4higen Eisenbahninfrastruktur in \u00d6sterreich und dar\u00fcber hinaus beitragen\u201c, erkl\u00e4rt Giulia Adami, Sales Manager bei GATX Rail Europe.<\/p>\n<p><strong>Einfachere Anmietung von G\u00fcterwagen<\/strong><\/p>\n<p>Diese \u00dcbergabe unterstreicht einmal mehr, wie der Full-Service-Ansatz von GATX Rail Europe die Anmietung von Wagen vereinfacht. Von Neubauten bis hin zu ma\u00dfgeschneiderten L\u00f6sungen bieten wir Zuverl\u00e4ssigkeit und Flexibilit\u00e4t, die den Waren- und Schienenverkehr am Laufen halten.<\/p>\n<p>Pressemeldung GATX Rail Europe<\/p>\n","protected":false},"excerpt":{"rendered":"Foto GATX. Unser GATX Rail Europe Team hatte das Vergn\u00fcgen, brandneue, limegr\u00fcne Sgns-Intermodalwagen an Swietelsky zu \u00fcbergeben. Die&hellip;\n","protected":false},"author":2,"featured_media":504826,"comment_status":"","ping_status":"","sticky":false,"template":"","format":"standard","meta":{"footnotes":""},"categories":[3933],"tags":[331,332,4031,548,663,158,3934,3935,4033,13,2776,2264,14,15,4032,12,2332,601],"class_list":{"0":"post-504825","1":"post","2":"type-post","3":"status-publish","4":"format-standard","5":"has-post-thumbnail","7":"category-eu","8":"tag-aktuelle-nachrichten","9":"tag-aktuelle-news","10":"tag-eisenbahn","11":"tag-eu","12":"tag-europa","13":"tag-europaeische-union","14":"tag-europe","15":"tag-european-union","16":"tag-ferroviaire","17":"tag-headlines","18":"tag-logistik","19":"tag-museum","20":"tag-nachrichten","21":"tag-news","22":"tag-railways","23":"tag-schlagzeilen","24":"tag-transport","25":"tag-verkehr"},"share_on_mastodon":{"url":"https:\/\/pubeurope.com\/@de\/115387435169236155","error":""},"_links":{"self":[{"href":"https:\/\/www.europesays.com\/de\/wp-json\/wp\/v2\/posts\/504825","targetHints":{"allow":["GET"]}}],"collection":[{"href":"https:\/\/www.europesays.com\/de\/wp-json\/wp\/v2\/posts"}],"about":[{"href":"https:\/\/www.europesays.com\/de\/wp-json\/wp\/v2\/types\/post"}],"author":[{"embeddable":true,"href":"https:\/\/www.europesays.com\/de\/wp-json\/wp\/v2\/users\/2"}],"replies":[{"embeddable":true,"href":"https:\/\/www.europesays.com\/de\/wp-json\/wp\/v2\/comments?post=504825"}],"version-history":[{"count":0,"href":"https:\/\/www.europesays.com\/de\/wp-json\/wp\/v2\/posts\/504825\/revisions"}],"wp:featuredmedia":[{"embeddable":true,"href":"https:\/\/www.europesays.com\/de\/wp-json\/wp\/v2\/media\/504826"}],"wp:attachment":[{"href":"https:\/\/www.europesays.com\/de\/wp-json\/wp\/v2\/media?parent=504825"}],"wp:term":[{"taxonomy":"category","embeddable":true,"href":"https:\/\/www.europesays.com\/de\/wp-json\/wp\/v2\/categories?post=504825"},{"taxonomy":"post_tag","embeddable":true,"href":"https:\/\/www.europesays.com\/de\/wp-json\/wp\/v2\/tags?post=504825"}],"curies":[{"name":"wp","href":"https:\/\/api.w.org\/{rel}","templated":true}]}}