{"id":504828,"date":"2025-10-17T03:42:23","date_gmt":"2025-10-17T03:42:23","guid":{"rendered":"https:\/\/www.europesays.com\/de\/504828\/"},"modified":"2025-10-17T03:42:23","modified_gmt":"2025-10-17T03:42:23","slug":"neues-eu-programm-mit-15-milliarden-fuer-ruestungsindustrie","status":"publish","type":"post","link":"https:\/\/www.europesays.com\/de\/504828\/","title":{"rendered":"Neues EU-Programm mit 1,5 Milliarden f\u00fcr R\u00fcstungsindustrie"},"content":{"rendered":"<p class=\"richtext text-em-55 !leading-serif mx-6 desktop:mx-0\">In der EU gibt es nach wochenlangen schwierigen Verhandlungen eine Einigung auf ein milliardenschweres Programm zur St\u00e4rkung der Verteidigungsindustrie. Vertreter der Regierungen der Mitgliedstaaten und des Europ\u00e4ischen Parlaments verst\u00e4ndigten sich in <a href=\"https:\/\/rp-online.de\/thema\/bruessel\/\" target=\"_blank\" rel=\"noopener\">Br\u00fcssel<\/a> darauf, bis Ende 2027 EU-Finanzhilfen in H\u00f6he von 1,5 Milliarden Euro bereitzustellen, wie die aktuelle d\u00e4nische EU-Ratspr\u00e4sidentschaft mitteilte.<\/p>\n","protected":false},"excerpt":{"rendered":"In der EU gibt es nach wochenlangen schwierigen Verhandlungen eine Einigung auf ein milliardenschweres Programm zur St\u00e4rkung der&hellip;\n","protected":false},"author":2,"featured_media":504829,"comment_status":"","ping_status":"","sticky":false,"template":"","format":"standard","meta":{"footnotes":""},"categories":[3933],"tags":[11214,46000,331,332,9751,548,4788,663,126093,5562,158,72415,3934,17623,3935,19525,13,20430,14,15,7789,747,126092,12,13152,4202,317,4961,54931],"class_list":{"0":"post-504828","1":"post","2":"type-post","3":"status-publish","4":"format-standard","5":"has-post-thumbnail","7":"category-eu","8":"tag-11214","9":"tag-46000","10":"tag-aktuelle-nachrichten","11":"tag-aktuelle-news","12":"tag-einigung","13":"tag-eu","14":"tag-euro","15":"tag-europa","16":"tag-europaabgeordnete","17":"tag-europaeische","18":"tag-europaeische-union","19":"tag-europaeischer","20":"tag-europe","21":"tag-european","22":"tag-european-union","23":"tag-gemeinsame","24":"tag-headlines","25":"tag-mitgliedstaaten","26":"tag-nachrichten","27":"tag-news","28":"tag-programm","29":"tag-ruestungsindustrie","30":"tag-ruestungsindustrievorhaben","31":"tag-schlagzeilen","32":"tag-staaten","33":"tag-staerkung","34":"tag-ukraine","35":"tag-verteidigung","36":"tag-verteidigungsindustrie"},"share_on_mastodon":{"url":"https:\/\/pubeurope.com\/@de\/115387442599247382","error":""},"_links":{"self":[{"href":"https:\/\/www.europesays.com\/de\/wp-json\/wp\/v2\/posts\/504828","targetHints":{"allow":["GET"]}}],"collection":[{"href":"https:\/\/www.europesays.com\/de\/wp-json\/wp\/v2\/posts"}],"about":[{"href":"https:\/\/www.europesays.com\/de\/wp-json\/wp\/v2\/types\/post"}],"author":[{"embeddable":true,"href":"https:\/\/www.europesays.com\/de\/wp-json\/wp\/v2\/users\/2"}],"replies":[{"embeddable":true,"href":"https:\/\/www.europesays.com\/de\/wp-json\/wp\/v2\/comments?post=504828"}],"version-history":[{"count":0,"href":"https:\/\/www.europesays.com\/de\/wp-json\/wp\/v2\/posts\/504828\/revisions"}],"wp:featuredmedia":[{"embeddable":true,"href":"https:\/\/www.europesays.com\/de\/wp-json\/wp\/v2\/media\/504829"}],"wp:attachment":[{"href":"https:\/\/www.europesays.com\/de\/wp-json\/wp\/v2\/media?parent=504828"}],"wp:term":[{"taxonomy":"category","embeddable":true,"href":"https:\/\/www.europesays.com\/de\/wp-json\/wp\/v2\/categories?post=504828"},{"taxonomy":"post_tag","embeddable":true,"href":"https:\/\/www.europesays.com\/de\/wp-json\/wp\/v2\/tags?post=504828"}],"curies":[{"name":"wp","href":"https:\/\/api.w.org\/{rel}","templated":true}]}}