{"id":504830,"date":"2025-10-17T03:43:24","date_gmt":"2025-10-17T03:43:24","guid":{"rendered":"https:\/\/www.europesays.com\/de\/504830\/"},"modified":"2025-10-17T03:43:24","modified_gmt":"2025-10-17T03:43:24","slug":"borussia-moenchengladbach-so-denkt-rouven-schroeder-ueber-eugen-polanski-sport","status":"publish","type":"post","link":"https:\/\/www.europesays.com\/de\/504830\/","title":{"rendered":"Borussia M\u00f6nchengladbach: SO denkt Rouven Schr\u00f6der \u00fcber Eugen Polanski | Sport"},"content":{"rendered":"<p>Mittwochabend traf Rouven Schr\u00f6der (49) aus Salzburg kommend mit dem E-Auto (\u201enach gef\u00fchlt 10 Stunden Fahrt\u201c) in Gladbach ein. <\/p>\n<p><a href=\"https:\/\/www.bild.de\/sport\/fussball\/borussia-moenchengladbach\/startseite-borussia-moenchengladbach-31074418.bild.html\" class=\"text-link\" target=\"_blank\" rel=\"noopener\"><b>Borussias <\/b><\/a><b>neuer Sportchef: \u201eAls ich das gr\u00fcne Licht in der Dunkelheit am Borussia-Park gesehen habe, ging mir das Herz auf \u2013 und ich wollte sofort loslegen.\u201d<\/b><\/p>\n<p><img decoding=\"async\" width=\"992\" height=\"1178\" alt=\"Eugen Polanski (39) wird auch Freitag bei Union Berlin auf der Bank sitzen\" src=\"https:\/\/www.europesays.com\/de\/wp-content\/uploads\/2025\/10\/e092a2a58473a743ff22caf9cf77381e,b1d957c0\"   class=\"portrait\" loading=\"lazy\"\/><\/p>\n<p class=\"fig__caption__text\">Eugen Polanski (39) wird auch Freitag bei Union Berlin auf der Bank sitzen<\/p>\n<p>Foto: Getty Images<\/p>\n<p><b>Das tat er Donnerstag \u2013 mit einer Ansprache vor der Mannschaft!<\/b><\/p>\n<p>Schr\u00f6der: \u201eIch habe den Jungs gesagt, dass es etwas ganz Besonderes ist, f\u00fcr Borussia M\u00f6nchengladbach zu arbeiten. Das ist aber nicht selbstverst\u00e4ndlich, jeder muss sein Herz auf dem Feld lassen. Und jeder muss sp\u00fcren, dass wir eine Gruppe sind und in jeder Phase als Team auftreten. Wer da nicht mitziehen m\u00f6chte, kann seinen Weg gerne woanders gehen.\u201d<\/p>\n<p>80 Trikots!: Der gr\u00f6\u00dfte Hummels-Fan<a class=\"anchor video-teaser__anchor\" href=\"https:\/\/www.bild.de\/sport\/fussball\/80-trikots-der-groesste-hummels-fan-68efed910dc4b85759d38ae6\" target=\"_blank\" rel=\"noopener\"><img decoding=\"async\" width=\"992\" height=\"558\" alt=\"Teaser-Bild\" src=\"https:\/\/www.europesays.com\/de\/wp-content\/uploads\/2025\/10\/3ae8bbf3fd88e24fe03bb45517eda27e-landscape,35b8ca46\"   class=\"landscape teaser__image\" loading=\"lazy\"\/><\/a><\/p>\n<p>Quelle: Instagram: Borussia Dortmund16.10.2025<\/p>\n<p><b>Seinen Weg weitergehen darf aber der Trainer!<\/b><\/p>\n<p>Schr\u00f6der fast schon schw\u00e4rmend: \u201eEr macht einen guten, total klaren Eindruck. Auch, wie er selbst bei einem 0:6 gegen Frankfurt eine klare Haltung behalten und die Mannschaft noch zum 4:6 gepusht hat, das sah von au\u00dfen betrachtet sehr positiv aus.\u201d<\/p>\n<p><b>Allerdings sprach er (noch) keinen Freifahrschein f\u00fcr Polanski als Dauerl\u00f6sung aus, auch er will nun erst einmal die Entwicklung der Mannschaft abwarten. Schr\u00f6der, wann es eine endg\u00fcltige Trainer-Entscheidung gibt: \u201eDa haben wir kein Zeitfenster.\u201d<\/b><\/p>\n<p>Mehr zum Thema<\/p>\n<p>Der Nachfolger von Roland Virkus (58) hat auch schon im Kopf, f\u00fcr welchen Fu\u00dfball Borussia unter ihm stehen soll.<\/p>\n<p><b>Schr\u00f6der: \u201eNur mit Kratzen und Bei\u00dfen geht es nicht. Wir wollen einen Mix aus Basics und dem spielerischen Element. Borussia muss ohne Arroganz, aber mit breiter Brust auftreten. Wir haben etwas zu bieten. Und das Wichtigste wird sein, auch immer die Fans abzuholen.\u201c<\/b><\/p>\n<p>Freitag (20.30 Uhr\/Sky) bei Union Berlin wird der neue Sportchef \u201enur\u201c auf der Trib\u00fcne sitzen \u2013 das wird sich aber bereits beim <a href=\"https:\/\/www.bild.de\/sport\/fussball\/bundesliga\/bundesliga-startseite-52368768.bild.html\" class=\"text-link\" target=\"_blank\" rel=\"noopener\">Bundesliga<\/a>-Heimspiel gegen die Bayern (25. 10.) \u00e4ndern.<\/p>\n<p><b>Schr\u00f6der: \u201eAb dem Bayern-Spiel sitze ich auf der Bank, ich muss die Gruppe f\u00fchlen, direkt am Rasen ist es einfach am Sch\u00f6nsten. Und den 4. Schiri werde ich auch in Ruhe lassen \u2026\u201c<\/b><\/p>\n","protected":false},"excerpt":{"rendered":"Mittwochabend traf Rouven Schr\u00f6der (49) aus Salzburg kommend mit dem E-Auto (\u201enach gef\u00fchlt 10 Stunden Fahrt\u201c) in Gladbach&hellip;\n","protected":false},"author":2,"featured_media":504831,"comment_status":"","ping_status":"","sticky":false,"template":"","format":"standard","meta":{"footnotes":""},"categories":[5],"tags":[331,332,815,3364,29,538,24161,30,13,15046,126095,14,15,100524,12,126094,817,819,45,10735],"class_list":{"0":"post-504830","1":"post","2":"type-post","3":"status-publish","4":"format-standard","5":"has-post-thumbnail","7":"category-nachrichten","8":"tag-aktuelle-nachrichten","9":"tag-aktuelle-news","10":"tag-borussia-moenchengladbach","11":"tag-de","12":"tag-deutschland","13":"tag-erste-bundesliga","14":"tag-farke-daniel","15":"tag-germany","16":"tag-headlines","17":"tag-hornung-christian","18":"tag-kruempelmann-dirk","19":"tag-nachrichten","20":"tag-news","21":"tag-polanski-eugen","22":"tag-schlagzeilen","23":"tag-schroeder-rouven","24":"tag-seoane-gerardo","25":"tag-sport-leuchtturm-essen","26":"tag-texttospeech","27":"tag-virkus-roland"},"share_on_mastodon":{"url":"https:\/\/pubeurope.com\/@de\/115387446899211509","error":""},"_links":{"self":[{"href":"https:\/\/www.europesays.com\/de\/wp-json\/wp\/v2\/posts\/504830","targetHints":{"allow":["GET"]}}],"collection":[{"href":"https:\/\/www.europesays.com\/de\/wp-json\/wp\/v2\/posts"}],"about":[{"href":"https:\/\/www.europesays.com\/de\/wp-json\/wp\/v2\/types\/post"}],"author":[{"embeddable":true,"href":"https:\/\/www.europesays.com\/de\/wp-json\/wp\/v2\/users\/2"}],"replies":[{"embeddable":true,"href":"https:\/\/www.europesays.com\/de\/wp-json\/wp\/v2\/comments?post=504830"}],"version-history":[{"count":0,"href":"https:\/\/www.europesays.com\/de\/wp-json\/wp\/v2\/posts\/504830\/revisions"}],"wp:featuredmedia":[{"embeddable":true,"href":"https:\/\/www.europesays.com\/de\/wp-json\/wp\/v2\/media\/504831"}],"wp:attachment":[{"href":"https:\/\/www.europesays.com\/de\/wp-json\/wp\/v2\/media?parent=504830"}],"wp:term":[{"taxonomy":"category","embeddable":true,"href":"https:\/\/www.europesays.com\/de\/wp-json\/wp\/v2\/categories?post=504830"},{"taxonomy":"post_tag","embeddable":true,"href":"https:\/\/www.europesays.com\/de\/wp-json\/wp\/v2\/tags?post=504830"}],"curies":[{"name":"wp","href":"https:\/\/api.w.org\/{rel}","templated":true}]}}