{"id":504832,"date":"2025-10-17T03:44:18","date_gmt":"2025-10-17T03:44:18","guid":{"rendered":"https:\/\/www.europesays.com\/de\/504832\/"},"modified":"2025-10-17T03:44:18","modified_gmt":"2025-10-17T03:44:18","slug":"verschwundener-junge-ist-bei-guestrow-gefundene-leiche-fabian-antwort-erwartet-deutschland-welt","status":"publish","type":"post","link":"https:\/\/www.europesays.com\/de\/504832\/","title":{"rendered":"Verschwundener Junge: Ist bei G\u00fcstrow gefundene Leiche Fabian? Antwort erwartet &#8211; Deutschland &#038; Welt"},"content":{"rendered":"<p>Verschwundener Junge<\/p>\n<p>Ist bei G\u00fcstrow gefundene Leiche Fabian? Antwort erwartet<\/p>\n<p>17.10.2025, 05:02 Uhr<\/p>\n<p class=\"teaser\">Nach dem Fund eines toten Kindes bei G\u00fcstrow gingen die Ermittler schnell davon aus, dass es sich um den vermissten achtj\u00e4hrigen Fabian handelt. Das Ergebnis einer DNA-Analyse soll Gewissheit bringen.<\/p>\n<p>G\u00fcstrow (dpa) \u2013 Die Ergebnisse einer DNA-Analyse sollen heute die Frage beantworten, ob es sich bei dem am Dienstag gefundenen toten Jungen um den vermissten achtj\u00e4hrigen Fabian handelt. Die Rechtsmedizin habe f\u00fcr den heutigen Freitag eine entsprechende Auskunft in Aussicht gestellt, sagte der Sprecher der Rostocker Staatsanwaltschaft, Harald Nowack.<\/p>\n<p>Die Ermittler gehen davon aus, dass es sich bei der nahe Klein Upahl gefundenen Leiche mit hoher Wahrscheinlichkeit um Fabian handelt. Dessen Eltern sahen sich nicht imstande, den Jungen f\u00fcr eine Identifikation in Augenschein zu nehmen. <\/p>\n<p>Obduktion weist auf Gewaltverbrechen hin<\/p>\n<p>Am Donnerstag hatte die Staatsanwaltschaft mitgeteilt, dass das gefundene Kind laut vorl\u00e4ufigem Obduktionsergebnis Opfer eines Gewaltverbrechens geworden ist. An dem Leichnam seien entsprechende Spuren festgestellt worden. Ansonsten h\u00e4lt sich die Staatsanwaltschaft weitgehend bedeckt und verweist auf ermittlungstaktische Gr\u00fcnde. Einen Beschuldigten oder eine Beschuldigte gab es bis zuletzt nicht.<\/p>\n<p>Mit den Ermittlungen ist das Fachkommissariat 1 der Kriminalpolizeiinspektion in Rostock betraut, das unter anderem f\u00fcr T\u00f6tungsdelikte zust\u00e4ndig ist. Wenn n\u00f6tig, werde jeder Stein umgedreht, versicherte Oberstaatsanwalt Nowack.<\/p>\n<p>Ermittler starten Zeugenaufruf<\/p>\n<p>Staatsanwaltschaft und Polizei starteten am Donnerstagabend gemeinsam einen Zeugenaufruf. \u00abNach wie vor bittet die Polizei die Bev\u00f6lkerung um die Mitteilung von sachdienlichen Hinweisen, aber auch um die Bereitstellung von gegebenenfalls relevanten Foto- und Videoaufnahmen aus privaten Kameras\u00bb, hie\u00df es. Demnach befragen zahlreiche Einsatzkr\u00e4fte Bewohnerinnen und Bewohner der um den Fundort liegenden Orte und Gemeinden. Auch in G\u00fcstrow werden den Ermittlern zufolge Menschen an deren Wohnanschriften zu m\u00f6glichen Beobachtungen befragt. Das von der Polizei eingerichtete Hinweistelefon sei rund um die Uhr besetzt, betonten die Ermittler.<\/p>\n<p>Wann verlie\u00df Fabian die Wohnung?<\/p>\n<p>Der achtj\u00e4hrige Fabian war am Freitag vergangener Woche wegen Unwohlseins nicht in die Schule gegangen und allein zu Hause geblieben, w\u00e4hrend seine Mutter arbeitete. Laut Polizei gab es eine generelle Verabredung, dass er die Wohnung in G\u00fcstrow zwar verlassen d\u00fcrfe, aber abends zu einer bestimmten Uhrzeit wieder zu Hause sein m\u00fcsse. <\/p>\n<p>Als dies vor einer Woche nicht der Fall war, versuchte die Mutter zun\u00e4chst selbst, den Jungen ausfindig zu machen und meldete ihn schlie\u00dflich als vermisst. Unklar ist unter anderem, wann und wie er die Wohnung verlie\u00df und warum er sein Handy nicht mitnahm.<\/p>\n<p>Hunde zeigten Spuren an<\/p>\n<p>Zun\u00e4chst war vermutet worden, der Junge habe am Tag seines Verschwindens zu seinem Vater fahren wollen, der getrennt von der Mutter s\u00fcdlich von G\u00fcstrow lebt. Sp\u00fcrhunde hatten Fabians Spur bis zum G\u00fcstrower Busbahnhof verfolgen k\u00f6nnen und nahe dem Wohnort des Vaters wiederaufgenommen, bevor sie sich wieder verlor. <\/p>\n<p>Hundertschaften der Polizei suchten tagelang vergeblich nach Fabian. Auch Seen wurden abgesucht. So schlugen Leichensp\u00fcrhunde auf dem Inselsee am Stadtrand von G\u00fcstrow an. Taucher fanden dort jedoch nichts.<\/p>\n<p>Spazierg\u00e4ngerin alarmierte Polizei<\/p>\n<p>Am Dienstagvormittag schlug dann der Hund einer Spazierg\u00e4ngerin in der N\u00e4he der kleinen Gemeinde Klein Upahl etwa 15 Kilometer entfernt von Fabians Wohnort an. Die Frau meldete den Leichenfund der Polizei.<\/p>\n<p>Der Vermisstenfall und der Fund des toten Kindes l\u00f6sten Fassungslosigkeit und Trauer aus. Am Dienstagabend hatten Hunderte Menschen in G\u00fcstrow bei einem Gottesdienst ihr Mitgef\u00fchl bekundet. Als Zeichen der Anteilnahme stellten sie vor der Marienkirche Kerzen ab und legten Pl\u00fcschtiere nieder.<\/p>\n<p><a target=\"_blank\" rel=\"noopener nofollow\" href=\"https:\/\/www.presseportal.de\/blaulicht\/pm\/108746\/6139391\">Pressemitteilung Polizei und Staatsanwaltschaft<\/a><\/p>\n<p>\u00a9 dpa-infocom, dpa:251017-930-172425\/1<\/p>\n","protected":false},"excerpt":{"rendered":"Verschwundener Junge Ist bei G\u00fcstrow gefundene Leiche Fabian? Antwort erwartet 17.10.2025, 05:02 Uhr Nach dem Fund eines toten&hellip;\n","protected":false},"author":2,"featured_media":504833,"comment_status":"","ping_status":"","sticky":false,"template":"","format":"standard","meta":{"footnotes":""},"categories":[2],"tags":[331,3924,332,3922,3364,29,30,84441,13,1114,14,3923,15,3921,12,9326,2408],"class_list":{"0":"post-504832","1":"post","2":"type-post","3":"status-publish","4":"format-standard","5":"has-post-thumbnail","7":"category-deutschland","8":"tag-aktuelle-nachrichten","9":"tag-aktuelle-nachrichten-aus-deutschland","10":"tag-aktuelle-news","11":"tag-aktuelle-news-aus-deutschland","12":"tag-de","13":"tag-deutschland","14":"tag-germany","15":"tag-guestrow","16":"tag-headlines","17":"tag-kinder","18":"tag-nachrichten","19":"tag-nachrichten-aus-deutschland","20":"tag-news","21":"tag-news-aus-deutschland","22":"tag-schlagzeilen","23":"tag-updateme","24":"tag-zusammenfassung"},"share_on_mastodon":{"url":"https:\/\/pubeurope.com\/@de\/115387450307439911","error":""},"_links":{"self":[{"href":"https:\/\/www.europesays.com\/de\/wp-json\/wp\/v2\/posts\/504832","targetHints":{"allow":["GET"]}}],"collection":[{"href":"https:\/\/www.europesays.com\/de\/wp-json\/wp\/v2\/posts"}],"about":[{"href":"https:\/\/www.europesays.com\/de\/wp-json\/wp\/v2\/types\/post"}],"author":[{"embeddable":true,"href":"https:\/\/www.europesays.com\/de\/wp-json\/wp\/v2\/users\/2"}],"replies":[{"embeddable":true,"href":"https:\/\/www.europesays.com\/de\/wp-json\/wp\/v2\/comments?post=504832"}],"version-history":[{"count":0,"href":"https:\/\/www.europesays.com\/de\/wp-json\/wp\/v2\/posts\/504832\/revisions"}],"wp:featuredmedia":[{"embeddable":true,"href":"https:\/\/www.europesays.com\/de\/wp-json\/wp\/v2\/media\/504833"}],"wp:attachment":[{"href":"https:\/\/www.europesays.com\/de\/wp-json\/wp\/v2\/media?parent=504832"}],"wp:term":[{"taxonomy":"category","embeddable":true,"href":"https:\/\/www.europesays.com\/de\/wp-json\/wp\/v2\/categories?post=504832"},{"taxonomy":"post_tag","embeddable":true,"href":"https:\/\/www.europesays.com\/de\/wp-json\/wp\/v2\/tags?post=504832"}],"curies":[{"name":"wp","href":"https:\/\/api.w.org\/{rel}","templated":true}]}}