{"id":504838,"date":"2025-10-17T03:47:12","date_gmt":"2025-10-17T03:47:12","guid":{"rendered":"https:\/\/www.europesays.com\/de\/504838\/"},"modified":"2025-10-17T03:47:12","modified_gmt":"2025-10-17T03:47:12","slug":"duisburger-schuelerin-holt-silber-bei-deutscher-meisterschaft-solarmobile","status":"publish","type":"post","link":"https:\/\/www.europesays.com\/de\/504838\/","title":{"rendered":"Duisburger Sch\u00fclerin holt Silber bei Deutscher Meisterschaft Solarmobile"},"content":{"rendered":"<p class=\"small date article__date\">Ver\u00f6ffentlicht:\u00a0Freitag, 17.10.2025 04:54<\/p>\n<p>Eine Siebtkl\u00e4sslerin aus Duisburg hat bei der Deutschen Meisterschaft Solarmobile Silber geholt.\u00a0F\u00fcr ihre besonderen Sunpower-Solarzellen gab es zus\u00e4tzlich einen Sonderpreis.<\/p>\n<p><img decoding=\"async\" alt=\"Duisburger Sch\u00fclerin holt Silber bei Deutscher Meisterschaft Solarmobile\" src=\"https:\/\/www.europesays.com\/de\/wp-content\/uploads\/2025\/10\/duisburger-schuelerin-holt-silber-bei-deutscher-meisterschaft-solarmobile.jpg&#038;crop=0x0x3720x2325&#038;res.jpeg\" data-size=\"1280x800\"\/>\u00a9 Johann Pleschinger<\/p>\n<p>Victory Otokhine vom Abtei-Gymnasium in Duisburg-Hamborn hat bei der 16. Deutschen Meisterschaft Solarmobile den zweiten Platz in ihrer Altersklasse erreicht. Die Siebtkl\u00e4sslerin \u00fcberzeugte mit zwei selbstgebauten Solarfahrzeugen und gewann zus\u00e4tzlich einen Sonderpreis f\u00fcr innovative Solartechnik.<\/p>\n<p>Zwei Wettbewerbe, zwei Erfolge<\/p>\n<p>Bei der Meisterschaft in der DASA Arbeitswelt Ausstellung in Dortmund musste sich Victory gleich in zwei Disziplinen beweisen. Im ersten Wertungslauf galt es, mit dem Solarfahrzeug zweimal eine zehn Meter lange Strecke so schnell wie m\u00f6glich zu bew\u00e4ltigen. Der zweite Wettbewerb stellte andere Anforderungen: Hier kam es auf Ausdauer an \u2013 das Fahrzeug musste mit einer einzigen Stromladung auf einer ovalen Bahn eine m\u00f6glichst weite Distanz zur\u00fccklegen. In der Wertungsklasse A f\u00fcr Teilnehmer bis 14 Jahre sicherte sich die junge T\u00fcftlerin bundesweit den zweiten Platz. Besondere Anerkennung fanden ihre\u00a0Sunpower-Solarzellen, f\u00fcr die sie einen zus\u00e4tzlichen Sonderpreis erhielt.<\/p>\n<p>Jugend-forscht-AG f\u00f6rdert junge Talente<\/p>\n<p>Victory geh\u00f6rt zur Jugend-forscht-AG des Bisch\u00f6flichen Abtei-Gymnasiums, die seit zwei Jahren besteht. Unter der Leitung von Johann Pleschinger, einem pensionierten Lehrer f\u00fcr Technik, Physik, Mathematik und Informatik, arbeiten die Sch\u00fclerinnen und Sch\u00fcler an naturwissenschaftlichen und technischen Projekten. Die AG bereitet ihre Mitglieder gezielt auf Wettbewerbe wie Jugend forscht oder die Deutsche Meisterschaft Solarmobile vor. Bei der diesj\u00e4hrigen Meisterschaft trat das Team des Abtei-Gymnasiums gegen 39 weitere Mannschaften an, die sich gr\u00f6\u00dftenteils \u00fcber Regionalwettbewerbe f\u00fcr den Bundesentscheid qualifiziert hatten.<\/p>\n","protected":false},"excerpt":{"rendered":"Ver\u00f6ffentlicht:\u00a0Freitag, 17.10.2025 04:54 Eine Siebtkl\u00e4sslerin aus Duisburg hat bei der Deutschen Meisterschaft Solarmobile Silber geholt.\u00a0F\u00fcr ihre besonderen Sunpower-Solarzellen&hellip;\n","protected":false},"author":2,"featured_media":504839,"comment_status":"","ping_status":"","sticky":false,"template":"","format":"standard","meta":{"footnotes":""},"categories":[1838],"tags":[126096,3364,29,3715,30,45426,28155,1209,828,20093,4412],"class_list":{"0":"post-504838","1":"post","2":"type-post","3":"status-publish","4":"format-standard","5":"has-post-thumbnail","7":"category-duisburg","8":"tag-schlerin","9":"tag-de","10":"tag-deutschland","11":"tag-duisburg","12":"tag-germany","13":"tag-gewinnerin","14":"tag-jugend-forscht","15":"tag-nordrhein-westfalen","16":"tag-preis","17":"tag-solar","18":"tag-wettbewerb"},"share_on_mastodon":{"url":"https:\/\/pubeurope.com\/@de\/115387463371515184","error":""},"_links":{"self":[{"href":"https:\/\/www.europesays.com\/de\/wp-json\/wp\/v2\/posts\/504838","targetHints":{"allow":["GET"]}}],"collection":[{"href":"https:\/\/www.europesays.com\/de\/wp-json\/wp\/v2\/posts"}],"about":[{"href":"https:\/\/www.europesays.com\/de\/wp-json\/wp\/v2\/types\/post"}],"author":[{"embeddable":true,"href":"https:\/\/www.europesays.com\/de\/wp-json\/wp\/v2\/users\/2"}],"replies":[{"embeddable":true,"href":"https:\/\/www.europesays.com\/de\/wp-json\/wp\/v2\/comments?post=504838"}],"version-history":[{"count":0,"href":"https:\/\/www.europesays.com\/de\/wp-json\/wp\/v2\/posts\/504838\/revisions"}],"wp:featuredmedia":[{"embeddable":true,"href":"https:\/\/www.europesays.com\/de\/wp-json\/wp\/v2\/media\/504839"}],"wp:attachment":[{"href":"https:\/\/www.europesays.com\/de\/wp-json\/wp\/v2\/media?parent=504838"}],"wp:term":[{"taxonomy":"category","embeddable":true,"href":"https:\/\/www.europesays.com\/de\/wp-json\/wp\/v2\/categories?post=504838"},{"taxonomy":"post_tag","embeddable":true,"href":"https:\/\/www.europesays.com\/de\/wp-json\/wp\/v2\/tags?post=504838"}],"curies":[{"name":"wp","href":"https:\/\/api.w.org\/{rel}","templated":true}]}}