{"id":504842,"date":"2025-10-17T03:49:11","date_gmt":"2025-10-17T03:49:11","guid":{"rendered":"https:\/\/www.europesays.com\/de\/504842\/"},"modified":"2025-10-17T03:49:11","modified_gmt":"2025-10-17T03:49:11","slug":"das-geht-in-nuernberg-und-der-region-an-halloween","status":"publish","type":"post","link":"https:\/\/www.europesays.com\/de\/504842\/","title":{"rendered":"Das geht in N\u00fcrnberg und der Region an Halloween"},"content":{"rendered":"<p>                                &#8211;                                Die Spooky Season beginnt langsam, Halloween ist nicht mehr weit entfernt. In der Region ist f\u00fcr die gruselige Zeit einiges geboten. Ein \u00dcberblick \u00fcber einige Events rund um K\u00fcrbisse, Spukereien und Grusel.<\/p>\n<p>                Halloween steht vor der T\u00fcr &#8211; und damit auch geschnitzte K\u00fcrbisse, Kost\u00fcme, Schminke und viele S\u00fc\u00dfigkeiten. Wir haben ein paar Events in der Region f\u00fcr euch gesammelt.<\/p>\n<p>                                                        K\u00fcrbisschnitzen bei Huckeback<\/p>\n<p>Schon vor Halloween k\u00f6nnen besonders K\u00fcrbisfans bei Huckepack in Erlangen in die richtige Stimmung kommen. Auf dem Hof, wo sonst selbst geerntet werden kann und Kinder viele Spielm\u00f6glichkeiten haben, \u201everwandelt sich unsere Naturspielwiese in eine schaurig-sch\u00f6ne Geisterwiese voller K\u00fcrbiszauber, Lichter &amp; G\u00e4nsehaut-Momente!\u201c, wie der Hof auf Instagram ank\u00fcndigt. Am 18. und 19. und am 25. und 26. Oktober gibt es Gruselparcours, K\u00fcrbisschnitzen, Bastelaktionen, Maisbad und Strohlabyrinths.<\/p>\n<p>Au\u00dferdem bietet das Bauernhofcaf\u00e9 verschiedene Herbst-Specials, herzhafte Snacks und hei\u00dfe Getr\u00e4nke. Am 25. Oktober steht dann noch ein Rockkonzert mit Xplosion und LED-Show an. Der Eintritt ist frei.<\/p>\n<blockquote class=\"instagram-media cmplazyload\" data-instgrm-captioned=\"\" data-instgrm-permalink=\"https:\/\/www.instagram.com\/p\/DPek1KKDaZ5\/?utm_source=ig_embed&amp;utm_campaign=loading\" data-instgrm-version=\"14\" style=\"background: #FFF; border: 0; border-radius: 3px; box-shadow: 0 0 1px 0 rgba(0,0,0,0.5),0 1px 10px 0 rgba(0,0,0,0.15); margin: 1px; max-width: 540px; min-width: 326px; padding: 0; width: calc(100% - 2px);\" data-cmp-vendor=\"s14\" data-cmp-preview-attached=\"1\" data-cmp-hide=\"1\" data-cmp-ab=\"1\">\n<\/blockquote>\n<p>                                                        Moderne Kunst im spooky Stil<\/p>\n<p>Zum Einstimmen auf Halloween l\u00e4dt auch die Ausstellung \u201eSpuren von Morgen\u201c von Bellaworx in der N\u00fcrnberger S\u00fcdstadt f\u00fcr ein bisschen spooky Stimmung. Die Ausstellung ist zwar nicht spezifisch auf Halloween ausgerichtet, mit ihren futuristischen Gebilden und Lichtspielen schafft sie aber trotzdem eine passende Atmosph\u00e4re.<\/p>\n<p>An einigen Donnerstagen und Sonntagen k\u00f6nnen Besucherinnen und Besucher kostenlos eintauchen, zum Beispiel am 26. Oktober von 12 bis 18 Uhr und am 30. Oktober von 18 bis 21 Uhr.<\/p>\n<blockquote class=\"instagram-media cmplazyload\" data-instgrm-captioned=\"\" data-instgrm-permalink=\"https:\/\/www.instagram.com\/p\/DO23JruDFVx\/?utm_source=ig_embed&amp;utm_campaign=loading\" data-instgrm-version=\"14\" style=\"background: #FFF; border: 0; border-radius: 3px; box-shadow: 0 0 1px 0 rgba(0,0,0,0.5),0 1px 10px 0 rgba(0,0,0,0.15); margin: 1px; max-width: 540px; min-width: 326px; padding: 0; width: calc(100% - 2px);\" data-cmp-vendor=\"s14\" data-cmp-preview-attached=\"1\" data-cmp-hide=\"1\" data-cmp-ab=\"1\">\n<\/blockquote>\n<p>                                                        Gruselfest f\u00fcr Kinder<\/p>\n<p>Ab 15 Uhr ist in F\u00fcrth besonders f\u00fcr Kinder einiges geboten: In der Stadthalle F\u00fcrth findet ein \u201eGruselfest f\u00fcr coole Geister und Gruselmonster\u201c fest. \u201eAn diesem Nachmittag treibt eine bunte Geisterschar ihr Unwesen im Spukschloss Stadthalle. Gruselmonster, Spukgestalten und Co. streifen durch den schaurig geschm\u00fcckten Geisterpalast\u201c, hei\u00dft es auf der Webseite der Stadthalle. Die verwandelt sich in ein Spukschloss, im gro\u00dfen Saal treten Obermagier Urs Jandl mit Zauberk\u00fcnsten und das Geisterteam der Tanzschule Streng auf, im Wintergarten gibt es ein Puppentheater mit Gruselst\u00fccken.<\/p>\n<p>Au\u00dferdem finden die kleinen Halloweenfans Kinderschminken, Airbrush-Tattoos, eine Malstation und eine Tombola in der gruseligen Stadthalle. Einlass ist ab 14 Uhr, das Event geht bis 18 Uhr. Tickets an der Tageskasse kosten 9 Euro, Kinder unter zwei Jahren zahlen keinen Eintritt.<\/p>\n<p>                                                        Grusel-Party in der Stadtvilla<\/p>\n<p>\u201eScary Vibes\u201c, \u201eSoulful Screams\u201c und \u201eHaunted Moments\u201c verspricht Heart and Soul Events f\u00fcr den 31. Oktober. In der Stadtvilla N\u00fcrnberg findet an Halloween n\u00e4mlich das Event mit dem aussagekr\u00e4ftigen Titel \u201eThe Mansion of the Lost Souls\u201c statt. Von 18 bis 2 Uhr kann hier der gruselige Feiertag gefeiert werden.<\/p>\n<p>Skelette, K\u00fcrbisse, Geister, Hexen und Lichter erwarten mutige Besucherinnen und Besucher. Die Veranstalter motivieren zum Verkleiden, Tickets gibt es bereits im Vorverkauf f\u00fcr 18 Euro.<\/p>\n<blockquote class=\"instagram-media cmplazyload\" data-instgrm-captioned=\"\" data-instgrm-permalink=\"https:\/\/www.instagram.com\/reel\/DPy8Zf7DcGs\/?utm_source=ig_embed&amp;utm_campaign=loading\" data-instgrm-version=\"14\" style=\"background: #FFF; border: 0; border-radius: 3px; box-shadow: 0 0 1px 0 rgba(0,0,0,0.5),0 1px 10px 0 rgba(0,0,0,0.15); margin: 1px; max-width: 540px; min-width: 326px; padding: 0; width: calc(100% - 2px);\" data-cmp-vendor=\"s14\" data-cmp-preview-attached=\"1\" data-cmp-hide=\"1\" data-cmp-ab=\"1\">\n<\/blockquote>\n<p>                                                        Feiereien in der Kulturfabrik und im Galaxy<\/p>\n<p>In Roth kann man f\u00fcr einen Eintrittspreis gleich in zwei Locations gruselig feiern &#8211; am besten verkleidet, denn f\u00fcr jede und jeden in Kost\u00fcm gibt es einen kostenlosen Shot. In der Kulturfarbik l\u00e4uft EDM, Trance und Techno unter dem Motto \u201eRave to the Grave\u201c, im Galaxy 90er und 2000er. \u201eDoppelte Eskalation\u201c verspricht die Kulturfabrik.<\/p>\n<p>Um 20 Uhr geht\u2018s los und Halloweenfans k\u00f6nnen munter zwischen den beiden Locations hin und her wechseln. Tickets kosten im Vorverkauf 10 Euro, an der Abendkasse dann 12 Euro.<\/p>\n<blockquote class=\"instagram-media cmplazyload\" data-instgrm-captioned=\"\" data-instgrm-permalink=\"https:\/\/www.instagram.com\/p\/DP0hLn4DOzC\/?utm_source=ig_embed&amp;utm_campaign=loading\" data-instgrm-version=\"14\" style=\"background: #FFF; border: 0; border-radius: 3px; box-shadow: 0 0 1px 0 rgba(0,0,0,0.5),0 1px 10px 0 rgba(0,0,0,0.15); margin: 1px; max-width: 540px; min-width: 326px; padding: 0; width: calc(100% - 2px);\" data-cmp-vendor=\"s14\" data-cmp-preview-attached=\"1\" data-cmp-hide=\"1\" data-cmp-ab=\"1\">\n<\/blockquote>\n<p>                                                        Gruselige Klettern<\/p>\n<p>Auch im Caf\u00e9 Kraft wird Halloween gefeiert. Zum dritten Mal in Folge feiert die Boulderhalle in N\u00fcrnberg \u201eunsere legend\u00e4re Halloweenparty\u201c. Diesmal soll es nur \u201enoch besser, wilder und fetter\u201c werden. Am 31. Oktober ab 18 Uhr erwartet die Boulenden 35 Boulder und Special Challenges, au\u00dferdem ein DJ, Schwarzlicht und Popcorn.<\/p>\n<p>\u201eEs wird eine megageilesuperhyperfette Party!\u201c, verspricht das Caf\u00e9 Kraft. Auch Kost\u00fcme sind offenbar erw\u00fcnscht.<\/p>\n<blockquote class=\"instagram-media cmplazyload\" data-instgrm-captioned=\"\" data-instgrm-permalink=\"https:\/\/www.instagram.com\/p\/DPn4WxKjWsx\/?utm_source=ig_embed&amp;utm_campaign=loading\" data-instgrm-version=\"14\" style=\"background: #FFF; border: 0; border-radius: 3px; box-shadow: 0 0 1px 0 rgba(0,0,0,0.5),0 1px 10px 0 rgba(0,0,0,0.15); margin: 1px; max-width: 540px; min-width: 326px; padding: 0; width: calc(100% - 2px);\" data-cmp-vendor=\"s14\" data-cmp-preview-attached=\"1\" data-cmp-hide=\"1\" data-cmp-ab=\"1\">\n<\/blockquote>\n<p>                                                        Halloween im Pub<\/p>\n<p>In der O\u2018Toole\u2018s Schmiede im N\u00fcrnberger Stadtteil Gostenhof geht es schon um 19 Uhr los. Das Fest der Geister und Gespenster wird hier im gruselig dekorierten Irish Pub gefeiert, Einlass ist sogar schon um 17 Uhr.<\/p>\n<p>Mit Gentle Voice sorgt eine Live-Band \u201ef\u00fcr die richtige Partystimmung\u201c, wie der Pub auf Instagram verk\u00fcndet. Au\u00dferdem gibt es Cocktails, Bier und unter anderem veganes Essen. Der Eintritt ist frei.<\/p>\n<p>Diese Auflistung hat keinen Anspruch auf Vollst\u00e4ndigkeit und listet nur ein paar, vielleicht etwas ungew\u00f6hnlichere Events in der Gegend. Die meisten Clubs und viele Bars bieten nat\u00fcrlich auch Partys und Events im Stil von Halloween.<\/p>\n<p>                                            <script async src=\"\/\/www.instagram.com\/embed.js\"><\/script><\/p>\n","protected":false},"excerpt":{"rendered":"&#8211; Die Spooky Season beginnt langsam, Halloween ist nicht mehr weit entfernt. In der Region ist f\u00fcr die&hellip;\n","protected":false},"author":2,"featured_media":504843,"comment_status":"","ping_status":"","sticky":false,"template":"","format":"standard","meta":{"footnotes":""},"categories":[1837],"tags":[772,3364,29,30,3783],"class_list":{"0":"post-504842","1":"post","2":"type-post","3":"status-publish","4":"format-standard","5":"has-post-thumbnail","7":"category-nuernberg","8":"tag-bayern","9":"tag-de","10":"tag-deutschland","11":"tag-germany","12":"tag-nuernberg"},"share_on_mastodon":{"url":"","error":""},"_links":{"self":[{"href":"https:\/\/www.europesays.com\/de\/wp-json\/wp\/v2\/posts\/504842","targetHints":{"allow":["GET"]}}],"collection":[{"href":"https:\/\/www.europesays.com\/de\/wp-json\/wp\/v2\/posts"}],"about":[{"href":"https:\/\/www.europesays.com\/de\/wp-json\/wp\/v2\/types\/post"}],"author":[{"embeddable":true,"href":"https:\/\/www.europesays.com\/de\/wp-json\/wp\/v2\/users\/2"}],"replies":[{"embeddable":true,"href":"https:\/\/www.europesays.com\/de\/wp-json\/wp\/v2\/comments?post=504842"}],"version-history":[{"count":0,"href":"https:\/\/www.europesays.com\/de\/wp-json\/wp\/v2\/posts\/504842\/revisions"}],"wp:featuredmedia":[{"embeddable":true,"href":"https:\/\/www.europesays.com\/de\/wp-json\/wp\/v2\/media\/504843"}],"wp:attachment":[{"href":"https:\/\/www.europesays.com\/de\/wp-json\/wp\/v2\/media?parent=504842"}],"wp:term":[{"taxonomy":"category","embeddable":true,"href":"https:\/\/www.europesays.com\/de\/wp-json\/wp\/v2\/categories?post=504842"},{"taxonomy":"post_tag","embeddable":true,"href":"https:\/\/www.europesays.com\/de\/wp-json\/wp\/v2\/tags?post=504842"}],"curies":[{"name":"wp","href":"https:\/\/api.w.org\/{rel}","templated":true}]}}