{"id":504858,"date":"2025-10-17T03:58:11","date_gmt":"2025-10-17T03:58:11","guid":{"rendered":"https:\/\/www.europesays.com\/de\/504858\/"},"modified":"2025-10-17T03:58:11","modified_gmt":"2025-10-17T03:58:11","slug":"g9-jahrgang-in-essen-so-viele-schueler-machen-2026-abitur","status":"publish","type":"post","link":"https:\/\/www.europesays.com\/de\/504858\/","title":{"rendered":"G9-Jahrgang in Essen: So viele Sch\u00fcler machen 2026 Abitur"},"content":{"rendered":"<p>Weniger Abiturientinnen und Abiturienten in Essen<\/p>\n<p>In Essen werden im Jahr 2026 deutlich weniger Sch\u00fclerinnen und Sch\u00fcler ihr Abitur machen als in den vergangenen Jahren. <a href=\"https:\/\/www.radioessen.de\/artikel\/g8-vs-g9-in-essen-rueckkehr-zu-g9-und-die-folgen-2410356.html\" rel=\"noopener noreferrer nofollow\" target=\"_blank\">Der Grund daf\u00fcr ist die R\u00fcckkehr zur G9-Regelung<\/a> \u2013 das bedeutet, das Abitur wird nach 13 Schuljahren statt nach 12 Jahren abgelegt. Seit 2005 galt in Nordrhein-Westfalen die G8-Regelung, bei der das Abitur bereits nach acht Jahren am Gymnasium erreicht wird. \u00dcber diese Verk\u00fcrzung wurde jedoch immer wieder diskutiert. Mit dem Schuljahr 2019\/20 wurde schlie\u00dflich wieder auf G9 umgestellt. Das bedeutet: Der letzte regul\u00e4re G8-Jahrgang legte 2025 sein Abitur ab.<\/p>\n<p>F\u00fcr das Jahr 2026 hat diese Umstellung eine deutliche Auswirkung: Die Zahl der Abiturientinnen und Abiturienten in Essen sinkt erheblich. W\u00e4hrend in diesem Jahr noch \u00fcber 2.500 Sch\u00fcler ihr Abitur gemacht haben, werden es im n\u00e4chsten Jahr nur rund 900 sein \u2013 davon 416 an den Gymnasien. Im laufenden Schuljahr gibt es in Essen nur an f\u00fcnf Schulen einen Abitur-Jahrgang: am Burggymnasium, Gymnasium Borbeck, der UNESCO-Schule, dem Mariengymnasium und dem Gymnasium am Stoppenberg. Diese Jahrg\u00e4nge setzen sich aus Sch\u00fclerinnen und Sch\u00fclern zusammen, die eine Stufe wiederholen mussten oder von anderen Schulformen gewechselt sind.<\/p>\n<p>Zus\u00e4tzlich werden auch an den Gesamtschulen (448) und privaten Schulen (38) Abiturienten ihr Zeugnis erhalten. Der erste regul\u00e4re G8-Jahrgang, der nach 12 Jahren sein Abitur macht, wird dann im Jahr 2027 die Schule abschlie\u00dfen.<\/p>\n<p>Auswirkungen in Essen von G9-Umstellung<\/p>\n<p>Die Umstellung hat auch Auswirkungen auf den Ausbildungsmarkt. F\u00fcr Unternehmen wird es im n\u00e4chsten Jahr schwerer, Auszubildende zu finden. Die Handwerkskammer r\u00e4t, sich fr\u00fch um Nachwuchs zu k\u00fcmmern und Angebote schnell bekannt zu machen. Wer schnell entscheidet, bekommt die besten Bewerber, hei\u00dft es von der IHK. Ein anderer Effekt sind die Preise bei Abipartys. Einige Veranstalter gehen davon aus, dass sie ihre Preise &#8211; wegen der geringen Nachfrage &#8211; anziehen m\u00fcssen.<\/p>\n<p>Mehr Nachrichten aus Essen<\/p>\n","protected":false},"excerpt":{"rendered":"Weniger Abiturientinnen und Abiturienten in Essen In Essen werden im Jahr 2026 deutlich weniger Sch\u00fclerinnen und Sch\u00fcler ihr&hellip;\n","protected":false},"author":2,"featured_media":504859,"comment_status":"","ping_status":"","sticky":false,"template":"","format":"standard","meta":{"footnotes":""},"categories":[1834],"tags":[126097,46139,3275,46144,21127,45307,3364,29,3688,30,1209],"class_list":{"0":"post-504858","1":"post","2":"type-post","3":"status-publish","4":"format-standard","5":"has-post-thumbnail","7":"category-essen","8":"tag-abitur-2026","9":"tag-g8","10":"tag-lokalnachrichten","11":"tag-rckkehr-zu-g9","12":"tag-abitur","13":"tag-abiturjahrgang","14":"tag-de","15":"tag-deutschland","16":"tag-essen","17":"tag-germany","18":"tag-nordrhein-westfalen"},"share_on_mastodon":{"url":"https:\/\/pubeurope.com\/@de\/115387505327371352","error":""},"_links":{"self":[{"href":"https:\/\/www.europesays.com\/de\/wp-json\/wp\/v2\/posts\/504858","targetHints":{"allow":["GET"]}}],"collection":[{"href":"https:\/\/www.europesays.com\/de\/wp-json\/wp\/v2\/posts"}],"about":[{"href":"https:\/\/www.europesays.com\/de\/wp-json\/wp\/v2\/types\/post"}],"author":[{"embeddable":true,"href":"https:\/\/www.europesays.com\/de\/wp-json\/wp\/v2\/users\/2"}],"replies":[{"embeddable":true,"href":"https:\/\/www.europesays.com\/de\/wp-json\/wp\/v2\/comments?post=504858"}],"version-history":[{"count":0,"href":"https:\/\/www.europesays.com\/de\/wp-json\/wp\/v2\/posts\/504858\/revisions"}],"wp:featuredmedia":[{"embeddable":true,"href":"https:\/\/www.europesays.com\/de\/wp-json\/wp\/v2\/media\/504859"}],"wp:attachment":[{"href":"https:\/\/www.europesays.com\/de\/wp-json\/wp\/v2\/media?parent=504858"}],"wp:term":[{"taxonomy":"category","embeddable":true,"href":"https:\/\/www.europesays.com\/de\/wp-json\/wp\/v2\/categories?post=504858"},{"taxonomy":"post_tag","embeddable":true,"href":"https:\/\/www.europesays.com\/de\/wp-json\/wp\/v2\/tags?post=504858"}],"curies":[{"name":"wp","href":"https:\/\/api.w.org\/{rel}","templated":true}]}}