{"id":504864,"date":"2025-10-17T04:01:14","date_gmt":"2025-10-17T04:01:14","guid":{"rendered":"https:\/\/www.europesays.com\/de\/504864\/"},"modified":"2025-10-17T04:01:14","modified_gmt":"2025-10-17T04:01:14","slug":"neue-flugverbindung-am-flughafen-dortmund-mit-wizz-air-nach-bratislava-ab-17-maerz-2026","status":"publish","type":"post","link":"https:\/\/www.europesays.com\/de\/504864\/","title":{"rendered":"Neue Flugverbindung am Flughafen Dortmund Mit Wizz Air nach Bratislava ab 17. M\u00e4rz 2026"},"content":{"rendered":"<p>\t\tNeue Flugverbindung am Flughafen Dortmund<br \/>\n\t\t\t\t\tAuch das Land ist neu im Programm<\/p>\n<p>    <a href=\"https:\/\/www.ruhrnachrichten.de\/wp-content\/uploads\/2025\/10\/16\/15\/630_0900_5179946_-1648x824.jpg\" target=\"_blank\" rel=\"noopener\"><\/p>\n<p>            <img loading=\"lazy\" decoding=\"async\" src=\"https:\/\/www.europesays.com\/de\/wp-content\/uploads\/2025\/10\/630_0900_5179981_-640x428.jpg\" width=\"640\" height=\"428\"  alt=\"Auf dem Bild ist ein Flieger von Wizz Air, der gerade durch die Luft fliegt.\"\/><\/p>\n<p>    <\/a><br \/>\n    Ab M\u00e4rz 2026 k\u00f6nnen Passagiere mit Wizz Air von Dortmund nach Bratislava fliegen. \u00a9 Archiv<\/p>\n<p class=\"article__teaser-text\">Der Dortmund Airport nimmt ein weiteres Ziel in sein Streckennetz auf. Ab M\u00e4rz 2026 steht eine Hauptstadt an der Donau im Flugplan.<\/p>\n<p>1 Min Lesezeit<\/p>\n<p>Ab dem 17. M\u00e4rz 2026 erweitert der Dortmunder Flughafen sein Streckennetz um ein neues Ziel: Die ungarische Fluggesellschaft Wizz Air nimmt Bratislava, die Hauptstadt der Slowakei, in ihren Flugplan auf. Das k\u00fcndigte der Airport in einer Pressemitteilung an. Damit erg\u00e4nzt die Slowakei das Angebot des Dortmunder Flughafens als neues Zielland. Die Verbindung wird laut Ank\u00fcndigung dreimal w\u00f6chentlich \u2013 dienstags, donnerstags und samstags \u2013 angeboten. In weniger als zwei Stunden Flugzeit erreichen Reisende das Ziel an der Donau.<\/p>\n<p>\u201eDie neue Strecke nach Bratislava erm\u00f6glicht es uns, nicht nur ein weiteres Land in unser Portfolio aufzunehmen, sondern unseren Passagieren eine faszinierende europ\u00e4ische Hauptstadt mit einzigartigen kulturellen und historischen Attraktionen n\u00e4herzubringen\u201c, erkl\u00e4rt Guido Miletic, Leiter Airport Services + Marketing &amp; Sales. Bratislava liegt im Dreil\u00e4ndereck von Slowakei, Ungarn und \u00d6sterreich, 80 Kilometer von Wien entfernt. Fl\u00fcge sind laut dem Dortmund Airport ab sofort \u00fcber Wizz Air buchbar.<\/p>\n<p>R\u00fcckzug von zwei Airlines<\/p>\n<p>Im Gegensatz zu Wizz Air hatte <a href=\"https:\/\/www.ruhrnachrichten.de\/dortmund\/eurowings-rueckzug-dortmund-flughafen-chef-standortkosten-ludger-van-bebber-basis-mallorca-w1089718-2001845243\/\" data-imported=\"1\" target=\"_blank\" rel=\"noopener\">Eurowings erst vor wenigen Tagen einen R\u00fcckzug vom Dortmunder Flughafen angek\u00fcndigt<\/a>. Von f\u00fcnf Reisezielen bleibt noch eines \u00fcbrig \u2013 Palma de Mallorca. Erst im vergangenen Jahr hatte Ryanair seinen R\u00fcckzug angek\u00fcndigt. Die Airline war im <a href=\"https:\/\/www.ruhrnachrichten.de\/dortmund\/flughafen-dortmund-ryanair-sommer-fluege-abgang-airline-steuern-standortkosten-van-bebber-w1012181-2001599204\/\" data-imported=\"1\" target=\"_blank\" rel=\"noopener\">Sommer 2025 das letzte Mal<\/a> von Dortmund aus abgeflogen.<\/p>\n<p>\t\t<a href=\"https:\/\/www.ruhrnachrichten.de\/dortmund\/eurowings-rueckzug-dortmund-flughafen-chef-standortkosten-ludger-van-bebber-basis-mallorca-w1089718-2001845243\/\" rel=\"nofollow noopener\" aria-hidden=\"true\" tabindex=\"-1\" title=\"Eurowings schlie\u00dft Basis in Dortmund Flughafen-Chef sieht Standortkosten als Hauptproblem\" aria-label=\"Eurowings schlie\u00dft Basis in Dortmund Flughafen-Chef sieht Standortkosten als Hauptproblem\" target=\"_blank\"><\/p>\n<p>                <img decoding=\"async\" src=\"https:\/\/www.europesays.com\/de\/wp-content\/uploads\/2025\/10\/630_0900_5176649_-160x160.jpg\"  width=\"160\" height=\"160\" alt=\"Ludger van Bebber ist seit 2020 Gesch\u00e4ftsf\u00fchrer des Dortmunder Flughafens. Er hat innerhalb der vergangenen f\u00fcnf Jahre zahlreiche Krisen durchgestanden.\" loading=\"lazy\"\/><\/p>\n<p>\t\t<\/a><\/p>\n<p>\t\t<a href=\"https:\/\/www.ruhrnachrichten.de\/dortmund\/eurowings-rueckzug-flughafen-dortmund-fluege-streichungen-mallorca-verlust-w1088750-2001841944\/\" rel=\"nofollow noopener\" aria-hidden=\"true\" tabindex=\"-1\" title=\"Eurowings zieht sich vom Dortmunder Flughafen zur\u00fcck Fast alle Fl\u00fcge gestrichen\" aria-label=\"Eurowings zieht sich vom Dortmunder Flughafen zur\u00fcck Fast alle Fl\u00fcge gestrichen\" target=\"_blank\"><\/p>\n<p>                <img decoding=\"async\" src=\"https:\/\/www.europesays.com\/de\/wp-content\/uploads\/2025\/10\/630_0900_5160750_-160x160.jpg\"  width=\"160\" height=\"160\" alt=\"Ein Eurowings-Flugzeug landet am Flughafen Dortmund\" loading=\"lazy\"\/><\/p>\n<p>\t\t<\/a><\/p>\n","protected":false},"excerpt":{"rendered":"Neue Flugverbindung am Flughafen Dortmund Auch das Land ist neu im Programm Ab M\u00e4rz 2026 k\u00f6nnen Passagiere mit&hellip;\n","protected":false},"author":2,"featured_media":504865,"comment_status":"","ping_status":"","sticky":false,"template":"","format":"standard","meta":{"footnotes":""},"categories":[1833],"tags":[3364,29,217,2109,2507,30,1209],"class_list":{"0":"post-504864","1":"post","2":"type-post","3":"status-publish","4":"format-standard","5":"has-post-thumbnail","7":"category-dortmund","8":"tag-de","9":"tag-deutschland","10":"tag-dortmund","11":"tag-flughafen","12":"tag-freizeit","13":"tag-germany","14":"tag-nordrhein-westfalen"},"share_on_mastodon":{"url":"https:\/\/pubeurope.com\/@de\/115387517286432507","error":""},"_links":{"self":[{"href":"https:\/\/www.europesays.com\/de\/wp-json\/wp\/v2\/posts\/504864","targetHints":{"allow":["GET"]}}],"collection":[{"href":"https:\/\/www.europesays.com\/de\/wp-json\/wp\/v2\/posts"}],"about":[{"href":"https:\/\/www.europesays.com\/de\/wp-json\/wp\/v2\/types\/post"}],"author":[{"embeddable":true,"href":"https:\/\/www.europesays.com\/de\/wp-json\/wp\/v2\/users\/2"}],"replies":[{"embeddable":true,"href":"https:\/\/www.europesays.com\/de\/wp-json\/wp\/v2\/comments?post=504864"}],"version-history":[{"count":0,"href":"https:\/\/www.europesays.com\/de\/wp-json\/wp\/v2\/posts\/504864\/revisions"}],"wp:featuredmedia":[{"embeddable":true,"href":"https:\/\/www.europesays.com\/de\/wp-json\/wp\/v2\/media\/504865"}],"wp:attachment":[{"href":"https:\/\/www.europesays.com\/de\/wp-json\/wp\/v2\/media?parent=504864"}],"wp:term":[{"taxonomy":"category","embeddable":true,"href":"https:\/\/www.europesays.com\/de\/wp-json\/wp\/v2\/categories?post=504864"},{"taxonomy":"post_tag","embeddable":true,"href":"https:\/\/www.europesays.com\/de\/wp-json\/wp\/v2\/tags?post=504864"}],"curies":[{"name":"wp","href":"https:\/\/api.w.org\/{rel}","templated":true}]}}