{"id":504868,"date":"2025-10-17T04:03:13","date_gmt":"2025-10-17T04:03:13","guid":{"rendered":"https:\/\/www.europesays.com\/de\/504868\/"},"modified":"2025-10-17T04:03:13","modified_gmt":"2025-10-17T04:03:13","slug":"rb-leipzig-als-juniorenspieler-ole-werner-waere-fast-beim-hsv-gelandet-sport","status":"publish","type":"post","link":"https:\/\/www.europesays.com\/de\/504868\/","title":{"rendered":"RB Leipzig: Als Juniorenspieler! Ole Werner w\u00e4re fast beim HSV gelandet | Sport"},"content":{"rendered":"<p><b>Es k\u00f6nnte ein Spiel mit Brisanz werden. Ole Werner (37) war Bremen- und Kiel-Trainer. Seine Mutter ist geb\u00fcrtige Hamburgerin. Vor dem Duell am Samstag (15.30 Uhr) mit dem HSV schraubt der Trainer von RB Leipzig den Stellenwert der Partie allerdings herunter.<\/b><\/p>\n<p>\u201eDas ist jetzt keine besondere Rivalit\u00e4t. Ich habe mit dem Verein nicht so viele Ber\u00fchrungspunkte zwischenmenschlich. Ich freue mich einfach auf das Spiel\u201c, erkl\u00e4rt er.<\/p>\n<p>Mehr zum Thema<\/p>\n<p><b>Was kaum jemand wei\u00df: Als Juniorenspieler w\u00e4re er einst fast selbst beim HSV gelandet \u2013 und das sogar gleich zweimal! \u201eDie Anfragen gab es mal. Wer wei\u00df, was dann passiert w\u00e4re, wenn ich da durchgestartet w\u00e4re\u201c, verr\u00e4t er mit einem Lachen auf BILD-Nachfrage.<\/b><\/p>\n<p>Als Mittelfeld-Talent bei Holstein Kiel unter Vertrag, fiel er vor 20 Jahren den HSV-Scouts beim Turnier der Landesauswahlen in Duisburg auf. Werner h\u00e4tte ins Hamburger Jugendinternat gehen k\u00f6nnen, wechselte stattdessen aber ins Leistungszentrum von Hertha BSC.<\/p>\n<p><img decoding=\"async\" width=\"992\" height=\"623\" alt=\"Wegen H\u00fcftproblemen musste Werner 2009 seine Spielerkarriere beenden. Verlernt hat er trotzdem nichts\" src=\"https:\/\/www.europesays.com\/de\/wp-content\/uploads\/2025\/10\/252d09e9dd386df76d3e0ae545e4451a,506a3292\"   class=\"dynamic\" loading=\"lazy\"\/><\/p>\n<p class=\"fig__caption__text\">Wegen H\u00fcftproblemen musste Werner 2009 seine Spielerkarriere beenden. Verlernt hat er trotzdem nichts<\/p>\n<p>Foto: picture alliance \/ HMB Media<\/p>\n<p>Als er zw\u00f6lf Monate sp\u00e4ter zur\u00fcck in den Norden wollte, fragte der HSV erneut an. Doch Werner kehrte nach Kiel zur\u00fcck\u00a0und startete wenige Jahre sp\u00e4ter seine extrem erfolgreiche Trainerkarriere \u2013 mit zahlreichen positiven Duellen gegen den einstigen Bundesliga-Dino!<\/p>\n<p><b>In f\u00fcnf Zweitliga-Spielen mit Kiel und Bremen blieb er gegen den HSV ungeschlagen (ein Sieg, vier Unentschieden). Weckte Werner damit auch das Hamburg-Interesse an ihm als \u00dcbungsleiter? Werner: \u201eDazu sage ich nichts&#8230;\u201c<\/b><\/p>\n<p>Nach dem Training: Mitspieler legen HSV-Star rein<a class=\"anchor video-teaser__anchor\" href=\"https:\/\/www.bild.de\/sport\/fussball\/nach-dem-training-mitspieler-legen-hsv-star-rein-68f0fea12f6e3c54ca9844be\" target=\"_blank\" rel=\"noopener\"><img decoding=\"async\" width=\"992\" height=\"558\" alt=\"Teaser-Bild\" src=\"https:\/\/www.europesays.com\/de\/wp-content\/uploads\/2025\/10\/47f48387d03c0dc25934b404a6ce2cb6-landscape,fbd0b1d4\"   class=\"landscape teaser__image\" loading=\"lazy\"\/><\/a><\/p>\n<p>Quelle: BILD \/ Instagram @hsv16.10.2025<\/p>\n<p>Wichtiger f\u00fcr ihn ist das Jetzt! Und da will der Trainer von <a href=\"https:\/\/www.bild.de\/sport\/fussball\/rb-leipzig\/startseite-leipzig-31148870.bild.html\" class=\"text-link\" target=\"_blank\" rel=\"noopener\">RB Leipzig<\/a> mit seiner Mannschaft die Erfolgsserie von f\u00fcnf Partien ohne Niederlage fortsetzen.<\/p>\n<p><b>Seine <\/b><a href=\"https:\/\/www.bild.de\/sport\/fussball\/rb-leipzig-ole-werner-muss-vor-heimspiel-gegen-hsv-ein-problem-loesen-68f0db81cdf2d9fc0bea12d6\" class=\"text-link\" target=\"_blank\" rel=\"noopener\"><b>Warnung vor dem Aufsteiger<\/b><\/a><b>:<\/b> \u201eWir treffen auf eine Mannschaft, die in der Liga angekommen ist und zuletzt gute Auftritte hatte. Die Hamburger schalten gut um, sind im Ballbesitz gut organisiert und haben immer eine klare Idee, was sie machen wollen. Es geht f\u00fcr uns darum, in allen Phasen hellwach und aufmerksam zu sein, gut abzusichern.\u201c<\/p>\n","protected":false},"excerpt":{"rendered":"Es k\u00f6nnte ein Spiel mit Brisanz werden. Ole Werner (37) war Bremen- und Kiel-Trainer. Seine Mutter ist geb\u00fcrtige&hellip;\n","protected":false},"author":2,"featured_media":504869,"comment_status":"","ping_status":"","sticky":false,"template":"","format":"standard","meta":{"footnotes":""},"categories":[1832],"tags":[3364,29,538,30,3150,71,1655,859,3460,4581,45,539],"class_list":{"0":"post-504868","1":"post","2":"type-post","3":"status-publish","4":"format-standard","5":"has-post-thumbnail","7":"category-leipzig","8":"tag-de","9":"tag-deutschland","10":"tag-erste-bundesliga","11":"tag-germany","12":"tag-hamburger-sv","13":"tag-leipzig","14":"tag-rb-leipzig","15":"tag-sachsen","16":"tag-sport-leuchtturm-leipzig","17":"tag-sport-tag-im-ticker","18":"tag-texttospeech","19":"tag-werner-ole"},"share_on_mastodon":{"url":"https:\/\/pubeurope.com\/@de\/115387525598107073","error":""},"_links":{"self":[{"href":"https:\/\/www.europesays.com\/de\/wp-json\/wp\/v2\/posts\/504868","targetHints":{"allow":["GET"]}}],"collection":[{"href":"https:\/\/www.europesays.com\/de\/wp-json\/wp\/v2\/posts"}],"about":[{"href":"https:\/\/www.europesays.com\/de\/wp-json\/wp\/v2\/types\/post"}],"author":[{"embeddable":true,"href":"https:\/\/www.europesays.com\/de\/wp-json\/wp\/v2\/users\/2"}],"replies":[{"embeddable":true,"href":"https:\/\/www.europesays.com\/de\/wp-json\/wp\/v2\/comments?post=504868"}],"version-history":[{"count":0,"href":"https:\/\/www.europesays.com\/de\/wp-json\/wp\/v2\/posts\/504868\/revisions"}],"wp:featuredmedia":[{"embeddable":true,"href":"https:\/\/www.europesays.com\/de\/wp-json\/wp\/v2\/media\/504869"}],"wp:attachment":[{"href":"https:\/\/www.europesays.com\/de\/wp-json\/wp\/v2\/media?parent=504868"}],"wp:term":[{"taxonomy":"category","embeddable":true,"href":"https:\/\/www.europesays.com\/de\/wp-json\/wp\/v2\/categories?post=504868"},{"taxonomy":"post_tag","embeddable":true,"href":"https:\/\/www.europesays.com\/de\/wp-json\/wp\/v2\/tags?post=504868"}],"curies":[{"name":"wp","href":"https:\/\/api.w.org\/{rel}","templated":true}]}}