{"id":504870,"date":"2025-10-17T04:04:16","date_gmt":"2025-10-17T04:04:16","guid":{"rendered":"https:\/\/www.europesays.com\/de\/504870\/"},"modified":"2025-10-17T04:04:16","modified_gmt":"2025-10-17T04:04:16","slug":"riesenradsaison-startet-antenne-duesseldorf","status":"publish","type":"post","link":"https:\/\/www.europesays.com\/de\/504870\/","title":{"rendered":"Riesenradsaison startet &#8211; Antenne D\u00fcsseldorf"},"content":{"rendered":"<p class=\"small date article__date\">Ver\u00f6ffentlicht:\u00a0Freitag, 17.10.2025 05:34<\/p>\n<p>Auf Social Media werden wir in den n\u00e4chsten Tagen sicher wieder viele Bilder des Riesenrades am Burgplatz sehen: Das Fahrgesch\u00e4ft \u00f6ffnet heute (17.Oktober 2025) Vormittag (11 Uhr). Es ist in den vergangenen Jahren zu einer Art Wahrzeichen in D\u00fcsseldorf geworden und l\u00e4utet die Wintersaison ein. <\/p>\n<p><img decoding=\"async\" alt=\"D\u00fcsseldorfer Wahrzeichen im Sonnenlicht. Der Schlossturm, St. Lambertus und das Riesenrad auf dem Burgplatz sind zu sehen.\" src=\"https:\/\/www.europesays.com\/de\/wp-content\/uploads\/2025\/10\/6-v1.jpeg&#038;crop=0x360x1500x937&#038;resize=1280x799&#038;dt=202410251822520.jpeg\" data-size=\"1280x799\"\/>\u00a9 Antenne D\u00fcsseldorf<\/p>\n","protected":false},"excerpt":{"rendered":"Ver\u00f6ffentlicht:\u00a0Freitag, 17.10.2025 05:34 Auf Social Media werden wir in den n\u00e4chsten Tagen sicher wieder viele Bilder des Riesenrades&hellip;\n","protected":false},"author":2,"featured_media":504871,"comment_status":"","ping_status":"","sticky":false,"template":"","format":"standard","meta":{"footnotes":""},"categories":[1831],"tags":[126098,24788,3364,29,3405,30,1209,7023],"class_list":{"0":"post-504870","1":"post","2":"type-post","3":"status-publish","4":"format-standard","5":"has-post-thumbnail","7":"category-duesseldorf","8":"tag-sehenswrdigkeit","9":"tag-burgplatz","10":"tag-de","11":"tag-deutschland","12":"tag-duesseldorf","13":"tag-germany","14":"tag-nordrhein-westfalen","15":"tag-riesenrad"},"share_on_mastodon":{"url":"https:\/\/pubeurope.com\/@de\/115387529193559975","error":""},"_links":{"self":[{"href":"https:\/\/www.europesays.com\/de\/wp-json\/wp\/v2\/posts\/504870","targetHints":{"allow":["GET"]}}],"collection":[{"href":"https:\/\/www.europesays.com\/de\/wp-json\/wp\/v2\/posts"}],"about":[{"href":"https:\/\/www.europesays.com\/de\/wp-json\/wp\/v2\/types\/post"}],"author":[{"embeddable":true,"href":"https:\/\/www.europesays.com\/de\/wp-json\/wp\/v2\/users\/2"}],"replies":[{"embeddable":true,"href":"https:\/\/www.europesays.com\/de\/wp-json\/wp\/v2\/comments?post=504870"}],"version-history":[{"count":0,"href":"https:\/\/www.europesays.com\/de\/wp-json\/wp\/v2\/posts\/504870\/revisions"}],"wp:featuredmedia":[{"embeddable":true,"href":"https:\/\/www.europesays.com\/de\/wp-json\/wp\/v2\/media\/504871"}],"wp:attachment":[{"href":"https:\/\/www.europesays.com\/de\/wp-json\/wp\/v2\/media?parent=504870"}],"wp:term":[{"taxonomy":"category","embeddable":true,"href":"https:\/\/www.europesays.com\/de\/wp-json\/wp\/v2\/categories?post=504870"},{"taxonomy":"post_tag","embeddable":true,"href":"https:\/\/www.europesays.com\/de\/wp-json\/wp\/v2\/tags?post=504870"}],"curies":[{"name":"wp","href":"https:\/\/api.w.org\/{rel}","templated":true}]}}