{"id":504878,"date":"2025-10-17T04:08:12","date_gmt":"2025-10-17T04:08:12","guid":{"rendered":"https:\/\/www.europesays.com\/de\/504878\/"},"modified":"2025-10-17T04:08:12","modified_gmt":"2025-10-17T04:08:12","slug":"marie-lou-sellem-ermittelt-in-zdf-krimi-frankfurt-files","status":"publish","type":"post","link":"https:\/\/www.europesays.com\/de\/504878\/","title":{"rendered":"Marie-Lou Sellem ermittelt in ZDF-Krimi &#8222;Frankfurt Files\u201c"},"content":{"rendered":"<p>Neuer ZDF-Krimi <\/p>\n<p>Marie-Lou Sellem ermittelt in &#8222;Frankfurt Files&#8220;<\/p>\n<p>17.10.2025 &#8211; 05:43 UhrLesedauer: 2 Min.<\/p>\n<p><a href=\"#focus-0\" class=\"transition-colors duration-200 block text-current relative\" data-sctrack=\"FocusGalleryImage.Reference\"><img fetchpriority=\"high\" data-testid=\"Opener.Image\" style=\"--lqipURL:url('https:\/\/images.t-online.de\/2025\/10\/loFnFKU5vZKx\/0x0:4000x2250\/fit-in\/150x0\/filters:blur(25)\/marie-lou-sellem-archivbild-die-schauspielerin-spielt-die-ermittlerin-in-frankfurt-files.jpg')\"   loading=\"eager\" src=\"https:\/\/www.europesays.com\/de\/wp-content\/uploads\/2025\/10\/marie-lou-sellem-archivbild-die-schauspielerin-spielt-die-ermittlerin-in-frankfurt-files.jpg\" alt=\"Marie-Lou Sellem (Archivbild): Die Schauspielerin spielt die Ermittlerin in &quot;Frankfurt Files&quot;.\" title=\"Marie-Lou Sellem (Archivbild): Die Schauspielerin spielt die Ermittlerin in &quot;Frankfurt Files&quot;.\" width=\"4000\" height=\"2250\" class=\"bg-[url:var(--lqipURL)] bg-cover bg-center flex h-full w-full max-w-full\" decoding=\"async\"\/><img style=\"--width:32;--height:32\" loading=\"lazy\" src=\"https:\/\/frankfurt.t-online.de\/s\/paper\/_next\/static\/media\/zoom-in.f7dae02f.svg\" alt=\"Vergr\u00f6\u00dfern des Bildes\" title=\"Vergr\u00f6\u00dfern des Bildes\" class=\"block h-[calc(var(--height)_\/_16_*_1rem)] w-[calc(var(--width)_\/_16_*_1rem)] max-w-none absolute bottom-8 right-8 rounded-4 bg-snow p-8\" decoding=\"async\"\/><\/a><\/p>\n<p>Marie-Lou Sellem (Archivbild): Die Schauspielerin verk\u00f6rpert die Ermittlering Sarah Frankfurter. (Quelle: IMAGO\/dts Nachrichtenagentur\/imago-images-bilder)<\/p>\n<p class=\"font-bold text-18 leading-17\">Ein Mordfall am Main, eine ungew\u00f6hnliche Ermittlerin und ein junger Kollege: Das ist &#8222;Frankfurt Files&#8220;.<\/p>\n<p class=\"text-18 leading-17\">Eine peinliche Situation wartet auf Kommissarin Sarah Frankfurter: Der Mann, den sie am Morgen noch aus ihrer Wohnung komplimentiert hat, steht pl\u00f6tzlich als ihr neuer Kollege vor ihr. Mit dieser brisanten Konstellation startet das ZDF seinen neuen Samstagskrimi &#8222;Frankfurt Files&#8220;, der derzeit in Frankfurt und Umgebung entsteht.<\/p>\n<p class=\"text-18 leading-17\">Marie-Lou Sellem verk\u00f6rpert die Ermittlerin, die unfreiwillig eng mit dem 20 Jahre j\u00fcngeren Jakob Loose zusammenarbeiten muss \u2013 gespielt von Johannes Hegemann. Als Kollegin Milli Schneider, dargestellt von Leona Grundig, sich im Au\u00dfendienst verletzt, bleibt Sarah nichts anderes \u00fcbrig, als deutlich mehr Zeit mit ihrem neuen Partner zu verbringen, als ihr lieb ist.<\/p>\n<p class=\"text-18 leading-17\">Parallel zur angespannten Teamdynamik wartet ein komplexer Mordfall auf die beiden: Am Mainufer wird die Leiche von Anw\u00e4ltin Nicole Geissner entdeckt, verk\u00f6rpert von Anna Kubin. Die Tote hatte sich \u00f6ffentlich f\u00fcr eine Reform des Embryonenschutzgesetzes stark gemacht. Schnell ger\u00e4t ihr j\u00e4hzorniger Ehemann Nils, gespielt von Franz Hartwig, ins Visier der Ermittler \u2013 doch alle Spuren f\u00fchren ins Leere. Erst im dramatischen Finale gelingt es dem ungleichen Duo, den wahren T\u00e4ter zu \u00fcberf\u00fchren und die tragischen Hintergr\u00fcnde der Tat aufzudecken.<\/p>\n<p class=\"text-18 leading-17\">Am Ende des Films deutet sich eine vers\u00f6hnliche Wendung an: Sarah l\u00e4dt Jakob \u00fcberraschend ein, sie zum j\u00fcdischen Neujahrsfest zu begleiten. Dort hat ihre Tochter Rakhel, gespielt von Victoria Nikolaevskaja, ihren ersten gro\u00dfen Auftritt als Rabbinerin.<\/p>\n<p class=\"text-18 leading-17\">Neben den Hauptdarstellern sind Billey Demirta\u015f, Isabell Polak, Peter Schneider, Wolfram Koch, Isaak Dentler, Patrycia Ziolkowska und Inge Maux in dem Film zu sehen. Regie f\u00fchrt Franziska Margarete Hoenisch nach einem Drehbuch von Elena Lyubarskaya, Tanja Bubbel und Nils Willbrandt. Die Produktion \u00fcbernimmt Olga Film unter der Leitung von Lena Kraeber und Ulli Weber. Die Redaktion im ZDF haben Caroline von Senden, Sandra Dettki und Julia Sattler.<\/p>\n<p class=\"text-18 leading-17\">Wann der Krimi ausgestrahlt wird, steht bisher nicht fest.<\/p>\n","protected":false},"excerpt":{"rendered":"Neuer ZDF-Krimi Marie-Lou Sellem ermittelt in &#8222;Frankfurt Files&#8220; 17.10.2025 &#8211; 05:43 UhrLesedauer: 2 Min. Marie-Lou Sellem (Archivbild): Die&hellip;\n","protected":false},"author":2,"featured_media":504879,"comment_status":"","ping_status":"","sticky":false,"template":"","format":"standard","meta":{"footnotes":""},"categories":[1829],"tags":[3176,522,29,2050,2051,30,2052,126101,106673,126104,126100,126103,19613,126102,126099,1448],"class_list":{"0":"post-504878","1":"post","2":"type-post","3":"status-publish","4":"format-standard","5":"has-post-thumbnail","7":"category-frankfurt-am-main","8":"tag-3176","9":"tag-522","10":"tag-deutschland","11":"tag-frankfurt","12":"tag-frankfurt-am-main","13":"tag-germany","14":"tag-hessen","15":"tag-jakob-loose","16":"tag-johannes-hegemann","17":"tag-leona-grundig","18":"tag-marie-lou-sellem","19":"tag-milli-schneider","20":"tag-mordfall","21":"tag-nicole-geissner","22":"tag-sarah-frankfurter","23":"tag-zdf"},"share_on_mastodon":{"url":"https:\/\/pubeurope.com\/@de\/115387544733268515","error":""},"_links":{"self":[{"href":"https:\/\/www.europesays.com\/de\/wp-json\/wp\/v2\/posts\/504878","targetHints":{"allow":["GET"]}}],"collection":[{"href":"https:\/\/www.europesays.com\/de\/wp-json\/wp\/v2\/posts"}],"about":[{"href":"https:\/\/www.europesays.com\/de\/wp-json\/wp\/v2\/types\/post"}],"author":[{"embeddable":true,"href":"https:\/\/www.europesays.com\/de\/wp-json\/wp\/v2\/users\/2"}],"replies":[{"embeddable":true,"href":"https:\/\/www.europesays.com\/de\/wp-json\/wp\/v2\/comments?post=504878"}],"version-history":[{"count":0,"href":"https:\/\/www.europesays.com\/de\/wp-json\/wp\/v2\/posts\/504878\/revisions"}],"wp:featuredmedia":[{"embeddable":true,"href":"https:\/\/www.europesays.com\/de\/wp-json\/wp\/v2\/media\/504879"}],"wp:attachment":[{"href":"https:\/\/www.europesays.com\/de\/wp-json\/wp\/v2\/media?parent=504878"}],"wp:term":[{"taxonomy":"category","embeddable":true,"href":"https:\/\/www.europesays.com\/de\/wp-json\/wp\/v2\/categories?post=504878"},{"taxonomy":"post_tag","embeddable":true,"href":"https:\/\/www.europesays.com\/de\/wp-json\/wp\/v2\/tags?post=504878"}],"curies":[{"name":"wp","href":"https:\/\/api.w.org\/{rel}","templated":true}]}}