{"id":504890,"date":"2025-10-17T04:15:14","date_gmt":"2025-10-17T04:15:14","guid":{"rendered":"https:\/\/www.europesays.com\/de\/504890\/"},"modified":"2025-10-17T04:15:14","modified_gmt":"2025-10-17T04:15:14","slug":"elbvertiefung-der-taegliche-newsletter-aus-hamburg-hier-finden-sie-alles-was-zu-schoen-zum-wegwerfen-ist","status":"publish","type":"post","link":"https:\/\/www.europesays.com\/de\/504890\/","title":{"rendered":"Elbvertiefung: Der t\u00e4gliche Newsletter aus Hamburg: Hier finden Sie alles, was zu sch\u00f6n zum Wegwerfen ist"},"content":{"rendered":"<p class=\"paragraph article__item\">\u00a0<strong>Liebe<br \/>\nLeserin, lieber Leser,<\/strong>\n<\/p>\n<p class=\"paragraph article__item\">vor dem Wochenende noch zwei<br \/>\ngute Nachrichten aus dem Oberhafen: Die Hanseatische Materialverwaltung wird<br \/>\nk\u00fcnftig dauerhaft gef\u00f6rdert. Ab 2027, wenn die HMV nach der Sanierung wieder in<br \/>\nihre alten R\u00e4ume zur\u00fcckzieht, \u00fcbernimmt die Kulturbeh\u00f6rde die H\u00e4lfte der Miete.<br \/>\nF\u00fcr die Materialverwaltung ist das ein gro\u00dfer Schritt: Nach Jahren voller<br \/>\nProvisorien gibt es endlich eine verl\u00e4ssliche Grundlage f\u00fcr die Zukunft.\n<\/p>\n<p class=\"paragraph article__item\">Die zweite gute Nachricht betrifft das Oberdeck.<br \/>\nDer Au\u00dfenbereich \u2013 eine h\u00f6lzerne Terrasse mit B\u00e4umen, Lichterketten und DJ-Pult<br \/>\n\u2013 sollte eigentlich bald abgebaut werden. Doch das Team hat sich durchgesetzt, und<br \/>\nso bleibt einer der sch\u00f6nsten und geselligsten Pl\u00e4tze im Hafen erhalten.\n<\/p>\n<p class=\"paragraph article__item\">Falls Sie die Hanseatische Materialverwaltung<br \/>\nnoch nicht kennen: Stellen Sie sich eine riesige Halle vor, irgendwo zwischen<br \/>\nTheaterlager, Rumpelkammer und Flohmarkt. Man findet dort Schaufensterpuppen<br \/>\nund Kronleuchter, Piratenschiffe, alte Telefone und Schreibmaschinen \u2013 also<br \/>\npraktisch alles, was zu sch\u00f6n zum Wegwerfen ist. In dem gemeinn\u00fctzigen Fundus<br \/>\nwerden ausrangierte Requisiten und B\u00fchnenbilder gerettet, aufbereitet und neuen<br \/>\nProjekten zur Verf\u00fcgung gestellt \u2013 zum Leihen oder Kaufen. Nach und nach ist aus<br \/>\ndiesem Lager auch eine B\u00fchne geworden f\u00fcr Konzerte, Feste und einen<br \/>\nWeihnachtsmarkt. Ich habe mir dort schon mal sehr spontan einen roten<br \/>\nSamtvorhang, ein Paar Boxhandschuhe und zwei Rettungsringe ausgeliehen. Was man<br \/>\neben so braucht an einem ganz normalen Freitagabend.\n<\/p>\n<p class=\"paragraph article__item\">Gerade steckt die Materialverwaltung mitten im<br \/>\nzweiten von drei Umz\u00fcgen. Denn die Hallen im Oberhafen werden saniert. Bis Ende<br \/>\ndes Jahres zieht das Team in eine \u00dcbergangshalle, in der der Fundus auch 2026<br \/>\nge\u00f6ffnet bleibt. 2027 folgt dann die R\u00fcckkehr in die sanierten R\u00e4ume \u2013 mit<br \/>\nfester F\u00f6rderung und einem Neustart auch f\u00fcr das Oberdeck, das w\u00e4hrend der<br \/>\nSanierung pausiert.\n<\/p>\n<p class=\"paragraph article__item\">Sollten Sie \u00e4hnlichen<br \/>\nDeko-Bedarf haben wie ich: N\u00e4chsten Donnerstag l\u00e4dt die HMV wieder zum &#8222;Rausverkauf&#8220;, bei dem<br \/>\nFundus-St\u00fccke verkauft werden. Vielleicht finden Sie ja etwas, von dem Sie gar<br \/>\nnicht wussten, dass Sie es unbedingt brauchen.\n<\/p>\n<p>                            \u00a9\u00a0ZON<\/p>\n<p>\n                                        Newsletter<br \/>\n                                        Elbvertiefung \u2013 Der t\u00e4gliche Newsletter f\u00fcr Hamburg<\/p>\n<p class=\"newsletter-signup__text\">Erfahren Sie aus der Redaktion der ZEIT, was in Hamburg wichtig ist \u2013 pr\u00e4gnant, pers\u00f6nlich und pointiert, jeden Werktag um 6 Uhr.<\/p>\n<p class=\"newsletter-signup__datapolicy\" hidden=\"\">\n            Mit Ihrer Registrierung nehmen Sie die <a href=\"https:\/\/datenschutz.zeit.de\/zon#Newsletter\" target=\"_blank\" rel=\"noopener\">Datenschutzerkl\u00e4rung<\/a><br \/>\n     zur Kenntnis.\n        <\/p>\n<p>    Vielen Dank! Wir haben Ihnen eine E-Mail geschickt.<\/p>\n<p>Pr\u00fcfen Sie Ihr Postfach und best\u00e4tigen Sie das Newsletter-Abonnement.<\/p>\n<p class=\"paragraph article__item\">Ich w\u00fcnsche Ihnen ein sch\u00f6nes<br \/>\nWochenende!\n<\/p>\n<p class=\"paragraph article__item\"><strong>Ihre Annika<br \/>\nLasarzik<\/strong>\n<\/p>\n<p class=\"paragraph article__item\">Wollen Sie uns Ihre Meinung sagen,<br \/>\nwissen Sie etwas, wor\u00fcber wir berichten sollten? Schreiben Sie uns eine E-Mail<br \/>\nan <a href=\"https:\/\/www.zeit.de\/hamburg\/2025-10\/mailto:hamburg@zeit.de\" target=\"_blank\" rel=\"noopener\">hamburg@zeit.de<\/a>.\n<\/p>\n<p>        WAS HEUTE WICHTIG IST        <\/p>\n<p class=\"paragraph article__item\">\nDie umstrittene unterirdische <strong>Toilette<br \/>\nan der M\u00f6nckebergstra\u00dfe wird zugesch\u00fcttet<\/strong>. &#8222;Die Bauarbeiten werden nicht<br \/>\nfortgef\u00fchrt&#8220;, teilten Umweltbeh\u00f6rde und Stadtreinigung mit. &#8222;Wesentliche Gr\u00fcnde<br \/>\nsind erhebliche Anforderungen an die Baulogistik sowie widrige Umst\u00e4nde im<br \/>\ngesamten Baufeld.&#8220; Nach Angaben des Bundes der Steuerzahler hatte <a class=\"rtr-entity\" href=\"https:\/\/www.zeit.de\/thema\/hamburg\" target=\"_blank\" rel=\"noopener\">Hamburg<\/a> die<br \/>\n\u00f6ffentliche Toilette 2023 ein gutes Jahr lang f\u00fcr rund zwei Millionen Euro<br \/>\nsanieren lassen. Doch nach nur rund drei Monaten Betrieb habe die Anlage Anfang<br \/>\n2024 wegen eines Wasserschadens gesperrt werden m\u00fcssen. &#8222;Dieser Senat schafft<br \/>\nes nicht einmal, eine \u00f6ffentliche Toilette funktionsf\u00e4hig zu halten&#8220;, hei\u00dft es<br \/>\nweiter.\n<\/p>\n<p>                                        \u00a9\u00a0Marcus Brandt\/\u200bdpa<\/p>\n<p class=\"paragraph article__item\">Angesichts der Pl\u00e4ne des rot-gr\u00fcnen<br \/>\nSenats f\u00fcr den Elbtower <strong>hat der CDU-Landesvorsitzende Dennis Thering dem<br \/>\nB\u00fcrgermeister Wortbruch vorgeworfen<\/strong>. Peter Tschentscher (<a class=\"rtr-entity\" href=\"https:\/\/www.zeit.de\/thema\/spd\" target=\"_blank\" rel=\"noopener\">SPD<\/a>) habe noch vor<br \/>\nwenigen Monaten den Hamburgerinnen und Hamburgern versprochen, es werde kein<br \/>\nCent Steuergeld in die Fertigstellung des Elbtowers gesteckt, es handele sich<br \/>\num ein rein privatwirtschaftliches Projekt, kritisierte Thering auf dem<br \/>\nCDU-Landesparteitag im B\u00fcrgerhaus Wilhelmsburg. Geworden sei daraus die<br \/>\n&#8222;Schocksumme&#8220; von knapp 600 Millionen Euro.\u00a0Der rot-gr\u00fcne Senat m\u00f6chte f\u00fcr<br \/>\ndiese Summe das geplante Naturkundemuseum in dem seit rund zwei Jahren als<br \/>\nBauruine am Ostende der Hamburger HafenCity stehenden Elbtower unterbringen.\n<\/p>\n<p class=\"paragraph article__item\">In<br \/>\nvielen Bundesl\u00e4ndern sind die Leistungen von Sch\u00fclerinnen und Sch\u00fclern in<br \/>\nmathematischen und naturwissenschaftlichen F\u00e4chern eingebrochen,<strong> doch in<\/strong><strong> Hamburg ist das<br \/>\nNiveau weitgehend stabil geblieben<\/strong>. Das zeigt die neueste Ausgabe des<br \/>\nIQB-Bildungstrends. In Mathematik liege das Ergebnis sogar &#8222;signifikant \u00fcber dem bundesdeutschen<br \/>\nMittelwert&#8220;, schreiben die Bildungsforscher. Schulsenatorin Ksenija Bekeris (SPD) f\u00fchrt das unter<br \/>\nanderem auf die &#8222;Mathe-Offensive&#8220; zur\u00fcck, die bereits vor rund zehn Jahren<br \/>\neingef\u00fchrt wurde und die Anzahl der Unterrichtsstunden in Mathematik erh\u00f6ht<br \/>\nhat. F\u00fcr den IQB-Bildungstrend<br \/>\nwurden mehr als 48.000 Sch\u00fclerinnen und Sch\u00fcler der neunten Klassen in den<br \/>\nF\u00e4chern Mathematik, Biologie, Chemie und Physik getestet.\n<\/p>\n<p>                        In aller K\u00fcrze        <\/p>\n<p class=\"paragraph article__item\">\n<strong>\u2022<\/strong> Auf dem Container-Terminal in Altenwerder stand am<br \/>\nDonnerstag eine <strong>Containerbr\u00fccke in Flammen<\/strong> <strong>\u2022<\/strong> Rund f\u00fcnf Monate<br \/>\nnach dem Messerangriff im Hauptbahnhof hat die Staatsanwaltschaft gegen die<br \/>\nmutma\u00dfliche T\u00e4terin ein <strong>Sicherungsverfahren beantragt<\/strong>. Ziel sei, die<br \/>\n39-J\u00e4hrige in einem psychiatrischen Krankenhaus unterzubringen, teilte die<br \/>\nAnklagebeh\u00f6rde mit <strong>\u2022<\/strong> Die <strong>K\u00f6hlbrandbr\u00fccke<\/strong> im Hamburger Hafen muss<br \/>\nEnde des Monats wegen Bauarbeiten erneut f\u00fcr ein ganzes Wochenende gesperrt<br \/>\nwerden\n<\/p>\n<p>        THEMA DES TAGES            <\/p>\n<p>                                        \u00a9\u00a0Wesley Tingey\/\u200bunsplash.com<\/p>\n<p>        Wie konnte diese Grausamkeit so lange unbemerkt bleiben?        <\/p>\n<p class=\"paragraph article__item\">Im Fall &#8222;White Tiger&#8220; erhebt die<br \/>\nStaatsanwaltschaft Anklage gegen einen 21-J\u00e4hrigen. Erst nach und nach zeigt<br \/>\nsich das wahre Ausma\u00df der Taten, die ihm vorgeworfen werden. Lesen Sie hier<br \/>\neinen Auszug aus dem Text von ZEIT-Redakteur Christoph Heinemann.\n<\/p>\n<p class=\"paragraph article__item\">Die<br \/>\nSoko &#8222;Mantacore&#8220; bei der <a class=\"rtr-entity\" href=\"https:\/\/www.zeit.de\/thema\/polizei\" target=\"_blank\" rel=\"noopener\">Polizei<\/a> Hamburg arbeitet abgeschirmt. Bis zu 40 Beamte<br \/>\nwerten mehr als zehn Terabyte an Daten aus; Tausende Bilder und mindestens 650<br \/>\nVideos, Mitschnitte von Livestreams im Internet.\n<\/p>\n<p class=\"paragraph article__item\">Zu sehen sind Kinder, in Tr\u00e4nen<br \/>\naufgel\u00f6st, die sich selbst verletzen. Da sind <a class=\"rtr-entity\" href=\"https:\/\/www.zeit.de\/thema\/maenner\" target=\"_blank\" rel=\"noopener\">M\u00e4nner<\/a>, die sie dazu auffordern.<br \/>\nDie sie beschimpfen, einander \u00fcberbieten dabei, ihre Opfer zu immer noch<br \/>\ngrausameren Handlungen zu zwingen. Und da sind noch mehr M\u00e4nner, stumme<br \/>\nZuschauer, erregt vom Leid vor ihren Augen.\n<\/p>\n<p class=\"paragraph article__item\">Noch detaillierter soll hier nicht beschrieben<br \/>\nwerden, was die P\u00e4dokriminellen des Netzwerks &#8222;764&#8220; ihren Opfern antaten. Aber als die Polizei im<br \/>\nJuni einen heute 21 Jahre alten Hamburger verhaftete, der als &#8222;White Tiger&#8220; zu<br \/>\ndessen Gr\u00fcndern geh\u00f6rt haben soll, sprach ein leitender Ermittler im<br \/>\nPolizeipr\u00e4sidium von einem &#8222;Abgrund, den<br \/>\nwir noch nicht kannten&#8220;. Das war, wie sich schnell<br \/>\nzeigte, nicht falsch, aber auch nicht ganz richtig.\n<\/p>\n<p class=\"paragraph article__item\">Denn schon vor mehr als vier Jahren, im Sommer<br \/>\n2021, gab es Hinweise auf den Verd\u00e4chtigen, wie Recherchen der ZEIT ergaben. Es<br \/>\ndauerte jedoch drei Jahre, bis die Beamten die Gefahr richtig einsch\u00e4tzten, und<br \/>\nweitere sieben Monate, bis sie genug Indizien gesammelt hatten, um den<br \/>\nVerd\u00e4chtigen zu stoppen.\n<\/p>\n<p class=\"paragraph article__item\">Nun erhebt die Staatsanwaltschaft Anklage, und<br \/>\nklar wird: Selbst im Sommer, als ein Sondereinsatzkommando ihn zu Hause<br \/>\nfestnahm, wurde das Ausma\u00df des Falls noch untersch\u00e4tzt. Damals war von 124<br \/>\nTaten die Rede, heute sind es bereits 204. Es geht um einen Mord an einem 13<br \/>\nJahre alten Jungen aus den USA, den &#8222;White Tiger&#8220; in den Suizid<br \/>\ngetrieben haben soll. Und um f\u00fcnf versuchte Morde, F\u00e4lle, in denen die Opfer es<br \/>\noffenbar schafften, sich von ihren Peinigern zu l\u00f6sen.\n<\/p>\n<p class=\"paragraph article__item\">Die Identit\u00e4t mehrerer dieser Kinder und<br \/>\nJugendlichen, so ist zu h\u00f6ren, kennen die Ermittler bislang nicht. Sie suchen<br \/>\nnoch nach Gesichtern, die in den Videos zu sehen sind. Aber auch die Zahl der<br \/>\nmutma\u00dflichen Opfer ist bereits gestiegen, von acht auf 30. Die Auswertung aller<br \/>\nDaten ist noch nicht abgeschlossen, das hei\u00dft, bis zu einem Prozessbeginn<br \/>\nk\u00f6nnte noch mehr belastendes Material hinzukommen.\n<\/p>\n<p class=\"paragraph article__item\">Wie konnte das alles passieren? Und wie wollen<br \/>\ndie Ermittler den Mordvorwurf nun beweisen?\n<\/p>\n<p class=\"paragraph article__item\">Den vollst\u00e4ndigen Text von Christoph Heinemann<a href=\"https:\/\/www.zeit.de\/hamburg\/2025-10\/white-tiger-missbrauch-kinder-jugendliche-anklage-hamburg?&amp;icode=01w0040k0059Inhemanew2104&amp;utm_medium=email&amp;utm_source=elbvertiefung&amp;utm_campaign=zplus&amp;utm_content=&amp;wt_zmc=emanew.int.zabo.elbvertiefung.zplus....x\" target=\"_blank\" rel=\"noopener\">finden Sie hier auf zeit.de<\/a>.\n<\/p>\n<p>        DER SATZ            <\/p>\n<p>                                        \u00a9\u00a0Katrin Ribbe\/\u200bThaliaTheater Hamburg<\/p>\n<p class=\"paragraph article__item\">&#8222;Nat\u00fcrlich ist Hannah Arendt l\u00e4ngst eine Pop-Figur, die nicht mehr aus<br \/>\nGedanken, sondern blo\u00df noch aus hastig zusammengesammelten Zitaten besteht&#8220;\n<\/p>\n<p class=\"paragraph article__item\">ZEIT-Redakteur Peter Neumann bespricht das<br \/>\nTheaterst\u00fcck &#8222;Arendt&#8220;, zu sehen im Hamburger Thalia-Theater \u2013\u00a0<a href=\"https:\/\/www.zeit.de\/2025\/44\/arendt-hamburger-thalia-theater-hannah-arendt-biopic?&amp;icode=01w0040k0059Inhemanew2104&amp;utm_medium=email&amp;utm_source=elbvertiefung&amp;utm_campaign=zplus&amp;utm_content=&amp;wt_zmc=emanew.int.zabo.elbvertiefung.zplus....x\" target=\"_blank\" rel=\"noopener\">seine Rezension finden Sie hier<\/a>.\n<\/p>\n<p>        MAHLZEIT &#8211; Die Gastrokritik        <\/p>\n<p class=\"paragraph article__item\">&#8222;Galactic by Stefan F\u00e4th&#8220; steht an der T\u00fcr<br \/>\ndes neuen Lokals in der Westfield-Mall. Grund genug, \u00fcber die Schwelle zu<br \/>\ntreten, auch wenn der Raum, offenbar noch in Arbeit, an ein leicht ramponiertes<br \/>\nGew\u00e4chshaus erinnert. F\u00e4th f\u00fchrt das Jellyfish in der Schanze, eins der besten<br \/>\nHamburger Restaurants. Hier allerdings wurde er nur f\u00fcr die &#8222;kreative Leitung&#8220;<br \/>\neingebunden, was vermutlich hei\u00dft, dass er die Karte gestaltet hat.\n<\/p>\n<p class=\"paragraph article__item\">Die liest sich wirklich kreativ \u2013<br \/>\nvielleicht ein bisschen zu sehr. Die Idee war offenbar, Imbissbuden-Klassiker<br \/>\nzu veredeln \u2013 vom Mettbr\u00f6tchen \u00fcber Currywurst bis zu Fish \u2019n\u2019 Chips. Witzig<br \/>\nist der Hot Dog von der Wei\u00dfwurst mit Laugenbrioche und s\u00fc\u00dfem Senf, auch wenn<br \/>\ner eher als Warm Dog aus der K\u00fcche kommt. Neugierig macht auch die<br \/>\nWiederbelebung von Balkanstuben-Klassikern wie Schaschlik und Cevapcici. Dass Letzteres<br \/>\nim Fladenbrot mit Joghurt kommt und mithin eher t\u00fcrkisch schmeckt, verwundert<br \/>\nallerdings ein wenig. Das \u00fcbrigens sehr gute Brot ist im Galactic ein<br \/>\nSchwerpunkt.\n<\/p>\n<p class=\"paragraph article__item\">Vielleicht lieber ein Fischgericht; daf\u00fcr<br \/>\nist F\u00e4th bekannt. Tats\u00e4chlich macht der Teller mit den Frikadellen vom Seelachs<br \/>\noptisch etwas her: Tupfer von Senfk\u00f6rnern und Forellenkaviar; ein Kringel<br \/>\ngr\u00fcnes Schnittlauch\u00f6l um den Kartoffelsalat. Die etwas trockenen und salzigen<br \/>\nFrikadellen halten da aber nicht mit.\n<\/p>\n<p class=\"paragraph article__item\">Es lohnt wohl, dem Galactic noch ein wenig<br \/>\nZeit zu geben. Wer jetzt schon sein Gl\u00fcck versucht, kann daf\u00fcr noch drau\u00dfen<br \/>\nsitzen, auf einer gro\u00dfen Terrasse mit Elbblick (und \u00fcbler Musikbeschallung).\n<\/p>\n<p class=\"paragraph article__item\">Michael Allmaier\n<\/p>\n<p class=\"paragraph article__item\">In der Westfield-Mall, <br \/>\u00dcberseeboulevard 7, Hafencity <br \/>\n<a href=\"http:\/\/www.galactic-hamburg.de\/\" target=\"_blank\" rel=\"noopener\">www.galactic-hamburg.de<\/a>\n<\/p>\n<p>        DAS K\u00d6NNTE SIE INTERESSIEREN        <\/p>\n<p class=\"paragraph article__item\">Aktuell ist im Museum der Arbeit die<br \/>\nJubil\u00e4umsausstellung &#8222;Louis Braille \u2013 200 Jahre Blindenschrift&#8220; zu sehen. An<br \/>\nverschiedenen Stationen k\u00f6nnen Braille-Schriften ertastet oder auch selbst<br \/>\nerstellt werden. Am Montag, 20. Oktober, um 17 Uhr findet eine spezielle<br \/>\nF\u00fchrung durch einen Braille-Experten des Blinden- und Sehbehindertenvereins<br \/>\nHamburg mit anschlie\u00dfendem Expertengespr\u00e4ch statt, drei weitere solcher<br \/>\ndialogischen F\u00fchrungen sollen bis Februar 2026 folgen.\n<\/p>\n<p class=\"paragraph article__item\"><a href=\"https:\/\/www.shmh.de\/praesentationen\/louis-braille-200-jahre-blindenschrift\/\" target=\"_blank\" rel=\"noopener\">&#8222;Louis Braille \u2013 200 Jahre Blindenschrift&#8220;<\/a>, Ausstellung<br \/>\nvom 1.10.2025 bis 16.2.2026; Museum der Arbeit, Wiesendamm 3; ge\u00f6ffnet t\u00e4glich<br \/>\nab 10 Uhr (dienstags geschlossen); <a href=\"https:\/\/www.shmh.de\/veranstaltungen\/louis-braille-200-jahre-blindenschrift\/6120\/20251020-1700\/\" target=\"_blank\" rel=\"noopener\">Tickets f\u00fcr die F\u00fchrung am 20.10. um 17 Uhr online<\/a>\n<\/p>\n<p>        MEINE STADT            <\/p>\n<p>                            Goldener Herbst \u2013 Busfahrerpause in D\u00fcbelsbr\u00fcck            \u00a9\u00a0Pit Lempp<\/p>\n<p>        HAMBURGER SCHNACK        <\/p>\n<p class=\"paragraph article__item\">&#8222;100 Gramm<br \/>\nungarische Salami bitte. Aber bitte nicht so d\u00fcnn schneiden.&#8220; Der Verk\u00e4ufer<br \/>\nreicht mir eine Scheibe \u00fcber den Tresen und fragt: &#8222;Recht so?&#8220; \u2013 &#8222;Ja, perfekt.&#8220;<br \/>\nEine \u00e4ltere Dame in der Warteschlange hinter mir, vernehmlich: &#8222;Na \u2013 was sagt<br \/>\nman da?!&#8220; Ich: &#8222;Danke! \u2013 Und danke, ich<br \/>\nf\u00fchlte mich kurz wieder wie zehn.&#8220;\n<\/p>\n<p class=\"paragraph article__item\">Geh\u00f6rt von<br \/>\nLutz Rehkopf\n<\/p>\n<p class=\"paragraph article__item\"><strong>Das war die Elbvertiefung, der t\u00e4gliche<br \/>\nHamburg-Newsletter der ZEIT. Wenn Sie m\u00f6chten, dass er t\u00e4glich um 6 Uhr in<br \/>\nIhrem Postfach landet, k\u00f6nnen Sie ihn <\/strong><a href=\"https:\/\/www.zeit.de\/serie\/elbvertiefung\" target=\"_blank\" rel=\"noopener\"><strong>hier<br \/>\nkostenlos abonnieren<\/strong><\/a><strong>.<\/strong><\/p>\n","protected":false},"excerpt":{"rendered":"\u00a0Liebe Leserin, lieber Leser, vor dem Wochenende noch zwei gute Nachrichten aus dem Oberhafen: Die Hanseatische Materialverwaltung wird&hellip;\n","protected":false},"author":2,"featured_media":504891,"comment_status":"","ping_status":"","sticky":false,"template":"","format":"standard","meta":{"footnotes":""},"categories":[1826],"tags":[123992,26381,29,2016,30,692,1989,44635,1980,126107,10501,126106,2778],"class_list":{"0":"post-504890","1":"post","2":"type-post","3":"status-publish","4":"format-standard","5":"has-post-thumbnail","7":"category-hamburg","8":"tag-annika-lasarzik","9":"tag-christoph-heinemann","10":"tag-deutschland","11":"tag-elbvertiefung-der-taegliche-newsletter-aus-hamburg","12":"tag-germany","13":"tag-hamburg","14":"tag-hamburger-hafen","15":"tag-hannah-arendt","16":"tag-mann","17":"tag-ostende","18":"tag-peter-tschentscher","19":"tag-stefan-faeth","20":"tag-wilhelmsburg"},"share_on_mastodon":{"url":"https:\/\/pubeurope.com\/@de\/115387572118025275","error":""},"_links":{"self":[{"href":"https:\/\/www.europesays.com\/de\/wp-json\/wp\/v2\/posts\/504890","targetHints":{"allow":["GET"]}}],"collection":[{"href":"https:\/\/www.europesays.com\/de\/wp-json\/wp\/v2\/posts"}],"about":[{"href":"https:\/\/www.europesays.com\/de\/wp-json\/wp\/v2\/types\/post"}],"author":[{"embeddable":true,"href":"https:\/\/www.europesays.com\/de\/wp-json\/wp\/v2\/users\/2"}],"replies":[{"embeddable":true,"href":"https:\/\/www.europesays.com\/de\/wp-json\/wp\/v2\/comments?post=504890"}],"version-history":[{"count":0,"href":"https:\/\/www.europesays.com\/de\/wp-json\/wp\/v2\/posts\/504890\/revisions"}],"wp:featuredmedia":[{"embeddable":true,"href":"https:\/\/www.europesays.com\/de\/wp-json\/wp\/v2\/media\/504891"}],"wp:attachment":[{"href":"https:\/\/www.europesays.com\/de\/wp-json\/wp\/v2\/media?parent=504890"}],"wp:term":[{"taxonomy":"category","embeddable":true,"href":"https:\/\/www.europesays.com\/de\/wp-json\/wp\/v2\/categories?post=504890"},{"taxonomy":"post_tag","embeddable":true,"href":"https:\/\/www.europesays.com\/de\/wp-json\/wp\/v2\/tags?post=504890"}],"curies":[{"name":"wp","href":"https:\/\/api.w.org\/{rel}","templated":true}]}}