{"id":504904,"date":"2025-10-17T04:22:13","date_gmt":"2025-10-17T04:22:13","guid":{"rendered":"https:\/\/www.europesays.com\/de\/504904\/"},"modified":"2025-10-17T04:22:13","modified_gmt":"2025-10-17T04:22:13","slug":"promi-big-brother-paco-herb-ist-raus","status":"publish","type":"post","link":"https:\/\/www.europesays.com\/de\/504904\/","title":{"rendered":"&#8222;Promi Big Brother&#8220;: Paco Herb ist raus"},"content":{"rendered":"<p>Sechster Exit <\/p>\n<p>&#8222;Promi Big Brother&#8220;: Der n\u00e4chste Star ist raus<\/p>\n<p>Aktualisiert am 17.10.2025 &#8211; 05:52 UhrLesedauer: 2 Min.<\/p>\n<p><a href=\"#focus-0\" class=\"transition-colors duration-200 block text-current relative\" data-sctrack=\"FocusGalleryImage.Reference\"><img fetchpriority=\"high\" data-testid=\"Opener.Image\" style=\"--lqipURL:url('https:\/\/images.t-online.de\/2025\/10\/fRgVFwRM6iZM\/491x264:1179x663\/fit-in\/150x0\/filters:blur(25)\/promi-big-brother-die-tv-wg-wird-immer-leerer.jpg')\"   loading=\"eager\" src=\"https:\/\/www.europesays.com\/de\/wp-content\/uploads\/2025\/10\/promi-big-brother-die-tv-wg-wird-immer-leerer.jpg\" alt=\"&quot;Promi Big Brother&quot;: Die TV-WG wird immer leerer.\" title=\"&quot;Promi Big Brother&quot;: Die TV-WG wird immer leerer.\" width=\"1179\" height=\"663\" class=\"bg-[url:var(--lqipURL)] bg-cover bg-center flex h-full w-full max-w-full\" decoding=\"async\"\/><img style=\"--width:32;--height:32\" loading=\"lazy\" src=\"https:\/\/www.t-online.de\/s\/paper\/_next\/static\/media\/zoom-in.f7dae02f.svg\" alt=\"Vergr\u00f6\u00dfern des Bildes\" title=\"Vergr\u00f6\u00dfern des Bildes\" class=\"block h-[calc(var(--height)_\/_16_*_1rem)] w-[calc(var(--width)_\/_16_*_1rem)] max-w-none absolute bottom-8 right-8 rounded-4 bg-snow p-8\" decoding=\"async\"\/><\/a><\/p>\n<p>&#8222;Promi Big Brother&#8220;: Ein Star musste ausziehen.<\/p>\n<p class=\"font-bold text-18 leading-17\">F\u00fcnf von 15 &#8222;Promi Big Brother&#8220;-Bewohnern mussten die TV-WG bereits verlassen. Am Donnerstag folgte der n\u00e4chste Star.<\/p>\n<p class=\"text-18 leading-17\">Seit dem 4. Oktober hei\u00dft es bei <a class=\"transition-colors duration-200 cursor-pointer text-inherit no-underline text-salemsfur md:hover:text-magenta md:hover:border-magenta md:focus:text-magenta border-current border-b border-solid break-words\" href=\"https:\/\/www.t-online.de\/themen\/sat-1\/\" data-sctrack=\"BodyAnchor\" target=\"_blank\" rel=\"noopener\">Sat.1<\/a> wieder: &#8222;Promi Big Brother&#8220;. Eine Woche lang sa\u00dfen insgesamt 15 Stars in Deutschlands h\u00e4rtester TV-WG ohne einen Auszug f\u00fcrchten zu m\u00fcssen. Nun m\u00fcssen sie tagt\u00e4glich zittern, denn seit vergangenem Sonntag fliegt einer nach dem anderen raus.<\/p>\n<p class=\"text-18 leading-17\">Er hatte zusammen mit Kabarettistin D\u00e9sir\u00e9e Nick, Schauspieler Michael Naseband und Influencerin Karina2you auf der Nominierungsliste gestanden, doch die anderen drei wurden durch das TV-Publikum gesch\u00fctzt. Paco Herb bekam hingegen nicht genug Anrufe von den Zuschauern.<\/p>\n<p class=\"text-18 leading-17\">Der 29-J\u00e4hrige musste die TV-WG umgehend verlassen und wurde drau\u00dfen von Moderatorin <a class=\"transition-colors duration-200 cursor-pointer text-inherit no-underline text-salemsfur md:hover:text-magenta md:hover:border-magenta md:focus:text-magenta border-current border-b border-solid break-words\" href=\"https:\/\/www.t-online.de\/themen\/marlene-lufen\/\" data-sctrack=\"BodyAnchor\" target=\"_blank\" rel=\"noopener\">Marlene Lufen<\/a> in Empfang genommen. Er habe im Gef\u00fchl gehabt, dass es ihn treffen wird, erkl\u00e4rte Paco Herb und betonte: &#8222;Ich hatte bis hierhin Spa\u00df und jetzt bin ich bereit zu gehen.&#8220; Gezeigt habe er in der Show bewusst nicht alles von sich. &#8222;Ich habe mich ein bisschen ge\u00f6ffnet und alles andere behalte ich gerne f\u00fcr mich&#8220;, stellte er klar.<\/p>\n<p class=\"text-18 leading-17\">In wenigen Tagen ist schon wieder Schluss mit &#8222;Promi Big Brother&#8220;. Die 13. Staffel l\u00e4uft insgesamt zwei Wochen lang im TV, das Finale findet am 20. Oktober statt. Bis dahin muss jeden Tag mindestens ein weiterer Star die Show verlassen. Der Sieger bekommt ein Preisgeld von 100.000 Euro.<\/p>\n<p class=\"text-18 leading-17\">Noch dabei sind Entertainerin D\u00e9sir\u00e9e Nick, Designer <a class=\"transition-colors duration-200 cursor-pointer text-inherit no-underline text-salemsfur md:hover:text-magenta md:hover:border-magenta md:focus:text-magenta border-current border-b border-solid break-words\" href=\"https:\/\/www.t-online.de\/themen\/harald-gloeoeckler\/\" data-sctrack=\"BodyAnchor\" target=\"_blank\" rel=\"noopener\">Harald Gl\u00f6\u00f6ckler<\/a>, Schauspieler Michael Naseband, Schlagerstar Achim Petry, die Influencer Satansbratan und Karina2you, Promisohn <a class=\"transition-colors duration-200 cursor-pointer text-inherit no-underline text-salemsfur md:hover:text-magenta md:hover:border-magenta md:focus:text-magenta border-current border-b border-solid break-words\" href=\"https:\/\/www.t-online.de\/themen\/jimi-blue-ochsenknecht\/\" data-sctrack=\"BodyAnchor\" target=\"_blank\" rel=\"noopener\">Jimi Blue Ochsenknecht<\/a>, Ex-Bachelor <a class=\"transition-colors duration-200 cursor-pointer text-inherit no-underline text-salemsfur md:hover:text-magenta md:hover:border-magenta md:focus:text-magenta border-current border-b border-solid break-words\" href=\"https:\/\/www.t-online.de\/themen\/andrej-mangold\/\" data-sctrack=\"BodyAnchor\" target=\"_blank\" rel=\"noopener\">Andrej Mangold<\/a> sowie Realitystar Laura Lettgen alias Laura Blond.<\/p>\n","protected":false},"excerpt":{"rendered":"Sechster Exit &#8222;Promi Big Brother&#8220;: Der n\u00e4chste Star ist raus Aktualisiert am 17.10.2025 &#8211; 05:52 UhrLesedauer: 2 Min.&hellip;\n","protected":false},"author":2,"featured_media":504905,"comment_status":"","ping_status":"","sticky":false,"template":"","format":"standard","meta":{"footnotes":""},"categories":[1776],"tags":[1801,121600,119401,29,117878,214,30,121601,13269,114645,117879,117880,7416,1802,122807,13002,215],"class_list":{"0":"post-504904","1":"post","2":"type-post","3":"status-publish","4":"format-standard","5":"has-post-thumbnail","7":"category-prominente","8":"tag-celebrities","9":"tag-christina-dimitriou","10":"tag-desiree-nick","11":"tag-deutschland","12":"tag-doreen-dietel","13":"tag-entertainment","14":"tag-germany","15":"tag-karina-kipp","16":"tag-marc-terenzi","17":"tag-michael-naseband","18":"tag-paco-herb","19":"tag-pinar-sevim","20":"tag-promi-big-brother","21":"tag-prominente","22":"tag-sarah-jane-wollny","23":"tag-sat-1","24":"tag-unterhaltung"},"share_on_mastodon":{"url":"https:\/\/pubeurope.com\/@de\/115387599939075886","error":""},"_links":{"self":[{"href":"https:\/\/www.europesays.com\/de\/wp-json\/wp\/v2\/posts\/504904","targetHints":{"allow":["GET"]}}],"collection":[{"href":"https:\/\/www.europesays.com\/de\/wp-json\/wp\/v2\/posts"}],"about":[{"href":"https:\/\/www.europesays.com\/de\/wp-json\/wp\/v2\/types\/post"}],"author":[{"embeddable":true,"href":"https:\/\/www.europesays.com\/de\/wp-json\/wp\/v2\/users\/2"}],"replies":[{"embeddable":true,"href":"https:\/\/www.europesays.com\/de\/wp-json\/wp\/v2\/comments?post=504904"}],"version-history":[{"count":0,"href":"https:\/\/www.europesays.com\/de\/wp-json\/wp\/v2\/posts\/504904\/revisions"}],"wp:featuredmedia":[{"embeddable":true,"href":"https:\/\/www.europesays.com\/de\/wp-json\/wp\/v2\/media\/504905"}],"wp:attachment":[{"href":"https:\/\/www.europesays.com\/de\/wp-json\/wp\/v2\/media?parent=504904"}],"wp:term":[{"taxonomy":"category","embeddable":true,"href":"https:\/\/www.europesays.com\/de\/wp-json\/wp\/v2\/categories?post=504904"},{"taxonomy":"post_tag","embeddable":true,"href":"https:\/\/www.europesays.com\/de\/wp-json\/wp\/v2\/tags?post=504904"}],"curies":[{"name":"wp","href":"https:\/\/api.w.org\/{rel}","templated":true}]}}