{"id":504908,"date":"2025-10-17T04:24:13","date_gmt":"2025-10-17T04:24:13","guid":{"rendered":"https:\/\/www.europesays.com\/de\/504908\/"},"modified":"2025-10-17T04:24:13","modified_gmt":"2025-10-17T04:24:13","slug":"buechereien-in-krumbach-guenzburg-und-burgau-geben-lese-tipps-fuer-den-herbst","status":"publish","type":"post","link":"https:\/\/www.europesays.com\/de\/504908\/","title":{"rendered":"B\u00fcchereien in Krumbach, G\u00fcnzburg und Burgau geben Lese-Tipps f\u00fcr den Herbst"},"content":{"rendered":"<p class=\"mb-6 text-xs md:text-m lg:text-l font-serif group-[.font-sans]:font-sans \">\n    <a href=\"https:\/\/www.augsburger-allgemeine.de\/kultur\/immer-mehr-von-ki-generierte-schrottbuecher-wer-will-die-lesen-112371369\" target=\"_self\" class=\"underline \" rel=\"nofollow noopener\">In Frankfurt ist gerade wieder Buchmessenzeit.<\/a> Nachdem sich dort die vergangenen Tage zun\u00e4chst das Fachpublikum traf, kann ab Freitag auch die \u00d6ffentlichkeit durch die Hallen schlendern und sich \u00fcber den neuesten Lesestoff informieren. Gen\u00fcgend Inspiration also f\u00fcr neue Romane, Sach- und Kinderb\u00fccher. Lesetipps f\u00fcr den Herbst gibt\u2018s aber auch aus der Region: Was wird in den B\u00fcchereien im Landkreis G\u00fcnzburg eigentlich gelesen? Welche Empfehlungen f\u00fcr den Herbst geben Menschen, die t\u00e4glich unz\u00e4hlige Titel in den H\u00e4nden halten? Unsere Redaktion hat sich in Krumbach, Burgau und G\u00fcnzburg umgeh\u00f6rt. Eines der B\u00fccher war dieses Jahr in der Auswahl f\u00fcr den Deutschen Buchpreis.\n  <\/p>\n<p>            Birgit Fleiner, Stadtb\u00fccherei Krumbach: \u201eDie Dolmetscherin\u201c von Titus M\u00fcller<\/p>\n<p class=\"mb-6 text-xs md:text-m lg:text-l font-serif group-[.font-sans]:font-sans \">\n    \u201eTitus M\u00fcller ist absolut lesenswert \u2013 seine B\u00fccher stehen zu Recht auf den Bestsellerlisten. Anl\u00e4sslich des 80-j\u00e4hrigen Kriegsendes habe ich seinen historischen Roman \u201eDie Dolmetscherin\u201c ausgew\u00e4hlt, weil er Geschichte auf fesselnde Weise mit pers\u00f6nlichem Schicksal verwebt.\n  <\/p>\n<p>    <img decoding=\"async\" src=\"https:\/\/images.mgpd.de\/img\/112447218\/crop\/c16_9-w100\/1305959658\/1691856697\/20251013101324.jpg\" alt=\"Birgit Fleiner mit dem Lesetipp f\u00fcr den Herbst: \u201eDie Dolmetscherin\u201c von Titus M\u00fcller.\" title=\"Birgit Fleiner mit dem Lesetipp f\u00fcr den Herbst: \u201eDie Dolmetscherin\u201c von Titus M\u00fcller.\" class=\"h-full w-full object-cover\"\/><\/p>\n<p>      Icon vergr\u00f6\u00dfern<\/p>\n<p>    Birgit Fleiner mit dem Lesetipp f\u00fcr den Herbst: \u201eDie Dolmetscherin\u201c von Titus M\u00fcller.<br \/>\n    Foto: Mira Herold-Baer<\/p>\n<p>        Schlie\u00dfen <\/p>\n<p>      Icon Schlie\u00dfen<\/p>\n<p>        Icon vergr\u00f6\u00dfern<\/p>\n<p>        Icon verkleinern<\/p>\n<p>      Icon Pfeil bewegen<\/p>\n<p>    Birgit Fleiner mit dem Lesetipp f\u00fcr den Herbst: \u201eDie Dolmetscherin\u201c von Titus M\u00fcller.<br \/>\n    Foto: Mira Herold-Baer<\/p>\n<p class=\"mb-6 text-xs md:text-m lg:text-l font-serif group-[.font-sans]:font-sans \">\n    Die Protagonistin ist eine in Amerika aufgewachsene Deutsche, die als Dolmetscherin zu den N\u00fcrnberger Prozessen geht \u2013 getrieben von famili\u00e4ren Gr\u00fcnden und dem inneren Drang, jemanden zur Rechenschaft zu ziehen f\u00fcr das, was w\u00e4hrend dieser schrecklichen Zeit geschah. M\u00fcllers Recherche ist vorbildlich. Die Geschichte beginnt in Mondorf, wo die Amerikaner f\u00fchrende Nazi-Vertreter zur Vorbereitung der Prozesse verh\u00f6rten, und entfaltet sich von dort aus in einer spannungsgeladenen Mischung aus Zeitgeschichte und menschlichem Drama.\n  <\/p>\n<p class=\"mb-6 text-xs md:text-m lg:text-l font-serif group-[.font-sans]:font-sans \">\n    Was mich besonders fasziniert hat: Die Beschreibungen schaffen lebendige Bilder. Man sieht Goebbels mit seinem Gefolge und gl\u00e4nzenden Uniformen im Speisesaal vor Augen, w\u00e4hrend gleichzeitig Menschen in Kellern und Ruinen ums t\u00e4gliche Essen k\u00e4mpfen. Diese Gegens\u00e4tze machen Geschichte greifbar und vermitteln eine verst\u00f6rende Aktualit\u00e4t \u2013 besonders angesichts der gegenw\u00e4rtigen Konflikte in der Welt. Ein meisterhaft erz\u00e4hlter Roman!\u201c\n  <\/p>\n<p>            Ilona Ehrlich, Stadtb\u00fccherei Burgau: \u201eDas Schwarz an den H\u00e4nden meines Vaters\u201c von Lena Sch\u00e4tte\u00a0<\/p>\n<p class=\"mb-6 text-xs md:text-m lg:text-l font-serif group-[.font-sans]:font-sans \">\n    \u201eMein Tipp kommt von der relativ jungen Autorin Lena Sch\u00e4tte, die im Ruhrgebiet lange als psychiatrische Krankenpflegerin gearbeitet und suchterkrankte Menschen betreut hat. In \u201eDas Schwarz an den H\u00e4nden meines Vaters\u201c geht es um das M\u00e4dchen Motte, die mit einem Vater aufw\u00e4chst, der Spieler und Trinker ist. Die Autorin springt in dem Roman mithilfe von R\u00fcckblenden immer wieder zwischen Jetztzeit und Vergangenheit, und man erf\u00e4hrt irgendwann, dass auch die erwachsene Motte ein Alkoholproblem entwickelt.\n  <\/p>\n<p>    <img decoding=\"async\" src=\"https:\/\/images.mgpd.de\/img\/112569832\/crop\/c9_16-w100\/1210577895\/138510755\/u1978-3-10-397657-1.png\" alt=\"Ilona Ehrlich empfiehlt &quot;Das Schwarz an den H\u00e4nden meines Vaters&quot; von Lena Sch\u00e4tte.\" title=\"Ilona Ehrlich empfiehlt &quot;Das Schwarz an den H\u00e4nden meines Vaters&quot; von Lena Sch\u00e4tte.\" class=\"h-full w-full object-cover\"\/><\/p>\n<p>      Icon vergr\u00f6\u00dfern<\/p>\n<p>    Ilona Ehrlich empfiehlt &#8222;Das Schwarz an den H\u00e4nden meines Vaters&#8220; von Lena Sch\u00e4tte.<br \/>\n    Foto: S. Fischer<\/p>\n<p>        Schlie\u00dfen <\/p>\n<p>      Icon Schlie\u00dfen<\/p>\n<p>        Icon vergr\u00f6\u00dfern<\/p>\n<p>        Icon verkleinern<\/p>\n<p>      Icon Pfeil bewegen<\/p>\n<p>    Ilona Ehrlich empfiehlt &#8222;Das Schwarz an den H\u00e4nden meines Vaters&#8220; von Lena Sch\u00e4tte.<br \/>\n    Foto: S. Fischer<\/p>\n<p class=\"mb-6 text-xs md:text-m lg:text-l font-serif group-[.font-sans]:font-sans \">\n    Mich hat das Buch sehr ber\u00fchrt, vor allem der Aspekt, dass sie ihren Vater <a href=\"https:\/\/www.augsburger-allgemeine.de\/guenzburg\/ueber-eine-kombinierte-reha-fand-eine-betroffene-aus-dem-landkreis-guenzburg-aus-der-alkoholabhaenigkeit-111388142\" target=\"_self\" class=\"underline \" rel=\"nofollow noopener\">trotz seiner Alkoholerkrankung<\/a> liebt. Das ist keine Wohlf\u00fchllekt\u00fcre, macht aber eben auf dieses wichtige Thema aufmerksam, das in unserer Gesellschaft oft tabuisiert wird. Es liest sich gut, regt zum Nachdenken an, ist nicht schwierig geschrieben und mit knapp 200 Seiten auch nicht zu lang.\n  <\/p>\n<p class=\"mb-6 text-xs md:text-m lg:text-l font-serif group-[.font-sans]:font-sans \">\n    \u201eDas Schwarz an den H\u00e4nden meines Vaters\u201c ist erst der zweite Roman von Lena Sch\u00e4tte. <a href=\"https:\/\/www.augsburger-allgemeine.de\/kultur\/buchpreis-die-kritik-zu-dorothee-elmigers-roman-die-hollaenderinnen-112111140\" target=\"_self\" class=\"underline \" rel=\"nofollow noopener\">Er war dieses Jahr auch auf der Longlist des Deutschen Buchpreises<\/a> (das ist die erste Liste von potentiellen Kandidaten, Anmerkung der Redaktion), kam aber nicht in die engere Auswahl. Ich finde, das h\u00e4tte die Autorin aber verdient.\u201c\n  <\/p>\n<p>            Sonja Hofmann, Stadtb\u00fccherei G\u00fcnzburg: \u201eSchisser und ich\u201c von Frank Schmei\u00dfer<\/p>\n<p class=\"mb-6 text-xs md:text-m lg:text-l font-serif group-[.font-sans]:font-sans \">\n    \u201eIn \u201eSchisser und ich\u201c geht es um das Thema Angstst\u00f6rungen, die ja auch Kinder betreffen k\u00f6nnen. Das Buch ist humorvoll geschrieben, aber auch so, dass Kinder das Thema besser verstehen lernen.\u00a0Die Geschichte rund um Jakob, der mit seinen Eltern umzieht und pl\u00f6tzlich eine Mutprobe bestehen soll, handelt von Freundschaft, aber auch von der Akzeptanz eigener Grenzen. Jakobs alter Stoffhase \u201eSchisser\u201c steht ihm in diesen Momenten zur Seite.\n  <\/p>\n<p>    <img decoding=\"async\" src=\"https:\/\/images.mgpd.de\/img\/112567036\/crop\/c16_9-w100\/1900928104\/1213950496\/img1509.jpg\" alt=\"Sonja Hofmann empfiehlt &quot;Schisser und ich&quot; von Frank Schmei\u00dfer.\" title=\"Sonja Hofmann empfiehlt &quot;Schisser und ich&quot; von Frank Schmei\u00dfer.\" class=\"h-full w-full object-cover\"\/><\/p>\n<p>      Icon vergr\u00f6\u00dfern<\/p>\n<p>    Sonja Hofmann empfiehlt &#8222;Schisser und ich&#8220; von Frank Schmei\u00dfer.<br \/>\n    Foto: Philipp Nazareth<\/p>\n<p>        Schlie\u00dfen <\/p>\n<p>      Icon Schlie\u00dfen<\/p>\n<p>        Icon vergr\u00f6\u00dfern<\/p>\n<p>        Icon verkleinern<\/p>\n<p>      Icon Pfeil bewegen<\/p>\n<p>    Sonja Hofmann empfiehlt &#8222;Schisser und ich&#8220; von Frank Schmei\u00dfer.<br \/>\n    Foto: Philipp Nazareth<\/p>\n<p class=\"mb-6 text-xs md:text-m lg:text-l font-serif group-[.font-sans]:font-sans \">\n    \u201eSchisser und Ich\u201c eignet sich nat\u00fcrlich f\u00fcr betroffene Kinder, aber auch f\u00fcr Jungen und M\u00e4dchen, die sich f\u00fcr \u00e4ngstliche Kinder einsetzen. Ich fand vor allem sch\u00f6n, dass die Handlung durch Illustrationen ein bisschen aufgelockert wird. Und es wird sogar noch ein zweiter Band erscheinen.\n  <\/p>\n<p class=\"mb-6 text-xs md:text-m lg:text-l font-serif group-[.font-sans]:font-sans \">\n    Das Buch ist f\u00fcr das Alter zwischen sechs und neun Jahren geeignet. Es empfiehlt sich, dass es Eltern gemeinsam mit ihren Kindern lesen \u2013 auch f\u00fcr die \u00c4lteren, dann k\u00f6nnen sie sich bei Fragen an Mama oder Papa wenden. F\u00fcr Eltern mit j\u00fcngeren Kindern ist es ein sch\u00f6nes Vorlesebuch.\u00a0Es gibt mittlerweile viele Kinderb\u00fccher, die sich auch mit ernsten Themen besch\u00e4ftigen, zum Beispiel mit Trauer oder Mobbing. Wir erleben in diesem Bereich bei uns in der Stadtb\u00fccherei eine gro\u00dfe Nachfrage.\u201c\n  <\/p>\n<ul data-module-id=\"DragDropModule\" class=\"flex flex-wrap justify-start group-[.no-bookmarks]:hidden\">\n<li class=\"mb-3 mr-3\">\n    Mira Herold-Baer<\/p>\n<p>      Icon Haken im Kreis gesetzt<\/p>\n<p>      Icon Plus im Kreis<\/p>\n<\/li>\n<li class=\"mb-3 mr-3\">\n    G\u00fcnzburg<\/p>\n<p>      Icon Haken im Kreis gesetzt<\/p>\n<p>      Icon Plus im Kreis<\/p>\n<\/li>\n<li class=\"mb-3 mr-3\">\n    Krumbach<\/p>\n<p>      Icon Haken im Kreis gesetzt<\/p>\n<p>      Icon Plus im Kreis<\/p>\n<\/li>\n<\/ul>\n","protected":false},"excerpt":{"rendered":"In Frankfurt ist gerade wieder Buchmessenzeit. Nachdem sich dort die vergangenen Tage zun\u00e4chst das Fachpublikum traf, kann ab&hellip;\n","protected":false},"author":2,"featured_media":504909,"comment_status":"","ping_status":"","sticky":false,"template":"","format":"standard","meta":{"footnotes":""},"categories":[1774],"tags":[1784,1785,29,214,30,215],"class_list":{"0":"post-504908","1":"post","2":"type-post","3":"status-publish","4":"format-standard","5":"has-post-thumbnail","7":"category-buecher","8":"tag-books","9":"tag-buecher","10":"tag-deutschland","11":"tag-entertainment","12":"tag-germany","13":"tag-unterhaltung"},"share_on_mastodon":{"url":"https:\/\/pubeurope.com\/@de\/115387607658505494","error":""},"_links":{"self":[{"href":"https:\/\/www.europesays.com\/de\/wp-json\/wp\/v2\/posts\/504908","targetHints":{"allow":["GET"]}}],"collection":[{"href":"https:\/\/www.europesays.com\/de\/wp-json\/wp\/v2\/posts"}],"about":[{"href":"https:\/\/www.europesays.com\/de\/wp-json\/wp\/v2\/types\/post"}],"author":[{"embeddable":true,"href":"https:\/\/www.europesays.com\/de\/wp-json\/wp\/v2\/users\/2"}],"replies":[{"embeddable":true,"href":"https:\/\/www.europesays.com\/de\/wp-json\/wp\/v2\/comments?post=504908"}],"version-history":[{"count":0,"href":"https:\/\/www.europesays.com\/de\/wp-json\/wp\/v2\/posts\/504908\/revisions"}],"wp:featuredmedia":[{"embeddable":true,"href":"https:\/\/www.europesays.com\/de\/wp-json\/wp\/v2\/media\/504909"}],"wp:attachment":[{"href":"https:\/\/www.europesays.com\/de\/wp-json\/wp\/v2\/media?parent=504908"}],"wp:term":[{"taxonomy":"category","embeddable":true,"href":"https:\/\/www.europesays.com\/de\/wp-json\/wp\/v2\/categories?post=504908"},{"taxonomy":"post_tag","embeddable":true,"href":"https:\/\/www.europesays.com\/de\/wp-json\/wp\/v2\/tags?post=504908"}],"curies":[{"name":"wp","href":"https:\/\/api.w.org\/{rel}","templated":true}]}}