{"id":504926,"date":"2025-10-17T04:34:11","date_gmt":"2025-10-17T04:34:11","guid":{"rendered":"https:\/\/www.europesays.com\/de\/504926\/"},"modified":"2025-10-17T04:34:11","modified_gmt":"2025-10-17T04:34:11","slug":"debatte-um-brandmauer-eigene-position-finden-und-umsetzen-ostdeutsche-cdu-politiker-fuer-neuen-umgang-mit-afd","status":"publish","type":"post","link":"https:\/\/www.europesays.com\/de\/504926\/","title":{"rendered":"Debatte um \u201eBrandmauer\u201c: \u201eEigene Position finden und umsetzen\u201c \u2013 Ostdeutsche CDU-Politiker f\u00fcr neuen Umgang mit AfD"},"content":{"rendered":"<p class=\"is-first-paragraph\" data-external=\"Article.FirstParagraph\">Mehrere ostdeutsche CDU-Politiker haben sich der Forderung nach einem anderen Umgang mit der AfD angeschlossen. Der Fraktionsvorsitzende im Th\u00fcringer Landtag, Andreas B\u00fchl, sagte der \u201eBild\u201c-Zeitung: \u201eWenn ein Gesetz, das aus sachlichen Erw\u00e4gungen und nach demokratischer Deliberation f\u00fcr richtig befunden wurde, auch Zustimmung von den politischen R\u00e4ndern findet, ist das kein Grund zur Revision.\u201c Wer seine Politik allein daran ausrichte, von wem sie Zustimmung erfahre, verwechsele Moral mit Politik.<\/p>\n<p>Der Fraktionsvorsitzende im benachbarten Sachsen, Christian Hartmann, sagte der Zeitung, die CDU m\u00fcsse \u201ejenseits von allen Brandmauerdebatten ihre eigene Position finden und dann auch konsequent umsetzen\u201c. Der s\u00e4chsische CDU-Generalsekret\u00e4r Tom Unger kritisierte, die Art und Weise, wie alle anderen Parteien in den vergangenen Jahren mit der AfD umgegangen seien, habe nicht dazu gef\u00fchrt, dass sie schw\u00e4cher geworden sei.<\/p>\n<p>Auch die Brandenburger CDU-Bundestagsabgeordnete Saskia Ludwig forderte einen anderen Umgang mit der AfD. \u201eDas hei\u00dft: Ihr erst einmal demokratische Rechte zuzugestehen wie Ausschussvorsitze und Vizepr\u00e4sidenten. Das gibt es schon in den L\u00e4ndern.\u201c Es gehe nicht um eine Koalition, \u201eaber Mehrheiten f\u00fcr gute Antr\u00e4ge zuzulassen\u201c.<\/p>\n<p>In der Union war Anfang der Woche erneut eine <a class=\"is-link c-block-items__link c-link--rich-text-renderer\" href=\"https:\/\/www.welt.de\/politik\/deutschland\/article68eed548dbad4b72062ad9b3\/nicht-immer-die-nazikeule-schwingen-fruehere-unions-politiker-fordern-neuen-umgang-mit-afd.html\" data-internal-tracking-enabled=\"true\" data-internal-tracking=\"{&quot;action&quot;:&quot;click&quot;,&quot;label&quot;:&quot;link&quot;,&quot;name&quot;:&quot;Inline Element&quot;,&quot;data&quot;:{&quot;source&quot;:&quot;&quot;,&quot;target&quot;:&quot;https:\/\/www.welt.de\/politik\/deutschland\/article68eed548dbad4b72062ad9b3\/nicht-immer-die-nazikeule-schwingen-fruehere-unions-politiker-fordern-neuen-umgang-mit-afd.html&quot;,&quot;trackingName&quot;:&quot;&quot;,&quot;trackingLabel&quot;:&quot;&quot;}}\" target=\"_blank\" rel=\"noopener\">Debatte \u00fcber den Umgang und die Zusammenarbeit mit der AfD entbrannt<\/a>. Ehemals einflussreiche Unionspolitiker, darunter der fr\u00fchere CDU-Generalsekret\u00e4r Peter Tauber und Ex-Verteidigungsminister Karl-Theodor zu Guttenberg (CSU), hatten sich f\u00fcr eine Lockerung der sogenannten Brandmauer zur AfD ausgesprochen. Andere prominente Spitzenpolitiker der Union lehnten solche \u00dcberlegungen kategorisch ab.<\/p>\n<p>Die Debatte ist nicht neu. Im Januar hatte die Union im Bundestag versucht, eine Versch\u00e4rfung der Migrationspolitik durchzudr\u00fccken. Ein Antrag hatte dabei nur eine Mehrheit erlangt, <a class=\"is-link c-block-items__link c-link--rich-text-renderer\" href=\"https:\/\/www.welt.de\/politik\/deutschland\/article255389664\/AfD-Stimmen-Das-ist-keine-Zusammenarbeit-Merz-verteidigt-Abstimmung-zu-Migration.html\" data-internal-tracking-enabled=\"true\" data-internal-tracking=\"{&quot;action&quot;:&quot;click&quot;,&quot;label&quot;:&quot;link&quot;,&quot;name&quot;:&quot;Inline Element&quot;,&quot;data&quot;:{&quot;source&quot;:&quot;&quot;,&quot;target&quot;:&quot;https:\/\/www.welt.de\/politik\/deutschland\/article255389664\/AfD-Stimmen-Das-ist-keine-Zusammenarbeit-Merz-verteidigt-Abstimmung-zu-Migration.html&quot;,&quot;trackingName&quot;:&quot;&quot;,&quot;trackingLabel&quot;:&quot;&quot;}}\" target=\"_blank\" rel=\"noopener\">weil auch die AfD zustimmte<\/a>. Bundeskanzler und CDU-Parteichef Friedrich Merz hatte sp\u00e4ter Bedauern dar\u00fcber ge\u00e4u\u00dfert. Nach dem Unvereinbarkeitsbeschluss der Bundespartei aus dem Jahr 2018 lehnt die CDU Koalitionen und \u00e4hnliche Formen der Zusammenarbeit mit der AfD und der Linken ab.<\/p>\n","protected":false},"excerpt":{"rendered":"Mehrere ostdeutsche CDU-Politiker haben sich der Forderung nach einem anderen Umgang mit der AfD angeschlossen. Der Fraktionsvorsitzende im&hellip;\n","protected":false},"author":2,"featured_media":504927,"comment_status":"","ping_status":"","sticky":false,"template":"","format":"standard","meta":{"footnotes":""},"categories":[2],"tags":[186,15323,31,29,30,13,14,15,110,12,10,8,9,11],"class_list":{"0":"post-504926","1":"post","2":"type-post","3":"status-publish","4":"format-standard","5":"has-post-thumbnail","7":"category-deutschland","8":"tag-afd","9":"tag-balken-inbox","10":"tag-cdu","11":"tag-deutschland","12":"tag-germany","13":"tag-headlines","14":"tag-nachrichten","15":"tag-news","16":"tag-newsteam","17":"tag-schlagzeilen","18":"tag-top-news","19":"tag-top-meldungen","20":"tag-topmeldungen","21":"tag-topnews"},"share_on_mastodon":{"url":"https:\/\/pubeurope.com\/@de\/115387646871123794","error":""},"_links":{"self":[{"href":"https:\/\/www.europesays.com\/de\/wp-json\/wp\/v2\/posts\/504926","targetHints":{"allow":["GET"]}}],"collection":[{"href":"https:\/\/www.europesays.com\/de\/wp-json\/wp\/v2\/posts"}],"about":[{"href":"https:\/\/www.europesays.com\/de\/wp-json\/wp\/v2\/types\/post"}],"author":[{"embeddable":true,"href":"https:\/\/www.europesays.com\/de\/wp-json\/wp\/v2\/users\/2"}],"replies":[{"embeddable":true,"href":"https:\/\/www.europesays.com\/de\/wp-json\/wp\/v2\/comments?post=504926"}],"version-history":[{"count":0,"href":"https:\/\/www.europesays.com\/de\/wp-json\/wp\/v2\/posts\/504926\/revisions"}],"wp:featuredmedia":[{"embeddable":true,"href":"https:\/\/www.europesays.com\/de\/wp-json\/wp\/v2\/media\/504927"}],"wp:attachment":[{"href":"https:\/\/www.europesays.com\/de\/wp-json\/wp\/v2\/media?parent=504926"}],"wp:term":[{"taxonomy":"category","embeddable":true,"href":"https:\/\/www.europesays.com\/de\/wp-json\/wp\/v2\/categories?post=504926"},{"taxonomy":"post_tag","embeddable":true,"href":"https:\/\/www.europesays.com\/de\/wp-json\/wp\/v2\/tags?post=504926"}],"curies":[{"name":"wp","href":"https:\/\/api.w.org\/{rel}","templated":true}]}}