{"id":504935,"date":"2025-10-17T04:40:19","date_gmt":"2025-10-17T04:40:19","guid":{"rendered":"https:\/\/www.europesays.com\/de\/504935\/"},"modified":"2025-10-17T04:40:19","modified_gmt":"2025-10-17T04:40:19","slug":"hertha-bsc-ii-chemnitzer-fc-krisenteam-will-punkten-regionalliga-nordost","status":"publish","type":"post","link":"https:\/\/www.europesays.com\/de\/504935\/","title":{"rendered":"Hertha BSC II &#8211; Chemnitzer FC: Krisenteam will punkten &#8211; Regionalliga Nordost"},"content":{"rendered":"<p class=\"is-first-paragraph\" data-external=\"Article.FirstParagraph\">FC Magdeburg II Berlin die vierte Niederlage des laufenden Fu\u00dfballjahres bei. Zuletzt spielte Chemnitz unentschieden \u2013 2:2 gegen den FC Eilenburg.<\/p>\n<p>Ligaweit f\u00e4ngt kein Team mehr Gegentreffer als die Hertha II. Man kassierte bereits 27 Tore gegen sich. Daheim hat die Hertha BSC II die Form noch nicht gefunden: Die sechs Punkte aus sechs Partien sind eine verbesserungsw\u00fcrdige Bilanz. Mit neun Punkten auf der Habenseite steht der Gastgeber derzeit auf dem 14. Rang. Berlin entschied kein einziges der letzten neun Spiele f\u00fcr sich.<\/p>\n<p>Auf fremdem Terrain reklamierte der CFC erst vier Z\u00e4hler f\u00fcr sich. Der Gast belegt momentan mit 15 Punkten den zehnten Tabellenplatz, das Torverh\u00e4ltnis ist mit 15:15 ausgeglichen. Der Chemnitzer FC f\u00f6rderte aus den bisherigen Spielen vier Siege, drei Remis und vier Pleiten zutage. Mit dem Gewinnen tat sich Chemnitz zuletzt schwer. In drei Spielen wurde nicht ein Sieg davongetragen.<\/p>\n<p>Die Hertha II steht vor einer schweren, aber nicht unl\u00f6sbaren Aufgabe.<\/p>\n<p><b>Dieser Artikel wurde automatisch von unserem Partner Retresco anhand von Spieldaten erstellt.<\/b><\/p>\n","protected":false},"excerpt":{"rendered":"FC Magdeburg II Berlin die vierte Niederlage des laufenden Fu\u00dfballjahres bei. Zuletzt spielte Chemnitz unentschieden \u2013 2:2 gegen&hellip;\n","protected":false},"author":2,"featured_media":504936,"comment_status":"","ping_status":"","sticky":false,"template":"","format":"standard","meta":{"footnotes":""},"categories":[1851],"tags":[2770,3364,29,548,663,3934,30,13,14,15,859,12,3694],"class_list":{"0":"post-504935","1":"post","2":"type-post","3":"status-publish","4":"format-standard","5":"has-post-thumbnail","7":"category-chemnitz","8":"tag-chemnitz","9":"tag-de","10":"tag-deutschland","11":"tag-eu","12":"tag-europa","13":"tag-europe","14":"tag-germany","15":"tag-headlines","16":"tag-nachrichten","17":"tag-news","18":"tag-sachsen","19":"tag-schlagzeilen","20":"tag-textengine"},"share_on_mastodon":{"url":"https:\/\/pubeurope.com\/@de\/115387670429805097","error":""},"_links":{"self":[{"href":"https:\/\/www.europesays.com\/de\/wp-json\/wp\/v2\/posts\/504935","targetHints":{"allow":["GET"]}}],"collection":[{"href":"https:\/\/www.europesays.com\/de\/wp-json\/wp\/v2\/posts"}],"about":[{"href":"https:\/\/www.europesays.com\/de\/wp-json\/wp\/v2\/types\/post"}],"author":[{"embeddable":true,"href":"https:\/\/www.europesays.com\/de\/wp-json\/wp\/v2\/users\/2"}],"replies":[{"embeddable":true,"href":"https:\/\/www.europesays.com\/de\/wp-json\/wp\/v2\/comments?post=504935"}],"version-history":[{"count":0,"href":"https:\/\/www.europesays.com\/de\/wp-json\/wp\/v2\/posts\/504935\/revisions"}],"wp:featuredmedia":[{"embeddable":true,"href":"https:\/\/www.europesays.com\/de\/wp-json\/wp\/v2\/media\/504936"}],"wp:attachment":[{"href":"https:\/\/www.europesays.com\/de\/wp-json\/wp\/v2\/media?parent=504935"}],"wp:term":[{"taxonomy":"category","embeddable":true,"href":"https:\/\/www.europesays.com\/de\/wp-json\/wp\/v2\/categories?post=504935"},{"taxonomy":"post_tag","embeddable":true,"href":"https:\/\/www.europesays.com\/de\/wp-json\/wp\/v2\/tags?post=504935"}],"curies":[{"name":"wp","href":"https:\/\/api.w.org\/{rel}","templated":true}]}}