{"id":504939,"date":"2025-10-17T04:42:11","date_gmt":"2025-10-17T04:42:11","guid":{"rendered":"https:\/\/www.europesays.com\/de\/504939\/"},"modified":"2025-10-17T04:42:11","modified_gmt":"2025-10-17T04:42:11","slug":"siebte-gesamtschule-in-moenchengladbach-baugenehmigung-fuer-interimsbau","status":"publish","type":"post","link":"https:\/\/www.europesays.com\/de\/504939\/","title":{"rendered":"Siebte Gesamtschule in M\u00f6nchengladbach &#8211; Baugenehmigung f\u00fcr Interimsbau"},"content":{"rendered":"<p class=\"text_ohne_einzug richtext text-em-55 !leading-serif mx-6 desktop:mx-0\"> Ein weiterer Schritt auf dem Weg zur siebten Gesamtschule f\u00fcr <a href=\"https:\/\/rp-online.de\/thema\/moenchengladbach\/\" target=\"_blank\" rel=\"noopener\">M\u00f6nchengladbach<\/a> ist getan. Wie die Stadtverwaltung jetzt mitteilt, hat das st\u00e4dtische Geb\u00e4udemanagement (GMMG) die erforderliche Baugenehmigung f\u00fcr einen Interimsbau erhalten. Bereits im Sommer hatte die Bezirksregierung <a href=\"https:\/\/rp-online.de\/nrw\/staedte\/moenchengladbach\/moenchengladbach-neue-gesamtschule-darf-gebaut-werden-breite-strasse_aid-130870795\" target=\"_blank\" rel=\"noopener\">gr\u00fcnes Licht gegeben<\/a>. Der soll in Modulbauweise auf dem k\u00fcnftigen Schulgel\u00e4nde an der Breite Stra\u00dfe entstehen und eine Nutzfl\u00e4che von 1800\u2005Quadratmeter haben.<\/p>\n<p class=\"richtext text-em-55 !leading-serif mx-6 desktop:mx-0\">Die siebte Gesamtschule ist laut Stadt n\u00f6tig, um Klassen f\u00fcr die steigende Zahl Sch\u00fcler (bis zum Schuljahr 2027\/28 sollen es laut Schulentwicklungsplan 14.700\u2005Sch\u00fcler in der Sekundarstufe\u2005I werden) zu schaffen. Der Rat hat den Bau der Einrichtung auf einem ehemaligen Sportplatz beschlossen. Weil ein Neubau alleine zu lange dauern w\u00fcrde, wird zun\u00e4chst ein Interimsgeb\u00e4ude errichtet. Dieses soll ein Lernumfeld f\u00fcr 240\u2005Sch\u00fclerinnen und Sch\u00fcler sowie etwa 35\u2005Lehrkr\u00e4fte und Betreuungspersonen bieten. Der Unterricht soll durch die Zwischenl\u00f6sung bereits ab dem Schuljahr 2026\/27 aufgenommen werden k\u00f6nnen. Der Plan sieht vor, dass die Bauteile vorgefertigt werden, um damit im zweiten Quartal\u20052026 die Schule zu bauen, die dann zum neuen Schuljahr genutzt werden kann. Zun\u00e4chst vierz\u00fcgig.<\/p>\n<p class=\"richtext text-em-55 !leading-serif mx-6 desktop:mx-0\">Die Zwischenl\u00f6sung entsteht dabei in L-Form auf dem Schulgrundst\u00fcck, wie Stadt und Geb\u00e4udemanagement vor zwei Monaten bei einem Infoabend ausf\u00fchrten. Der dauerhafte Schulstandort, dessen Fertigstellung l\u00e4nger dauert, wird auf einem anderen Teilbereich des Grundst\u00fccks gebaut, sp\u00e4ter dann auch im Bereich des (bis dahin r\u00fcckgebauten) Interims. F\u00fcr beide Geb\u00e4ude (Interim und dauerhafter Schulstandort) werden rund 130\u2005Millionen Euro investiert.<\/p>\n<p class=\"richtext text-em-55 !leading-serif mx-6 desktop:mx-0\">Bei dem Infoabend, den auch die Stadt in ihrer Mitteilung hervorhebt, stie\u00dfen die Pl\u00e4ne nicht nur auf Begeisterung. Anwohner bef\u00fcrchten, <a href=\"https:\/\/rp-online.de\/nrw\/staedte\/moenchengladbach\/siebte-gesamtschule-in-moenchengladbach-stadtverwaltung-informiert-anwohner_aid-132811213\" target=\"_blank\" rel=\"noopener\">so erkl\u00e4rten sie an jenem Augustabend<\/a>, eine steigende Verkehrsbelastung auf der Breite Stra\u00dfe, den Verlust von Parkpl\u00e4tzen und St\u00f6rung durch Baul\u00e4rm.<\/p>\n<p class=\"richtext text-em-55 !leading-serif mx-6 desktop:mx-0\">Im November sollen interessierte Eltern und Schulkinder die M\u00f6glichkeit bekommen, sich an mehreren Terminen \u00fcber die neue Gesamtschule zu informieren.<\/p>\n","protected":false},"excerpt":{"rendered":"Ein weiterer Schritt auf dem Weg zur siebten Gesamtschule f\u00fcr M\u00f6nchengladbach ist getan. Wie die Stadtverwaltung jetzt mitteilt,&hellip;\n","protected":false},"author":2,"featured_media":504940,"comment_status":"","ping_status":"","sticky":false,"template":"","format":"standard","meta":{"footnotes":""},"categories":[1849],"tags":[116380,6765,3364,29,37585,548,663,3934,10019,32836,30,9022,13,9795,126116,4455,14,2190,15,1209,12,966,54184,30991,126115],"class_list":{"0":"post-504939","1":"post","2":"type-post","3":"status-publish","4":"format-standard","5":"has-post-thumbnail","7":"category-moenchengladbach","8":"tag-interimsbau","9":"tag-baugenehmigung","10":"tag-de","11":"tag-deutschland","12":"tag-entsteht","13":"tag-eu","14":"tag-europa","15":"tag-europe","16":"tag-gebaeude","17":"tag-gebaeudemanagement","18":"tag-germany","19":"tag-gesamtschule","20":"tag-headlines","21":"tag-interim","22":"tag-interims","23":"tag-moenchengladbach","24":"tag-nachrichten","25":"tag-neubau","26":"tag-news","27":"tag-nordrhein-westfalen","28":"tag-schlagzeilen","29":"tag-schule","30":"tag-schuljahr","31":"tag-siebte","32":"tag-zwischenloesung"},"share_on_mastodon":{"url":"https:\/\/pubeurope.com\/@de\/115387678372894305","error":""},"_links":{"self":[{"href":"https:\/\/www.europesays.com\/de\/wp-json\/wp\/v2\/posts\/504939","targetHints":{"allow":["GET"]}}],"collection":[{"href":"https:\/\/www.europesays.com\/de\/wp-json\/wp\/v2\/posts"}],"about":[{"href":"https:\/\/www.europesays.com\/de\/wp-json\/wp\/v2\/types\/post"}],"author":[{"embeddable":true,"href":"https:\/\/www.europesays.com\/de\/wp-json\/wp\/v2\/users\/2"}],"replies":[{"embeddable":true,"href":"https:\/\/www.europesays.com\/de\/wp-json\/wp\/v2\/comments?post=504939"}],"version-history":[{"count":0,"href":"https:\/\/www.europesays.com\/de\/wp-json\/wp\/v2\/posts\/504939\/revisions"}],"wp:featuredmedia":[{"embeddable":true,"href":"https:\/\/www.europesays.com\/de\/wp-json\/wp\/v2\/media\/504940"}],"wp:attachment":[{"href":"https:\/\/www.europesays.com\/de\/wp-json\/wp\/v2\/media?parent=504939"}],"wp:term":[{"taxonomy":"category","embeddable":true,"href":"https:\/\/www.europesays.com\/de\/wp-json\/wp\/v2\/categories?post=504939"},{"taxonomy":"post_tag","embeddable":true,"href":"https:\/\/www.europesays.com\/de\/wp-json\/wp\/v2\/tags?post=504939"}],"curies":[{"name":"wp","href":"https:\/\/api.w.org\/{rel}","templated":true}]}}