{"id":504941,"date":"2025-10-17T04:43:17","date_gmt":"2025-10-17T04:43:17","guid":{"rendered":"https:\/\/www.europesays.com\/de\/504941\/"},"modified":"2025-10-17T04:43:17","modified_gmt":"2025-10-17T04:43:17","slug":"igel-fallen-radikalem-kahlschlag-zum-opfer","status":"publish","type":"post","link":"https:\/\/www.europesays.com\/de\/504941\/","title":{"rendered":"Igel fallen radikalem Kahlschlag zum Opfer"},"content":{"rendered":"<p>\t\tHerten am Morgen<br \/>\n\t\t\t\t\tIgel fallen radikalem Kahlschlag zum Opfer \u2013 Anwohner sind entsetzt<\/p>\n<p>\t\t<img alt=\"\" src=\"https:\/\/www.europesays.com\/de\/wp-content\/uploads\/2025\/09\/630_0036_1215851_.jpg\"  class=\"avatar avatar-36 photo avatar-default\" height=\"36\" width=\"36\" loading=\"eager\" decoding=\"async\"\/>\t\t<a class=\"article-author__name\" href=\"https:\/\/www.hertener-allgemeine.de\/author\/andre-przybyl\/\" rel=\"author noopener\" target=\"_blank\">Andr\u00e9 Przybyl<\/a><br \/>\n\t\tRedakteur<\/p>\n<p>    <a href=\"https:\/\/www.hertener-allgemeine.de\/wp-content\/uploads\/2025\/10\/16\/16\/630_0900_5184525_-1648x824.jpg\" target=\"_blank\" rel=\"noopener\"><\/p>\n<p>            <img loading=\"lazy\" decoding=\"async\" src=\"https:\/\/www.europesays.com\/de\/wp-content\/uploads\/2025\/10\/630_0900_5184515_-640x428.jpg\" width=\"640\" height=\"428\"  alt=\"Anwohner des Lupinenwegs stehen am k\u00fcnftigen Baugrundst\u00fcck der Hertener Rosa-Parks-Schule.\"\/><\/p>\n<p>    <\/a><br \/>\n    Anwohner des Lupinenwegs am k\u00fcnftigen Baugrundst\u00fcck der Hertener Rosa-Parks-Schule kritisieren das T\u00f6ten vieler Igel (v.l.): Jessica Hilber, Dagmar Peitel, Kerstin und Thomas Nold, Rita Timm und Annemarie Grawe. \u00a9 Joachim Schmidt<\/p>\n<p class=\"article__teaser-text\">Die Themen des Tages: Stadt Herten und E.ON t\u00f6ten beim Gr\u00fcnschnitt viele Igel. \u201eGro\u00dfer Bahnhof\u201c f\u00fcr kleinen Haltepunkt. B\u00fcrgersteig stark zugewuchert.<\/p>\n<p>1 Min Lesezeit<\/p>\n<p>\u2013 Auf dem k\u00fcnftigen Baugrundst\u00fcck der neuen Rosa-Parks-Schule in Herten hat der Energieversorger E.ON einen <b>radikalen Kahlschlag<\/b> gemacht. <a href=\"https:\/\/www.hertener-allgemeine.de\/herten\/stadt-herten-eon-toeten-igel-beim-gruenschnitt-dagmar-peitel-entsetzt-w1090182-8001115900\/\" data-imported=\"1\" target=\"_blank\" title=\"&quot;Die Stadt Herten und E.ON t\u00f6ten beim Gr\u00fcnschnitt viele Igel: Dagmar Peitel ist entsetzt&quot;\" rel=\"noopener\">Doch dem Gr\u00fcnschnitt fielen nicht nur Gras, B\u00fcsche und Co. zum Opfer, sondern auch zahlreiche Igel \u2013 zum Entsetzen von Anwohnerin Dagmar Peitel<\/a>. (HA+)<\/p>\n<p>\u2013 \u201eGro\u00dfer Bahnhof\u201c f\u00fcr kleinen Haltepunkt: Mit einem Jahr Verz\u00f6gerung wird Mitte Dezember der neue <b>S-Bahn-Haltepunkt Westerholt<\/b> er\u00f6ffnet \u2013 <a href=\"https:\/\/www.hertener-allgemeine.de\/herten\/s-bahn-haltepunkt-westerholt-eroeffnung-14-dezember-2025-premieren-zug-w1089911-8001115036\/\" data-imported=\"1\" target=\"_blank\" title=\"&quot;\u201eGro\u00dfer Bahnhof\u201c f\u00fcr kleinen Haltepunkt: Zeit f\u00fcr Zug-Premiere in Westerholt steht fest&quot;\" rel=\"noopener\">die Ankunftszeit f\u00fcr den Premieren-Zug steht bereits fest<\/a>. (HA+)<\/p>\n<p>\u2013 Die Hertenerin Erika Koschewitz (85) f\u00e4hrt t\u00e4glich mit dem <b>Rad <\/b>von Langenbochum nach Westerholt. <a href=\"https:\/\/www.hertener-allgemeine.de\/herten\/ueberwucherter-gehweg-herten-langenbochum-seniorin-fordert-rueckschnitt-eigentuemer-w1089372-8001114820\/\" data-imported=\"1\" target=\"_blank\" title=\"&quot;B\u00fcrgersteig stark zugewuchert: Hertenerin sieht Engpass f\u00fcr Radfahrer und Fu\u00dfg\u00e4nger&quot;\" rel=\"noopener\">An einer Stelle muss sie immer absteigen, weil der Gehweg stark zugewuchert ist<\/a>. (HA+)<\/p>\n<p>\u2013 Seit dem 23. September ist das <b>Jobcenter<\/b> in den Hertener H\u00f6fen ge\u00f6ffnet. Die Er\u00f6ffnung verlief jedoch alles andere als reibungslos \u2013 <a href=\"https:\/\/www.hertener-allgemeine.de\/herten\/jobcenter-herten-telefonisch-eingeschraenkt-erreichbar-umzug-hertener-hoefe-w1090161-8001115217\/\" data-imported=\"1\" target=\"_blank\" title=\"&quot;Nach Umzug in die Hertener H\u00f6fe: Das Jobcenter ist telefonisch nur eingeschr\u00e4nkt erreichbar&quot;\" rel=\"noopener\">und noch immer ist die Beh\u00f6rde telefonisch nur eingeschr\u00e4nkt erreichbar<\/a>.<\/p>\n<p><b>Achtung, Blitzer:<\/b> Einer der beiden st\u00e4dtischen Panzerblitzer steht derzeit an der Hospitalstra\u00dfe. Die zweite Radarfalle stand in der vergangenen Woche an der Langenbochumer Stra\u00dfe. Der neue Standort ist bislang unklar. In der Regel erhalten die Blitzer zur Wochenmitte neue Standorte. Rund um die Uhr im Einsatz sind die st\u00e4dtischen Radars\u00e4ulen an der Ewaldstra\u00dfe und der Hertener Stra\u00dfe. Die vom Kreis Recklinghausen betriebenen station\u00e4ren Messanlagen sind auch in dieser Woche ohne Kamera. Gleichwohl sind jederzeit im gesamten Stadtgebiet unangek\u00fcndigte Geschwindigkeitsmessungen m\u00f6glich.<\/p>\n<p><b>Wie die aktuelle Verkehrslage in und um Herten ist, sehen Sie auf dieser interaktiven Karte:<\/b><\/p>\n","protected":false},"excerpt":{"rendered":"Herten am Morgen Igel fallen radikalem Kahlschlag zum Opfer \u2013 Anwohner sind entsetzt Andr\u00e9 Przybyl Redakteur Anwohner des&hellip;\n","protected":false},"author":2,"featured_media":504942,"comment_status":"","ping_status":"","sticky":false,"template":"","format":"standard","meta":{"footnotes":""},"categories":[1848],"tags":[3364,29,548,663,3934,3658,30,13,14,10388,15,1209,12,92357],"class_list":{"0":"post-504941","1":"post","2":"type-post","3":"status-publish","4":"format-standard","5":"has-post-thumbnail","7":"category-gelsenkirchen","8":"tag-de","9":"tag-deutschland","10":"tag-eu","11":"tag-europa","12":"tag-europe","13":"tag-gelsenkirchen","14":"tag-germany","15":"tag-headlines","16":"tag-nachrichten","17":"tag-natur-umwelt","18":"tag-news","19":"tag-nordrhein-westfalen","20":"tag-schlagzeilen","21":"tag-tagesuebersicht"},"share_on_mastodon":{"url":"https:\/\/pubeurope.com\/@de\/115387683235068787","error":""},"_links":{"self":[{"href":"https:\/\/www.europesays.com\/de\/wp-json\/wp\/v2\/posts\/504941","targetHints":{"allow":["GET"]}}],"collection":[{"href":"https:\/\/www.europesays.com\/de\/wp-json\/wp\/v2\/posts"}],"about":[{"href":"https:\/\/www.europesays.com\/de\/wp-json\/wp\/v2\/types\/post"}],"author":[{"embeddable":true,"href":"https:\/\/www.europesays.com\/de\/wp-json\/wp\/v2\/users\/2"}],"replies":[{"embeddable":true,"href":"https:\/\/www.europesays.com\/de\/wp-json\/wp\/v2\/comments?post=504941"}],"version-history":[{"count":0,"href":"https:\/\/www.europesays.com\/de\/wp-json\/wp\/v2\/posts\/504941\/revisions"}],"wp:featuredmedia":[{"embeddable":true,"href":"https:\/\/www.europesays.com\/de\/wp-json\/wp\/v2\/media\/504942"}],"wp:attachment":[{"href":"https:\/\/www.europesays.com\/de\/wp-json\/wp\/v2\/media?parent=504941"}],"wp:term":[{"taxonomy":"category","embeddable":true,"href":"https:\/\/www.europesays.com\/de\/wp-json\/wp\/v2\/categories?post=504941"},{"taxonomy":"post_tag","embeddable":true,"href":"https:\/\/www.europesays.com\/de\/wp-json\/wp\/v2\/tags?post=504941"}],"curies":[{"name":"wp","href":"https:\/\/api.w.org\/{rel}","templated":true}]}}