{"id":504965,"date":"2025-10-17T04:55:11","date_gmt":"2025-10-17T04:55:11","guid":{"rendered":"https:\/\/www.europesays.com\/de\/504965\/"},"modified":"2025-10-17T04:55:11","modified_gmt":"2025-10-17T04:55:11","slug":"bochum-verbessert-sich-im-staedteranking","status":"publish","type":"post","link":"https:\/\/www.europesays.com\/de\/504965\/","title":{"rendered":"Bochum verbessert sich im St\u00e4dteranking"},"content":{"rendered":"<p class=\"small date article__date\">Ver\u00f6ffentlicht:\u00a0Freitag, 17.10.2025 05:45<\/p>\n<p>Bochum hat sich im aktuellen Standortranking des Informationsnetzwerks Die Deutsche Wirtschaft sp\u00fcrbar verbessert. Erstmals werden dabei auch kleinere, aber besonders erfolgreiche Unternehmen ber\u00fccksichtigt \u2013 das wirkt sich positiv auf die Platzierung der Stadt aus.<\/p>\n<p><img decoding=\"async\" alt=\"Blick auch das Mark 51\u00b07-Gel\u00e4nde im Herbst 2021\" src=\"https:\/\/www.europesays.com\/de\/wp-content\/uploads\/2025\/10\/luftbild-sep.2021-mark517_1_bildnachweis-ks-studios-gmbh.jpg&#038;crop=192x0x3456x2160&#038;resize=1280x800&#038;dt.jpeg\" data-size=\"1280x800\"\/>\u00a9 K+S Studios GmbHBochum geh\u00f6rt zu den Top ein Prozent der Standorte in Deutschland<\/p>\n<p>Im neuen Standortranking Deutschland ist Bochum um acht Pl\u00e4tze nach oben geklettert und belegt jetzt Platz 40 von rund 4.000 untersuchten Standorten. Damit geh\u00f6rt Bochum zu den Top ein Prozent der Wirtschaftsstandorte im gesamten Bundesgebiet. Das Ranking wird j\u00e4hrlich vom Informationsnetzwerk &#8222;Die Deutsche Wirtschaft&#8220; erstellt und gilt als einer der umfassendsten Standortvergleiche in Deutschland.<\/p>\n<p>Bewertet werden Wirtschaftskraft, Infrastruktur und Unternehmensdichte<\/p>\n<p>F\u00fcr das Ranking werden verschiedene Faktoren herangezogen. Darunter die Anzahl der ans\u00e4ssigen Top-Unternehmen, die Bev\u00f6lkerungszahl, die Infrastruktur sowie weitere wirtschaftliche Kennzahlen. Erstmals flie\u00dfen auch Daten zu sogenannten &#8222;Hidden Champions&#8220; ein: Das sind mittelst\u00e4ndische, oft wenig bekannte Unternehmen, die in ihrer Branche zu den f\u00fchrenden Anbietern geh\u00f6ren und erheblich zur regionalen Wirtschaftskraft beitragen.<\/p>\n","protected":false},"excerpt":{"rendered":"Ver\u00f6ffentlicht:\u00a0Freitag, 17.10.2025 05:45 Bochum hat sich im aktuellen Standortranking des Informationsnetzwerks Die Deutsche Wirtschaft sp\u00fcrbar verbessert. Erstmals werden&hellip;\n","protected":false},"author":2,"featured_media":504966,"comment_status":"","ping_status":"","sticky":false,"template":"","format":"standard","meta":{"footnotes":""},"categories":[1839],"tags":[126117,7507,3364,29,30,1209,12286,55],"class_list":{"0":"post-504965","1":"post","2":"type-post","3":"status-publish","4":"format-standard","5":"has-post-thumbnail","7":"category-bochum","8":"tag-standortranking","9":"tag-bochum","10":"tag-de","11":"tag-deutschland","12":"tag-germany","13":"tag-nordrhein-westfalen","14":"tag-ranking","15":"tag-wirtschaft"},"share_on_mastodon":{"url":"https:\/\/pubeurope.com\/@de\/115387730266908434","error":""},"_links":{"self":[{"href":"https:\/\/www.europesays.com\/de\/wp-json\/wp\/v2\/posts\/504965","targetHints":{"allow":["GET"]}}],"collection":[{"href":"https:\/\/www.europesays.com\/de\/wp-json\/wp\/v2\/posts"}],"about":[{"href":"https:\/\/www.europesays.com\/de\/wp-json\/wp\/v2\/types\/post"}],"author":[{"embeddable":true,"href":"https:\/\/www.europesays.com\/de\/wp-json\/wp\/v2\/users\/2"}],"replies":[{"embeddable":true,"href":"https:\/\/www.europesays.com\/de\/wp-json\/wp\/v2\/comments?post=504965"}],"version-history":[{"count":0,"href":"https:\/\/www.europesays.com\/de\/wp-json\/wp\/v2\/posts\/504965\/revisions"}],"wp:featuredmedia":[{"embeddable":true,"href":"https:\/\/www.europesays.com\/de\/wp-json\/wp\/v2\/media\/504966"}],"wp:attachment":[{"href":"https:\/\/www.europesays.com\/de\/wp-json\/wp\/v2\/media?parent=504965"}],"wp:term":[{"taxonomy":"category","embeddable":true,"href":"https:\/\/www.europesays.com\/de\/wp-json\/wp\/v2\/categories?post=504965"},{"taxonomy":"post_tag","embeddable":true,"href":"https:\/\/www.europesays.com\/de\/wp-json\/wp\/v2\/tags?post=504965"}],"curies":[{"name":"wp","href":"https:\/\/api.w.org\/{rel}","templated":true}]}}