{"id":504988,"date":"2025-10-17T05:09:14","date_gmt":"2025-10-17T05:09:14","guid":{"rendered":"https:\/\/www.europesays.com\/de\/504988\/"},"modified":"2025-10-17T05:09:14","modified_gmt":"2025-10-17T05:09:14","slug":"bpol-nrw-bundespolizei-stellt-springmesser-bei-handgepaeckkontrolle-am-flughafen","status":"publish","type":"post","link":"https:\/\/www.europesays.com\/de\/504988\/","title":{"rendered":"BPOL NRW: Bundespolizei stellt Springmesser bei Handgep\u00e4ckkontrolle am Flughafen &#8230;"},"content":{"rendered":"<p class=\"date\">17.10.2025 \u2013 06:53<\/p>\n<p class=\"customer\">\n                        <a class=\"story-customer\" title=\"weiter zum newsroom von Bundespolizeidirektion Sankt Augustin\" href=\"https:\/\/www.presseportal.de\/blaulicht\/nr\/70116\" rel=\"nofollow noopener\" target=\"_blank\">Bundespolizeidirektion Sankt Augustin<\/a>\n                    <\/p>\n<p><a class=\"glightbox event-trigger\" href=\"https:\/\/cache.pressmailing.net\/thumbnail\/story_hires\/4895e28a-7858-4e61-8fde-368eeaa34ee6\/sonstige-Aufzeichnun~592273306274559.jpg.jpg\" data-description=\"sichergestelltes Springmesser\" data-category=\"medialightbox\" data-action=\"click\" data-label=\"single\" data-value=\"68f1cbe1270000fd2cbc2b5b\" rel=\"nofollow noopener\" target=\"_blank\"><img decoding=\"async\" height=\"540\" with=\"720\" src=\"https:\/\/www.europesays.com\/de\/wp-content\/uploads\/2025\/10\/bpol-nrw-bundespolizei-stellt-springmesser-bei-handgep-ckkontrolle-am-flughafen-k-ln-bonn-sicher.jpeg\"   alt=\"BPOL NRW: Bundespolizei stellt Springmesser bei Handgep\u00e4ckkontrolle am Flughafen K\u00f6ln\/Bonn sicher\" class=\"single\"\/><\/a><\/p>\n<p><a data-category=\"citylink-story-view\" data-action=\"click\" data-label=\"Citylink in Meldungsansicht\" class=\"story-city event-trigger\" href=\"https:\/\/www.presseportal.de\/regional\/Flughafen%20K%F6ln%252FBonn\" title=\"News aus Flughafen K\u00f6ln\/Bonn \" rel=\"nofollow noopener\" target=\"_blank\">Flughafen K\u00f6ln\/Bonn<\/a> (ots)<\/p>\n<p>Am fr\u00fchen Morgen des 16. Oktober 2025 stellten Luftsicherheitsassistenten bei einer Routinekontrolle am Flughafen K\u00f6ln\/Bonn im Handgep\u00e4ck eines 43-j\u00e4hrigen deutschen Reisenden ein Springmesser fest.<\/p>\n<p>Die hinzugezogenen Beamten der Bundespolizei am Flughafen K\u00f6ln\/Bonn \u00fcberpr\u00fcften den Sachverhalt und stellten nach Einsichtnahme fest, dass es sich hierbei um eine Ordnungswidrigkeit gem\u00e4\u00df Luftsicherheitsgesetz handelt.<\/p>\n<p>Eine durchgef\u00fchrte fahndungsm\u00e4\u00dfige \u00dcberpr\u00fcfung des Mannes verlief negativ. Das Springmesser wurde sichergestellt, und der Betroffene belehrt.<\/p>\n<p>Nach Abschluss aller polizeilichen Ma\u00dfnahmen konnte der Mann seine Ausreise nach Antalya fortsetzen.<\/p>\n<p>Die Bundespolizei weist in diesem Zusammenhang erneut darauf hin, dass das Mitf\u00fchren von Messern oder \u00e4hnlichen Gegenst\u00e4nden im Handgep\u00e4ck grunds\u00e4tzlich verboten ist. Schon der Versuch, solche Gegenst\u00e4nde durch die Sicherheitskontrolle zu bringen, kann zu Sicherstellungen und Ordnungswidrigkeitenverfahren f\u00fchren.<\/p>\n<p class=\"contact-headline\">R\u00fcckfragen bitte an:<\/p>\n<p class=\"contact-text\">Bundespolizeidirektion Sankt Augustin<br \/>Pressestelle<br \/>Mathias K\u00e4mpfer<\/p>\n<p>Telefon: +49 (0) 2203 95 22-1041<br \/>E-Mail: <a href=\"https:\/\/www.presseportal.de\/blaulicht\/pm\/70116\/mailto: bpolifh.cgn.presse@polizei.bund.de\" class=\"uri-mailto\" rel=\"nofollow noopener\" target=\"_blank\"> bpolifh.cgn.presse@polizei.bund.de<\/a><br \/>X (Twitter): @BPOL NRW<\/p>\n<p><a target=\"_blank\" class=\"uri-ext outbound\" rel=\"noopener nofollow\" href=\"https:\/\/www.bundespolizei.de\">www.bundespolizei.de<\/a><\/p>\n<p>Postfach 980125<br \/>51129 K\u00f6ln<\/p>\n<p>Weitere Informationen erhalten Sie unter <a target=\"_blank\" class=\"uri-ext outbound\" rel=\"noopener nofollow\" href=\"https:\/\/www.bundespolizei.de\">www.bundespolizei.de<\/a> oder <br \/>unter oben genannter Kontaktadresse.<\/p>\n<p class=\"originator\">Original-Content von: Bundespolizeidirektion Sankt Augustin, \u00fcbermittelt durch news aktuell<\/p>\n","protected":false},"excerpt":{"rendered":"17.10.2025 \u2013 06:53 Bundespolizeidirektion Sankt Augustin Flughafen K\u00f6ln\/Bonn (ots) Am fr\u00fchen Morgen des 16. Oktober 2025 stellten Luftsicherheitsassistenten&hellip;\n","protected":false},"author":2,"featured_media":504989,"comment_status":"","ping_status":"","sticky":false,"template":"","format":"standard","meta":{"footnotes":""},"categories":[1842],"tags":[1741,3364,29,30,177,1209,176,121,178,180,179,181],"class_list":{"0":"post-504988","1":"post","2":"type-post","3":"status-publish","4":"format-standard","5":"has-post-thumbnail","7":"category-bonn","8":"tag-bonn","9":"tag-de","10":"tag-deutschland","11":"tag-germany","12":"tag-kriminalitt","13":"tag-nordrhein-westfalen","14":"tag-nrw","15":"tag-polizei","16":"tag-presse","17":"tag-pressemeldung","18":"tag-pressemitteilung","19":"tag-pressemitteilungen"},"share_on_mastodon":{"url":"https:\/\/pubeurope.com\/@de\/115387784510634696","error":""},"_links":{"self":[{"href":"https:\/\/www.europesays.com\/de\/wp-json\/wp\/v2\/posts\/504988","targetHints":{"allow":["GET"]}}],"collection":[{"href":"https:\/\/www.europesays.com\/de\/wp-json\/wp\/v2\/posts"}],"about":[{"href":"https:\/\/www.europesays.com\/de\/wp-json\/wp\/v2\/types\/post"}],"author":[{"embeddable":true,"href":"https:\/\/www.europesays.com\/de\/wp-json\/wp\/v2\/users\/2"}],"replies":[{"embeddable":true,"href":"https:\/\/www.europesays.com\/de\/wp-json\/wp\/v2\/comments?post=504988"}],"version-history":[{"count":0,"href":"https:\/\/www.europesays.com\/de\/wp-json\/wp\/v2\/posts\/504988\/revisions"}],"wp:featuredmedia":[{"embeddable":true,"href":"https:\/\/www.europesays.com\/de\/wp-json\/wp\/v2\/media\/504989"}],"wp:attachment":[{"href":"https:\/\/www.europesays.com\/de\/wp-json\/wp\/v2\/media?parent=504988"}],"wp:term":[{"taxonomy":"category","embeddable":true,"href":"https:\/\/www.europesays.com\/de\/wp-json\/wp\/v2\/categories?post=504988"},{"taxonomy":"post_tag","embeddable":true,"href":"https:\/\/www.europesays.com\/de\/wp-json\/wp\/v2\/tags?post=504988"}],"curies":[{"name":"wp","href":"https:\/\/api.w.org\/{rel}","templated":true}]}}