{"id":504993,"date":"2025-10-17T05:12:13","date_gmt":"2025-10-17T05:12:13","guid":{"rendered":"https:\/\/www.europesays.com\/de\/504993\/"},"modified":"2025-10-17T05:12:13","modified_gmt":"2025-10-17T05:12:13","slug":"nuernberg-koenigstrasse-wartet-seit-ueber-zwei-wochen-auf-strom","status":"publish","type":"post","link":"https:\/\/www.europesays.com\/de\/504993\/","title":{"rendered":"N\u00fcrnberg: K\u00f6nigstra\u00dfe wartet seit \u00fcber zwei Wochen auf Strom"},"content":{"rendered":"<p>                                &#8211;                                Seit mittlerweile \u00fcber zwei Wochen steht die Gastronomie in einem Teil der N\u00fcrnberger K\u00f6nigstra\u00dfe still. Jetzt gibt es ein erstes Datum f\u00fcr eine m\u00f6gliche R\u00fcckkehr. Doch die Geduldsprobe ist noch lange nicht vorbei.<\/p>\n<p>                Was als kurzer Zwischenfall begann, entwickelt sich zur langwierigen Belastung f\u00fcr die Gastronomie und den Einzelhandel am Anfang der K\u00f6nigstra\u00dfe. Am 1. Oktober hatte ein <a href=\"https:\/\/www.nordbayern.de\/nuernberg\/kein-strom-nach-brand-in-der-innenstadt-viele-lokale-in-nurnberg-seit-uber-einer-woche-geschlossen-1.14867315\" target=\"_blank\" rel=\"nofollow noopener\">Brand im Keller eines Geb\u00e4udes die Stromversorgung lahmgelegt<\/a> &#8211; und die Folgen sind bis heute sp\u00fcrbar. Mittlerweile sind die betroffenen Betriebe seit \u00fcber zwei Wochen geschlossen. Eine zeitnahe Wiederer\u00f6ffnung ist nicht in Sicht.<\/p>\n<p>Der Brand ereignete sich im Heiz- und Elektroraum eines Geb\u00e4udes in der K\u00f6nigstra\u00dfe. Laut Feuerwehr war ein Verteilerkasten Ausl\u00f6ser des Feuers. Drei L\u00f6schz\u00fcge mit rund 40 Einsatzkr\u00e4ften waren im Einsatz. Zwar konnte das Feuer schnell gel\u00f6scht werden, verletzt wurde niemand &#8211; doch die Auswirkungen sind gravierend.<\/p>\n<p>Seitdem ist die Stromversorgung im gesamten Geb\u00e4udekomplex unterbrochen. Gastronomiebetriebe wie das Auckland Coffee, Vini e Panini, das vietnamesische Restaurant My Hao, die Pommesmanufaktur <a href=\"https:\/\/www.nordbayern.de\/erlangen\/nach-nurnberg-gastro-kette-offnet-schon-bald-auch-filiale-in-erlanger-arcaden-mit-gratis-aktion-1.14804356\" target=\"_blank\" rel=\"nofollow noopener\">Frittenwerk<\/a>, die Eisdiele Gelatissimo Soldan sowie der Automaten-Kiosk The Sp\u00e4ti mussten den Betrieb einstellen. Auch die Thomas-Sabo-Filiale bleibt geschlossen. Einzig die Kanzlei Rau, Schneck und H\u00fcbner ist weiterhin zu Fu\u00df erreichbar.<\/p>\n<p>Was zun\u00e4chst nach einer kurzen Unterbrechung aussah, hat sich zur Geduldsprobe entwickelt. Beim <a href=\"https:\/\/www.nordbayern.de\/essen-trinken\/auckland-coffee-neuseelands-superfood-in-nurnberg-1.11844638\" target=\"_blank\" rel=\"nofollow noopener\">Auckland Coffee<\/a> hoffte man anfangs, nur einen Tag schlie\u00dfen zu m\u00fcssen. Bald war von einer Woche die Rede &#8211; inzwischen sind \u00fcber zwei Wochen vergangen, und die T\u00fcren bleiben weiterhin geschlossen. Die wirtschaftlichen Folgen sind erheblich.<\/p>\n<p>                                                        Nach Brand in der K\u00f6nigstra\u00dfe in N\u00fcrnberg: Reparaturen dauern bis Ende Oktober<\/p>\n<p>Nun steht fest: Die Reparaturarbeiten werden sich noch hinziehen. Nach aktuellen Informationen ist eine Wiederherstellung der Stromversorgung fr\u00fchestens zum 27. Oktober m\u00f6glich. Eine Garantie gibt es zum jetzigen Zeitpunkt allerdings noch nicht. Damit bleibt der Betrieb f\u00fcr die betroffenen Unternehmen noch mindestens bis Ende des Monats unm\u00f6glich. \u201eWir hoffen, bald wieder f\u00fcr euch da zu sein\u201c, schreibt das Team von Vini e Panini. Doch die Hoffnung auf eine schnelle R\u00fcckkehr zum Alltag schwindet.<\/p>\n<p>F\u00fcr die betroffenen Betriebe bedeutet der Stromausfall nicht nur einen Stillstand &#8211; sondern auch einen empfindlichen wirtschaftlichen Einschnitt. Wie hoch die Sch\u00e4den am Ende ausfallen, l\u00e4sst sich derzeit kaum beziffern.<\/p>\n<p><strong>Immer topaktuell informiert bleiben \u00fcber die wichtigsten Themen aus der Region?<\/strong> \u00dcber unseren neuen WhatsApp-Kanal erfahren Sie alle Neuigkeiten aus erster Hand.<\/p>\n<p><strong><a href=\"https:\/\/whatsapp.com\/channel\/0029VaEwabi7T8bcjUgA9L3C\" target=\"_blank\" rel=\"nofollow noopener\">Hier<\/a><\/strong> geht es direkt zum WhatsApp-Channel &#8211; eine \u201eSchritt f\u00fcr Schritt\u201c-Anleitung finden Sie <strong><a href=\"https:\/\/www.nordbayern.de\/franken\/direkt-einfach-und-spannend-nachrichten-von-nordbayern-de-bei-whatsapp-erhalten-1.13960000\" target=\"_blank\" rel=\"nofollow noopener\">hier<\/a><\/strong>.<\/p>\n","protected":false},"excerpt":{"rendered":"&#8211; Seit mittlerweile \u00fcber zwei Wochen steht die Gastronomie in einem Teil der N\u00fcrnberger K\u00f6nigstra\u00dfe still. Jetzt gibt&hellip;\n","protected":false},"author":2,"featured_media":504994,"comment_status":"","ping_status":"","sticky":false,"template":"","format":"standard","meta":{"footnotes":""},"categories":[1837],"tags":[772,3364,29,30,3783],"class_list":{"0":"post-504993","1":"post","2":"type-post","3":"status-publish","4":"format-standard","5":"has-post-thumbnail","7":"category-nuernberg","8":"tag-bayern","9":"tag-de","10":"tag-deutschland","11":"tag-germany","12":"tag-nuernberg"},"share_on_mastodon":{"url":"https:\/\/pubeurope.com\/@de\/115387796282131826","error":""},"_links":{"self":[{"href":"https:\/\/www.europesays.com\/de\/wp-json\/wp\/v2\/posts\/504993","targetHints":{"allow":["GET"]}}],"collection":[{"href":"https:\/\/www.europesays.com\/de\/wp-json\/wp\/v2\/posts"}],"about":[{"href":"https:\/\/www.europesays.com\/de\/wp-json\/wp\/v2\/types\/post"}],"author":[{"embeddable":true,"href":"https:\/\/www.europesays.com\/de\/wp-json\/wp\/v2\/users\/2"}],"replies":[{"embeddable":true,"href":"https:\/\/www.europesays.com\/de\/wp-json\/wp\/v2\/comments?post=504993"}],"version-history":[{"count":0,"href":"https:\/\/www.europesays.com\/de\/wp-json\/wp\/v2\/posts\/504993\/revisions"}],"wp:featuredmedia":[{"embeddable":true,"href":"https:\/\/www.europesays.com\/de\/wp-json\/wp\/v2\/media\/504994"}],"wp:attachment":[{"href":"https:\/\/www.europesays.com\/de\/wp-json\/wp\/v2\/media?parent=504993"}],"wp:term":[{"taxonomy":"category","embeddable":true,"href":"https:\/\/www.europesays.com\/de\/wp-json\/wp\/v2\/categories?post=504993"},{"taxonomy":"post_tag","embeddable":true,"href":"https:\/\/www.europesays.com\/de\/wp-json\/wp\/v2\/tags?post=504993"}],"curies":[{"name":"wp","href":"https:\/\/api.w.org\/{rel}","templated":true}]}}