{"id":504995,"date":"2025-10-17T05:13:11","date_gmt":"2025-10-17T05:13:11","guid":{"rendered":"https:\/\/www.europesays.com\/de\/504995\/"},"modified":"2025-10-17T05:13:11","modified_gmt":"2025-10-17T05:13:11","slug":"bbk-nuernberg-in-schwabach-siebenbuerger-de","status":"publish","type":"post","link":"https:\/\/www.europesays.com\/de\/504995\/","title":{"rendered":"BBK N\u00fcrnberg in Schwabach &#8211; Siebenbuerger.de"},"content":{"rendered":"<p>Der Berufsverband bildender K\u00fcnstlerinnen und K\u00fcnstler (BBK) N\u00fcrnberg Mittelfranken ist <strong>ab dem 19. Oktober<\/strong> mit 99 Kunstschaffenden zu Gast im Stadtmuseum Schwabach.\n     <\/p>\n<p><img decoding=\"async\" src=\"https:\/\/www.europesays.com\/de\/wp-content\/uploads\/2025\/10\/bbk_flyer_all_in_all_seite_1.jpg\"   alt=\"\"\/><strong>Bis zum 16. November<\/strong> zeigen die BBK-Mitglieder Werke aus den Bereichen Malerei, Zeichnung, Collage, Fotografie, Film und Skulptur bis hin zu experimentellen Mixed-Media-Arbeiten. Die geb\u00fcrtige Kronst\u00e4dterin Gerhild W\u00e4chter ist mit einem Scherenschnitt aus der Serie \u201eSpinnerei\u201c vertreten. Begleitend zur Ausstellung gibt es K\u00fcnstlergespr\u00e4che und Workshops, au\u00dferdem erscheint ein Katalog. Mehr Infos: <a href=\"http:\/\/www.bbk-nuernberg.de\" class=\"extern\" rel=\"nofollow noopener\" target=\"_blank\">www.bbk-nuernberg.de<\/a> und <a href=\"http:\/\/www.stadtmuseum-schwabach.de\" class=\"extern\" rel=\"nofollow noopener\" target=\"_blank\">www.stadtmuseum-schwabach.de<\/a><\/p>\n<p id=\"kommentarekompakt\">Noch keine Kommmentare zum Artikel.<\/p>\n<p>Zum Kommentieren loggen Sie sich bitte in dem <a href=\"#\" class=\"icontext i-user\">LogIn-Feld oben<\/a> ein oder <a href=\"https:\/\/www.siebenbuerger.de\/benutzer\/registrieren.php\/\" rel=\"nofollow noopener\" target=\"_blank\">registrieren Sie sich<\/a>. Die Kommentarfunktion ist<br \/>\nnur f\u00fcr registrierte Premiumbenutzer (Verbandsmitglieder) freigeschaltet.<\/p>\n","protected":false},"excerpt":{"rendered":"Der Berufsverband bildender K\u00fcnstlerinnen und K\u00fcnstler (BBK) N\u00fcrnberg Mittelfranken ist ab dem 19. Oktober mit 99 Kunstschaffenden zu&hellip;\n","protected":false},"author":2,"featured_media":504996,"comment_status":"","ping_status":"","sticky":false,"template":"","format":"standard","meta":{"footnotes":""},"categories":[1837],"tags":[772,3364,29,30,3783],"class_list":{"0":"post-504995","1":"post","2":"type-post","3":"status-publish","4":"format-standard","5":"has-post-thumbnail","7":"category-nuernberg","8":"tag-bayern","9":"tag-de","10":"tag-deutschland","11":"tag-germany","12":"tag-nuernberg"},"share_on_mastodon":{"url":"https:\/\/pubeurope.com\/@de\/115387800438091591","error":""},"_links":{"self":[{"href":"https:\/\/www.europesays.com\/de\/wp-json\/wp\/v2\/posts\/504995","targetHints":{"allow":["GET"]}}],"collection":[{"href":"https:\/\/www.europesays.com\/de\/wp-json\/wp\/v2\/posts"}],"about":[{"href":"https:\/\/www.europesays.com\/de\/wp-json\/wp\/v2\/types\/post"}],"author":[{"embeddable":true,"href":"https:\/\/www.europesays.com\/de\/wp-json\/wp\/v2\/users\/2"}],"replies":[{"embeddable":true,"href":"https:\/\/www.europesays.com\/de\/wp-json\/wp\/v2\/comments?post=504995"}],"version-history":[{"count":0,"href":"https:\/\/www.europesays.com\/de\/wp-json\/wp\/v2\/posts\/504995\/revisions"}],"wp:featuredmedia":[{"embeddable":true,"href":"https:\/\/www.europesays.com\/de\/wp-json\/wp\/v2\/media\/504996"}],"wp:attachment":[{"href":"https:\/\/www.europesays.com\/de\/wp-json\/wp\/v2\/media?parent=504995"}],"wp:term":[{"taxonomy":"category","embeddable":true,"href":"https:\/\/www.europesays.com\/de\/wp-json\/wp\/v2\/categories?post=504995"},{"taxonomy":"post_tag","embeddable":true,"href":"https:\/\/www.europesays.com\/de\/wp-json\/wp\/v2\/tags?post=504995"}],"curies":[{"name":"wp","href":"https:\/\/api.w.org\/{rel}","templated":true}]}}