{"id":505026,"date":"2025-10-17T05:29:13","date_gmt":"2025-10-17T05:29:13","guid":{"rendered":"https:\/\/www.europesays.com\/de\/505026\/"},"modified":"2025-10-17T05:29:13","modified_gmt":"2025-10-17T05:29:13","slug":"stuttgarter-schlossplatz-weihnachtszeit-wird-dunkler-die-lichtskulpturen-leuchten-dieses-jahr-nicht","status":"publish","type":"post","link":"https:\/\/www.europesays.com\/de\/505026\/","title":{"rendered":"Stuttgarter Schlossplatz: Weihnachtszeit wird dunkler: Die Lichtskulpturen leuchten dieses Jahr nicht"},"content":{"rendered":"<p>\t\t\t\t\t\t\t\t\t\t\t\t\t\t\t\t\t\t\t\t\t\t\t\t\t\t\t\t      \t\t            \t\t             \t\t\t\t   \t\t\t\t\t   <img decoding=\"async\" id=\"article-image\" fetchpriority=\"high\" alt=\"Stuttgarter Schlossplatz: Weihnachtszeit wird dunkler:  Die Lichtskulpturen leuchten  dieses Jahr nicht\" title=\"Stuttgarter Schlossplatz: Weihnachtszeit wird dunkler:  Die Lichtskulpturen leuchten  dieses Jahr nicht\" src=\"https:\/\/www.europesays.com\/de\/wp-content\/uploads\/2025\/10\/media.media.fc596709-8f7b-4ec0-8ca7-d84aab9025bf.16x9_700.jpg\" data-linkto=\"https:\/\/www.stuttgarter-nachrichten.de\/javascript:void(0);\"\/>\t\t\t\t\t\t\t\t\t\t\t\t\t\t\t\t\t\t\t\t\t\t\t\tIm vergangenen Jahr leuchtete das R\u00f6ssle noch auf dem Stuttgarter Schlossplatz.\u00a0Foto: Lichtgut\/Christoph Schmidt\t\t\t<\/p>\n<p>2018 wurden sie erstmals aufgestellt, in diesem Dezember kehren R\u00f6ssle, Wilhelma-Elefant und die anderen illuminierten Skulpturen nicht zur\u00fcck. Warum ist das so?<\/p>\n<p>Der Stuttgarter <a href=\"https:\/\/www.stuttgarter-nachrichten.de\/thema\/Schlossplatz\" title=\"Schlossplatz\" class=\"art_thema\" target=\"_blank\" rel=\"noopener\">Schlossplatz<\/a> strahlt in der Weihnachtszeit k\u00fcnftig weniger hell \u2013 R\u00f6ssle, Wilhelma-Elefant oder Wasen-Riesenrad, die bisher im Dezember und bis zum Dreik\u00f6nigstag <a href=\"https:\/\/www.stuttgarter-nachrichten.de\/inhalt.glanzlichter-in-der-stuttgarter-innenstadt-460-000-led-lichter-sorgen-fuer-weihnachtsstimmung.ffe9a5f5-7525-44b5-a558-13d2d6d89cd7.html\" target=\"_blank\" rel=\"noopener\">am Neuen Schloss leuchteten<\/a>, sind Geschichte. Denn die Stadt muss sparen \u2013 und auch die f\u00fcnf Lichtskulpturen stehen auf der Streichliste. Der Gemeinderatsbeschluss steht noch aus, aber zusammen mit dem Entwurf zum Doppelhaushalt 2026\/27 hat die Stadt <a href=\"https:\/\/www.stuttgarter-nachrichten.de\/inhalt.stuttgarter-doppelhaushalt-von-seniorenticket-bis-schulfruehstueck-hier-will-die-stadt-sparen.83be176e-c124-4ad9-b8b3-eeeb4fd4eb26.html\" target=\"_blank\" rel=\"noopener\">Vorschl\u00e4ge f\u00fcr Sparma\u00dfnahmen<\/a> ver\u00f6ffentlicht, die den <a href=\"https:\/\/www.stuttgarter-nachrichten.de\/thema\/Haushalt\" title=\"Haushalt\" class=\"art_thema\" target=\"_blank\" rel=\"noopener\">Haushalt<\/a> konsolidieren sollen. Darauf \u2013 mit jeweils 200.000 Euro Einsparpotenzial in den Jahren 2026 und 2027 \u2013 stehen auch die Glanzlichter. Wie Armin Dellnitz, Gesch\u00e4ftsf\u00fchrer der <a href=\"https:\/\/www.stuttgarter-nachrichten.de\/thema\/Stuttgart\" title=\"Stuttgart\" class=\"art_thema\" target=\"_blank\" rel=\"noopener\">Stuttgart<\/a>-Marketing GmbH, unserer Zeitung best\u00e4tigte, werden sie schon in diesem Jahr nicht mehr aufgebaut. Die Entscheidung dazu sei vor Kurzem gefallen.<\/p>\n<p>2024 haben die Glanzlichter laut Stuttgart-Marketing rund 400.000 Euro gekostet. Unter dem Schlagwort sind mehrere Beleuchtungskonzepte zusammengefasst, die in der Weihnachtszeit die Stuttgarter Innenstadt mit rund 460.000 LED-Lichtern stimmungsvoll erhellen sollen: \u201eDie Glanzlichter setzen sich zusammen aus der Illumination der K\u00f6nigstra\u00dfe, der Schulstra\u00dfe sowie des Schlossplatzes\u201c, erkl\u00e4rt Dellnitz und stellt klar: \u201eDie Einsparungen wirken sich nur auf den Schlossplatz mit seinen Lichtfiguren aus.\u201c Die Platanen auf der K\u00f6nigstra\u00dfe bekommen beispielsweise ihren Lichterkettenschmuck.<\/p>\n<p>Die bis zu acht Meter hohen Installationen, die 2018 zum ersten Mal aufgestellt wurden, symbolisierten ein paar der wichtigsten touristischen Wahrzeichen der Stadt: Ein Mercedes 300 SL und ein Porsche 911 stehen f\u00fcr die beiden Stuttgarter Automobilmuseen, der Elefant f\u00fcr die Wilhelma und das Riesenrad f\u00fcr den Cannstatter Wasen. Das R\u00f6ssle steigt auch auf dem Stuttgarter Stadtwappen. Sie sollten den Schlossplatz ein bisschen heller und freundlicher machen, wenn ums Eck der Winterzauber und der Weihnachtsmarkt stattfinden.<\/p>\n<p>\u201eEine Folge der aktuellen Haushaltssituation der Stadt\u201c <\/p>\n<p>\u201eDie Lichtfiguren auf dem Schlossplatz bildeten in den vergangen Jahren eine wertvolle Erg\u00e4nzung zum Weihnachtsmarkt. Dass dieses Angebot ab 2025 nicht mehr vorgehalten werden kann, ist eine Folge der aktuellen Haushaltssituation der Stadt\u201c, sagt Armin Dellnitz. \u201eWir bedauern das nat\u00fcrlich, haben aber Verst\u00e4ndnis f\u00fcr die Notwendigkeit, Priorit\u00e4ten zu setzen.\u201c<\/p>\n<p>Dass die Leuchtskulpturen schon in diesem Jahr nicht auf den Schlossplatz zur\u00fcckkehren, hat zum einen den Grund, dass die Rechnungsstellung teilweise erst 2026 erfolgt, zum anderen \u201eist die schwierige finanzielle Situation ja jetzt schon da und wir m\u00fcssen jetzt sparen\u201c, sagt Dellnitz. Da das Aufstellen der Skulpturen noch nicht beauftragt war, \u201ekonnte da noch ohne Probleme die Rei\u00dfleine gezogen werden\u201c.<\/p>\n<p>Ins Geld ging die Security <\/p>\n<p>Dabei ist das Aufstellen von R\u00f6ssle, Porsche und Co. der geringste Kostenposten \u2013 \u201edie Skulpturen sind ja da\u201c. Arg ins Geld ging in j\u00fcngster Zeit laut Dellnitz vor allem der Schutz der Leuchtskulpturen vor Vandalismus: \u201eWir mussten sie 24 Stunden von einem Securitydienst bewachen lassen.\u201c<\/p>\n<p>Schon im vergangenen Jahr sind vier weitere Lichtskulpturen <a href=\"https:\/\/www.stuttgarter-nachrichten.de\/inhalt.glanzlichter-in-der-stuttgarter-innenstadt-460-000-led-lichter-sorgen-fuer-weihnachtsstimmung.ffe9a5f5-7525-44b5-a558-13d2d6d89cd7.html\" target=\"_blank\" rel=\"noopener\">nicht mehr dabei gewesen<\/a>: Darunter ein Vierteleglas, die Grabkapelle oder der Fernsehturm. Der S\u00fcdwestrundfunk, der B\u00fcrgerverein Pro Stuttgart und die Staatlichen Schl\u00f6sser und G\u00e4rten Baden-W\u00fcrttemberg hatten sich damals entschlossen, die Installationen nicht mehr aufzubauen.<\/p>\n<p>Der Stuttgarter Weihnachtsmarkt hole im Dezember zahlreiche \u00dcbernachtungsg\u00e4ste in die Landeshauptstadt. Die Glanzlichter, die dieses Jahr am 26. November angeknipst werden, so Stuttgart-Marketing, unterstrichen die Bedeutung Stuttgarts als Weihnachtsstadt. \u201eUmso mehr freuen wir uns\u201c, sagt Dellnitz, \u201edass die festliche Beleuchtung in der K\u00f6nigstra\u00dfe und Schulstra\u00dfe auch weiterhin erhalten bleibt und f\u00fcr stimmungsvolle Akzente in der Innenstadt sorgt.\u201c<\/p>\n<p>Der Gesch\u00e4ftsf\u00fchrer der Stuttgart-Marketing GmbH schlie\u00dft nicht aus, dass die Leuchtskulpturen irgendwann an die Jubil\u00e4umss\u00e4ule zur\u00fcckkehren: \u201eAuf alle Zeit gestrichen sind sie sicher nicht.\u201c<\/p>\n","protected":false},"excerpt":{"rendered":"Im vergangenen Jahr leuchtete das R\u00f6ssle noch auf dem Stuttgarter Schlossplatz.\u00a0Foto: Lichtgut\/Christoph Schmidt 2018 wurden sie erstmals aufgestellt,&hellip;\n","protected":false},"author":2,"featured_media":505027,"comment_status":"","ping_status":"","sticky":false,"template":"","format":"standard","meta":{"footnotes":""},"categories":[1830],"tags":[1634,3364,29,30,126121,1109,14655,1074,1441,12289],"class_list":{"0":"post-505026","1":"post","2":"type-post","3":"status-publish","4":"format-standard","5":"has-post-thumbnail","7":"category-stuttgart","8":"tag-baden-wuerttemberg","9":"tag-de","10":"tag-deutschland","11":"tag-germany","12":"tag-glanzlichter","13":"tag-haushalt","14":"tag-schlossplatz","15":"tag-sparen","16":"tag-stuttgart","17":"tag-weihnachten"},"share_on_mastodon":{"url":"https:\/\/pubeurope.com\/@de\/115387863376199937","error":""},"_links":{"self":[{"href":"https:\/\/www.europesays.com\/de\/wp-json\/wp\/v2\/posts\/505026","targetHints":{"allow":["GET"]}}],"collection":[{"href":"https:\/\/www.europesays.com\/de\/wp-json\/wp\/v2\/posts"}],"about":[{"href":"https:\/\/www.europesays.com\/de\/wp-json\/wp\/v2\/types\/post"}],"author":[{"embeddable":true,"href":"https:\/\/www.europesays.com\/de\/wp-json\/wp\/v2\/users\/2"}],"replies":[{"embeddable":true,"href":"https:\/\/www.europesays.com\/de\/wp-json\/wp\/v2\/comments?post=505026"}],"version-history":[{"count":0,"href":"https:\/\/www.europesays.com\/de\/wp-json\/wp\/v2\/posts\/505026\/revisions"}],"wp:featuredmedia":[{"embeddable":true,"href":"https:\/\/www.europesays.com\/de\/wp-json\/wp\/v2\/media\/505027"}],"wp:attachment":[{"href":"https:\/\/www.europesays.com\/de\/wp-json\/wp\/v2\/media?parent=505026"}],"wp:term":[{"taxonomy":"category","embeddable":true,"href":"https:\/\/www.europesays.com\/de\/wp-json\/wp\/v2\/categories?post=505026"},{"taxonomy":"post_tag","embeddable":true,"href":"https:\/\/www.europesays.com\/de\/wp-json\/wp\/v2\/tags?post=505026"}],"curies":[{"name":"wp","href":"https:\/\/api.w.org\/{rel}","templated":true}]}}