{"id":505028,"date":"2025-10-17T05:30:15","date_gmt":"2025-10-17T05:30:15","guid":{"rendered":"https:\/\/www.europesays.com\/de\/505028\/"},"modified":"2025-10-17T05:30:15","modified_gmt":"2025-10-17T05:30:15","slug":"termine-fuer-new-adult-autoren-und-autogramme","status":"publish","type":"post","link":"https:\/\/www.europesays.com\/de\/505028\/","title":{"rendered":"Termine f\u00fcr New-Adult-Autoren und Autogramme"},"content":{"rendered":"<p>Frankfurter Buchmesse <\/p>\n<p>New-Adult-Fieber in Frankfurt: Wann Fans ihre Stars treffen<\/p>\n<p>17.10.2025 &#8211; 07:06 UhrLesedauer: 2 Min.<\/p>\n<p><a href=\"#focus-0\" class=\"transition-colors duration-200 block text-current relative\" data-sctrack=\"FocusGalleryImage.Reference\"><img fetchpriority=\"high\" data-testid=\"Opener.Image\" style=\"--lqipURL:url('https:\/\/images.t-online.de\/2025\/10\/gFI0OtuB13AL\/461x178:1086x611\/fit-in\/150x0\/filters:blur(25)\/image.jpg')\"   loading=\"eager\" src=\"https:\/\/www.europesays.com\/de\/wp-content\/uploads\/2025\/10\/1760679015_797_image.jpg\" alt=\"urn:newsml:dpa.com:20090101:251016-911-015007\" title=\"urn:newsml:dpa.com:20090101:251016-911-015007\" width=\"1086\" height=\"611\" class=\"bg-[url:var(--lqipURL)] bg-cover bg-center flex h-full w-full max-w-full\" decoding=\"async\"\/><img style=\"--width:32;--height:32\" loading=\"lazy\" src=\"https:\/\/frankfurt.t-online.de\/s\/paper\/_next\/static\/media\/zoom-in.f7dae02f.svg\" alt=\"Vergr\u00f6\u00dfern des Bildes\" title=\"Vergr\u00f6\u00dfern des Bildes\" class=\"block h-[calc(var(--height)_\/_16_*_1rem)] w-[calc(var(--width)_\/_16_*_1rem)] max-w-none absolute bottom-8 right-8 rounded-4 bg-snow p-8\" decoding=\"async\"\/><\/a><\/p>\n<p>Messestand des auf New-Adult-Literatur spezialisierten Verlags &#8222;Lyx&#8220;: In diesem Jahr wird es zahlreiche M\u00f6glichkeiten f\u00fcr Signierstunden mit Stars aus dem Genre geben. (Quelle: dpa\/Andreas Arnold)<\/p>\n<p class=\"font-bold text-18 leading-17\">New-Adult-Literatur verursacht auf der Frankfurter Buchmesse gro\u00dfen Andrang. Wo Fans ihre Lieblingsautorinnen treffen \u2013 von SenLinYu bis Jane S. Wonda.<\/p>\n<p class=\"text-18 leading-17\">Die Frankfurter Buchmesse erwartet in diesem Jahr rund 200.000 Besucher. Der Andrang kommt nicht nur wegen gro\u00dfer Namen aus Politik und Feuilleton, sondern auch wegen Genres, das in der Buchbranche eine enorme Zielgruppe erreicht: New Adult, Romance und Romantasy.<\/p>\n<p class=\"text-18 leading-17\">Schon im vergangenen Jahr hatte die Buchmesse erstmals eine eigene New-Adult-Halle er\u00f6ffnet. 2023 war der Andrang so gro\u00df gewesen, dass sich teils lange Schlangen bildeten und die Messehalle drei \u00fcberf\u00fcllt wurde. Mit der neuen Aufteilung zwischen Festhalle und Halle 1.2 soll der Besucherstrom besser gelenkt werden. Gleichzeitig entsteht ein zusammenh\u00e4ngendes Areal f\u00fcr Romance-, Fantasy- und BookTok-Fans.<\/p>\n<p class=\"text-18 leading-17\">Zu den Publikumsmagneten z\u00e4hlen SenLinYu (Freitag, 16.30\u201317.30 Uhr, Festhalle, Tisch 2). Am Samstag gibt sie zudem einen Book-Talk und zwei weitere Autogrammstunden.<\/p>\n<p class=\"text-18 leading-17\">Am Samstag (18.10.) folgen die gro\u00dfen Namen der Szene: Mercedes Ron liest um 10.30 im Congress Center und gibt um 14 Uhr eine Autogrammstunde (Meet the Author, Tisch 5). Au\u00dferdem signieren unter anderem Ava Reed (10 Uhr, Tisch 5 mit sp\u00e4terem Romantasy-Talk um 12 in Halle 3.0 D21), Bianca Iosivoni (Termine sowohl am Freitag als auch am Samstag), Julia Dippel (12.30\u201313 Uhr, Pop-up-B\u00fchne) und Stella Tack in der Festhalle.<\/p>\n<p class=\"text-18 leading-17\">Jane S. Wonda spricht im Congress Center Saal Harmonie \u00fcber ihren Roman &#8222;Toxic&#8220; (12\u201313 Uhr, danach Signierstunde bis 14 Uhr). Am Nachmittag folgen Maren Vivien Haase (16.30\u201318 Uhr, Tisch 5) und Kyra Groh (17.30\u201318.30 Uhr, Tisch 4).<\/p>\n<p class=\"text-18 leading-17\">Auch in Sachen Dark Romance stehen einige Veranstaltungen auf dem Programm D.C. Odesza und Sara Rivers sprechen am Sonntag (12.30, Festhalle Pop-Up) \u00fcber das Genre, anschlie\u00dfend geben beide Autogramme. Internationale G\u00e4ste wie Abby Jimenez (Sonntag, 11\u201312 Uhr, Tisch 3).<\/p>\n<p class=\"text-18 leading-17\">Das Genre, das fr\u00fcher als seicht galt, ist heute ein sehr umsatzstarkes Segment im Buchmarkt. Millionen Leserinnen \u2013 haupts\u00e4chlich sind es junge Frauen \u2013 greifen zu Geschichten \u00fcber Liebe, Selbstfindung und Emanzipation. Viele entdecken sie \u00fcber TikTok, wo BookTok-Clips l\u00e4ngst Bestseller machen.<\/p>\n","protected":false},"excerpt":{"rendered":"Frankfurter Buchmesse New-Adult-Fieber in Frankfurt: Wann Fans ihre Stars treffen 17.10.2025 &#8211; 07:06 UhrLesedauer: 2 Min. Messestand des&hellip;\n","protected":false},"author":2,"featured_media":505029,"comment_status":"","ping_status":"","sticky":false,"template":"","format":"standard","meta":{"footnotes":""},"categories":[1829],"tags":[522,3092,29,7978,5084,2050,2051,53122,30,2052,47,65472,14014,151],"class_list":{"0":"post-505028","1":"post","2":"type-post","3":"status-publish","4":"format-standard","5":"has-post-thumbnail","7":"category-frankfurt-am-main","8":"tag-522","9":"tag-3092","10":"tag-deutschland","11":"tag-festhalle","12":"tag-fieber","13":"tag-frankfurt","14":"tag-frankfurt-am-main","15":"tag-frankfurter-buchmesse","16":"tag-germany","17":"tag-hessen","18":"tag-messe","19":"tag-messestand","20":"tag-signierstunde","21":"tag-tiktok"},"share_on_mastodon":{"url":"https:\/\/pubeurope.com\/@de\/115387867197688120","error":""},"_links":{"self":[{"href":"https:\/\/www.europesays.com\/de\/wp-json\/wp\/v2\/posts\/505028","targetHints":{"allow":["GET"]}}],"collection":[{"href":"https:\/\/www.europesays.com\/de\/wp-json\/wp\/v2\/posts"}],"about":[{"href":"https:\/\/www.europesays.com\/de\/wp-json\/wp\/v2\/types\/post"}],"author":[{"embeddable":true,"href":"https:\/\/www.europesays.com\/de\/wp-json\/wp\/v2\/users\/2"}],"replies":[{"embeddable":true,"href":"https:\/\/www.europesays.com\/de\/wp-json\/wp\/v2\/comments?post=505028"}],"version-history":[{"count":0,"href":"https:\/\/www.europesays.com\/de\/wp-json\/wp\/v2\/posts\/505028\/revisions"}],"wp:featuredmedia":[{"embeddable":true,"href":"https:\/\/www.europesays.com\/de\/wp-json\/wp\/v2\/media\/505029"}],"wp:attachment":[{"href":"https:\/\/www.europesays.com\/de\/wp-json\/wp\/v2\/media?parent=505028"}],"wp:term":[{"taxonomy":"category","embeddable":true,"href":"https:\/\/www.europesays.com\/de\/wp-json\/wp\/v2\/categories?post=505028"},{"taxonomy":"post_tag","embeddable":true,"href":"https:\/\/www.europesays.com\/de\/wp-json\/wp\/v2\/tags?post=505028"}],"curies":[{"name":"wp","href":"https:\/\/api.w.org\/{rel}","templated":true}]}}