{"id":505031,"date":"2025-10-17T05:32:11","date_gmt":"2025-10-17T05:32:11","guid":{"rendered":"https:\/\/www.europesays.com\/de\/505031\/"},"modified":"2025-10-17T05:32:11","modified_gmt":"2025-10-17T05:32:11","slug":"attentat-auf-reker-jaehrt-sich-zum-zehnten-mal","status":"publish","type":"post","link":"https:\/\/www.europesays.com\/de\/505031\/","title":{"rendered":"Attentat auf Reker j\u00e4hrt sich zum zehnten Mal"},"content":{"rendered":"<p class=\"small date article__date\">Ver\u00f6ffentlicht:\u00a0Freitag, 17.10.2025 07:05<\/p>\n<p>Es war ein Tat die ganz K\u00f6ln ersch\u00fcttert hat und auch dar\u00fcber hinaus: Ein Rechts-Extremist greift einen Tag vor ihrer Wahl zur Oberb\u00fcrgermeisterin mit einem Messer an und verletzt sie schwer. Heute j\u00e4hrt sich das Attentat zum zehnten Mal.\u00a0<\/p>\n<p><img decoding=\"async\" alt=\"\" src=\"https:\/\/www.europesays.com\/de\/wp-content\/uploads\/2025\/10\/dsc_0022.jpg&#038;crop=0x0x4288x2680&#038;resize=1280x799&#038;dt=201907220930410.jpeg\" data-size=\"1280x799\"\/>\u00a9 Radio K\u00f6ln, SB<\/p>\n<p>Ein Woche-markt bei uns in K\u00f6ln &#8211; Ein Mann fragt damals Henriette Reker bei einer Wahlkampfveranstaltung einen Tag vor ihrer Wahl zur Oberb\u00fcrgermeisterin, ob auch er eine Blume bekommen k\u00f6nnte, dann rammt der Rechtsextremist ihr anschlie\u00dfend ein Messer in den Hals.\u00a0Heute &#8211; zehn Jahre sp\u00e4ter &#8211; wundert sie in ihrem Amtszimmer \u00fcber ihre ersten Gedanken von damals.<\/p>\n<p>Sie sei das erste terroristisch-politische Opfer seit der RAF gewesen:<\/p>\n<p>Und in den Jahren nach ihrem Attentat sind tats\u00e4chlich weitere \u00dcbergriffe auf Politikerinnen und Politiker passiert: 2019 wird der Kasseler Regierungspr\u00e4sident Walter L\u00fcbcke ermordet, in Essen wird 2024 B\u00fcrgermeister Fli\u00df ins Gesicht geschlagen. Auch bei uns in K\u00f6ln kommt es zu Attacken auf Wahlhelfer. Unterm Strich sind das mehrere hundert F\u00e4lle pro Jahr, alleine bei uns in NRW.<\/p>\n","protected":false},"excerpt":{"rendered":"Ver\u00f6ffentlicht:\u00a0Freitag, 17.10.2025 07:05 Es war ein Tat die ganz K\u00f6ln ersch\u00fcttert hat und auch dar\u00fcber hinaus: Ein Rechts-Extremist&hellip;\n","protected":false},"author":2,"featured_media":505032,"comment_status":"","ping_status":"","sticky":false,"template":"","format":"standard","meta":{"footnotes":""},"categories":[1828],"tags":[2499,29,30,1420,1209],"class_list":{"0":"post-505031","1":"post","2":"type-post","3":"status-publish","4":"format-standard","5":"has-post-thumbnail","7":"category-koeln","8":"tag-kln","9":"tag-deutschland","10":"tag-germany","11":"tag-koeln","12":"tag-nordrhein-westfalen"},"share_on_mastodon":{"url":"https:\/\/pubeurope.com\/@de\/115387875602246250","error":""},"_links":{"self":[{"href":"https:\/\/www.europesays.com\/de\/wp-json\/wp\/v2\/posts\/505031","targetHints":{"allow":["GET"]}}],"collection":[{"href":"https:\/\/www.europesays.com\/de\/wp-json\/wp\/v2\/posts"}],"about":[{"href":"https:\/\/www.europesays.com\/de\/wp-json\/wp\/v2\/types\/post"}],"author":[{"embeddable":true,"href":"https:\/\/www.europesays.com\/de\/wp-json\/wp\/v2\/users\/2"}],"replies":[{"embeddable":true,"href":"https:\/\/www.europesays.com\/de\/wp-json\/wp\/v2\/comments?post=505031"}],"version-history":[{"count":0,"href":"https:\/\/www.europesays.com\/de\/wp-json\/wp\/v2\/posts\/505031\/revisions"}],"wp:featuredmedia":[{"embeddable":true,"href":"https:\/\/www.europesays.com\/de\/wp-json\/wp\/v2\/media\/505032"}],"wp:attachment":[{"href":"https:\/\/www.europesays.com\/de\/wp-json\/wp\/v2\/media?parent=505031"}],"wp:term":[{"taxonomy":"category","embeddable":true,"href":"https:\/\/www.europesays.com\/de\/wp-json\/wp\/v2\/categories?post=505031"},{"taxonomy":"post_tag","embeddable":true,"href":"https:\/\/www.europesays.com\/de\/wp-json\/wp\/v2\/tags?post=505031"}],"curies":[{"name":"wp","href":"https:\/\/api.w.org\/{rel}","templated":true}]}}