{"id":505033,"date":"2025-10-17T05:33:15","date_gmt":"2025-10-17T05:33:15","guid":{"rendered":"https:\/\/www.europesays.com\/de\/505033\/"},"modified":"2025-10-17T05:33:15","modified_gmt":"2025-10-17T05:33:15","slug":"tierheim-dellbrueck-teilt-unfassbare-geschichte-von-katze","status":"publish","type":"post","link":"https:\/\/www.europesays.com\/de\/505033\/","title":{"rendered":"Tierheim Dellbr\u00fcck teilt &#8222;unfassbare Geschichte&#8220; von Katze"},"content":{"rendered":"<p>Ausgesetzte Katze <\/p>\n<p>K\u00f6lner Tierheim teilt &#8222;unfassbare Geschichte&#8220;<\/p>\n<p>17.10.2025 &#8211; 07:28 UhrLesedauer: 2 Min.<\/p>\n<p><a href=\"#focus-0\" class=\"transition-colors duration-200 block text-current relative\" data-sctrack=\"FocusGalleryImage.Reference\"><img fetchpriority=\"high\" data-testid=\"Opener.Image\" style=\"--lqipURL:url('https:\/\/images.t-online.de\/2025\/10\/eolu4hYXEQZy\/0x37:376x211\/fit-in\/150x0\/filters:blur(25)\/gany-wurde-an-der-a3-bei-koeln-ausgesetzt-t-online-verwendet-das-foto-mit-erlaubnis-des-tierheims.png')\"   loading=\"eager\" src=\"https:\/\/www.europesays.com\/de\/wp-content\/uploads\/2025\/10\/gany-wurde-an-der-a3-bei-koeln-ausgesetzt-t-online-verwendet-das-foto-mit-erlaubnis-des-tierheims.pn.png\" alt=\"Gany wurde an der A3 bei K\u00f6ln ausgesetzt: t-online verwendet das Foto mit Erlaubnis des Tierheims.\" title=\"Gany wurde an der A3 bei K\u00f6ln ausgesetzt: t-online verwendet das Foto mit Erlaubnis des Tierheims.\" width=\"376\" height=\"211\" class=\"bg-[url:var(--lqipURL)] bg-cover bg-center flex h-full w-full max-w-full\" decoding=\"async\"\/><img style=\"--width:32;--height:32\" loading=\"lazy\" src=\"https:\/\/www.t-online.de\/s\/paper\/_next\/static\/media\/zoom-in.f7dae02f.svg\" alt=\"Vergr\u00f6\u00dfern des Bildes\" title=\"Vergr\u00f6\u00dfern des Bildes\" class=\"block h-[calc(var(--height)_\/_16_*_1rem)] w-[calc(var(--width)_\/_16_*_1rem)] max-w-none absolute bottom-8 right-8 rounded-4 bg-snow p-8\" decoding=\"async\"\/><\/a><\/p>\n<p>Gany wurde an der A3 bei K\u00f6ln ausgesetzt: t-online verwendet das Foto mit Erlaubnis des Tierheims. (Quelle: Screenshot\/instagram.com\/tierheim_dellbrueck)<\/p>\n<p class=\"font-bold text-18 leading-17\">Ein Mann setzt seine Katze an der A3 bei K\u00f6ln aus. Die Feuerwehr bringt sie in das Tierheim K\u00f6ln-Dellbr\u00fcck \u2013 und der Besitzer begeht einen folgenschweren Fehler.<\/p>\n<p class=\"text-18 leading-17\">Das Tierheim K\u00f6ln-Dellbr\u00fcck nennt es eine &#8222;unfassbare Geschichte&#8220;: Auf dem Standstreifen der Autobahn 3 steht eine Transportbox, darin sitzt die Katze Gany. Das Tier wurde an der vielbefahrenen Autobahn ausgesetzt, Autofahrer informieren die K\u00f6lner Feuerwehr \u00fcber den Fund. Diese sammelt die Box samt Katze ein und bringt Gany in das Tierheim Dellbr\u00fcck.<\/p>\n<p class=\"text-18 leading-17\">&#8222;Eigentlich sind wir ja immer frustriert dar\u00fcber, dass wir bei ausgesetzten Tieren keinerlei Information \u00fcber die armen Wesen bekommen&#8220;, schreibt das Tierheim auf Instagram. Allerdings habe der Fall von Katze Gany eine \u00fcberraschende Wendung genommen. Denn der Vorbesitzer hatte in einer Seitentasche der Transportbox den <a class=\"transition-colors duration-200 cursor-pointer text-inherit no-underline text-salemsfur md:hover:text-magenta md:hover:border-magenta md:focus:text-magenta border-current border-b border-solid break-words\" href=\"https:\/\/www.t-online.de\/gesundheit\/heilmittel-medikamente\/id_76808816\/impfpass-fragen-und-antworten-zum-impfausweis.html\" data-sctrack=\"BodyAnchor\" rel=\"nofollow noopener\" target=\"_blank\">Impfpass<\/a> der Katze zur\u00fcckgelassen \u2013 samt Namen, Adresse und Telefonnummer des Besitzers. Ob das absichtlich geschah oder ein Missgeschick war, ist nicht unbekannt.<\/p>\n<p class=\"text-18 leading-17\">Laut Tierheim habe die Feuerwehr bereits bei der Telefonnummer angeworfen und kurz mit einem Mann gesprochen, der jedoch leidlich gesagt habe, die Katze nicht mehr haben zu wollen. Die Mitarbeiter des Tierheims aber wollen dem Fall nun genauer nachgehen. &#8222;W\u00e4hrend Gany sich gerade bei uns einlebt, haben wir mittlerweile alle \u00c4mter in Ganys Heimatstadt informiert und werden weitere Schritte einleiten&#8220;, schreiben sie auf Instagram.<\/p>\n<p class=\"text-18 leading-17\">Auf Instagram zeigen sich die Follower des Tierheims betroffen von der Geschichte. &#8222;Ich hoffe auf ein liebevolles Zuhause f\u00fcr dich mit Menschen, die dich wertsch\u00e4tzen&#8220;, schreibt eine Nutzerin an die gefundene Katze gerichtet. Andere fragen sich, wie Menschen es \u00fcbers Herz bringen, Tiere auszusetzen \u2013 insbesondere an einer Autobahn. &#8222;Aussetzen an sich, ist ja schon grausam genug, aber auf der Autobahn mit dieser Ger\u00e4uschkulisse ist ja wohl f\u00fcr eine Katze der absolute Horrorfilm&#8220;, meint so etwa eine Kommentatorin.<\/p>\n<p><script async src=\"\/\/www.instagram.com\/embed.js\"><\/script><\/p>\n","protected":false},"excerpt":{"rendered":"Ausgesetzte Katze K\u00f6lner Tierheim teilt &#8222;unfassbare Geschichte&#8220; 17.10.2025 &#8211; 07:28 UhrLesedauer: 2 Min. Gany wurde an der A3&hellip;\n","protected":false},"author":2,"featured_media":505034,"comment_status":"","ping_status":"","sticky":false,"template":"","format":"standard","meta":{"footnotes":""},"categories":[1828],"tags":[21793,29,985,126122,30,152,2485,1420,1209,2486],"class_list":{"0":"post-505033","1":"post","2":"type-post","3":"status-publish","4":"format-standard","5":"has-post-thumbnail","7":"category-koeln","8":"tag-dellbrueck","9":"tag-deutschland","10":"tag-feuerwehr","11":"tag-gany","12":"tag-germany","13":"tag-instagram","14":"tag-katze","15":"tag-koeln","16":"tag-nordrhein-westfalen","17":"tag-tierheim"},"share_on_mastodon":{"url":"https:\/\/pubeurope.com\/@de\/115387879675452738","error":""},"_links":{"self":[{"href":"https:\/\/www.europesays.com\/de\/wp-json\/wp\/v2\/posts\/505033","targetHints":{"allow":["GET"]}}],"collection":[{"href":"https:\/\/www.europesays.com\/de\/wp-json\/wp\/v2\/posts"}],"about":[{"href":"https:\/\/www.europesays.com\/de\/wp-json\/wp\/v2\/types\/post"}],"author":[{"embeddable":true,"href":"https:\/\/www.europesays.com\/de\/wp-json\/wp\/v2\/users\/2"}],"replies":[{"embeddable":true,"href":"https:\/\/www.europesays.com\/de\/wp-json\/wp\/v2\/comments?post=505033"}],"version-history":[{"count":0,"href":"https:\/\/www.europesays.com\/de\/wp-json\/wp\/v2\/posts\/505033\/revisions"}],"wp:featuredmedia":[{"embeddable":true,"href":"https:\/\/www.europesays.com\/de\/wp-json\/wp\/v2\/media\/505034"}],"wp:attachment":[{"href":"https:\/\/www.europesays.com\/de\/wp-json\/wp\/v2\/media?parent=505033"}],"wp:term":[{"taxonomy":"category","embeddable":true,"href":"https:\/\/www.europesays.com\/de\/wp-json\/wp\/v2\/categories?post=505033"},{"taxonomy":"post_tag","embeddable":true,"href":"https:\/\/www.europesays.com\/de\/wp-json\/wp\/v2\/tags?post=505033"}],"curies":[{"name":"wp","href":"https:\/\/api.w.org\/{rel}","templated":true}]}}