{"id":505049,"date":"2025-10-17T05:41:12","date_gmt":"2025-10-17T05:41:12","guid":{"rendered":"https:\/\/www.europesays.com\/de\/505049\/"},"modified":"2025-10-17T05:41:12","modified_gmt":"2025-10-17T05:41:12","slug":"neues-museum-soll-erst-2029-fertig-werden","status":"publish","type":"post","link":"https:\/\/www.europesays.com\/de\/505049\/","title":{"rendered":"Neues Museum soll erst 2029 fertig werden"},"content":{"rendered":"<p class=\"tspBHk0 tspBHk1\">Das neue <a href=\"https:\/\/www.tagesspiegel.de\/kultur\/richtfest-beim-berlin-modern-die-legitimierung-eines-skandals-14583542.html?icid=in-text-link_14590934\" class=\"link link--internal\" data-gtm-class=\"article-text-link\" data-gtm-val=\"internal\" target=\"_blank\" rel=\"noopener\">Museum in Berlin f\u00fcr Kunstwerke aus dem 20. Jahrhundert<\/a> wird nach jetziger Planung sp\u00e4ter fertig. Die bauliche Fertigstellung sei f\u00fcr 2029 geplant, teilte die Stiftung Preu\u00dfischer Kulturbesitz (SPK) mit. Zuletzt war mit 2028 gerechnet worden.<\/p>\n<p>Tagesspiegel Checkpoint: Berlins beliebtester Newsletter<\/p>\n<p><img decoding=\"async\" src=\"https:\/\/www.europesays.com\/de\/wp-content\/uploads\/2025\/04\/cp-icon.png\" alt=\"\" class=\"tspBXfv\"\/><\/p>\n<p class=\"tspBXmz\"> Der schnellste Berlin-\u00dcberblick von Montag bis Samstag. <\/p>\n<p class=\"tspBHk0\">Das neue Museum, das Berlin Modern hei\u00dfen wird, entsteht in der N\u00e4he des Potsdamer Platzes. Mit dem Neubau soll die Neue Nationalgalerie erweitert werden. Rund sechs Jahre nach dem ersten Spatenstich wird am heutigen Freitag das Richtfest gefeiert.<\/p>\n<p> Was der Museumsneubau kosten soll <\/p>\n<p class=\"tspBHk0\">Die Gesamtkosten werden derzeit mit 507 Millionen Euro prognostiziert, wobei sich eine sinkende Tendenz abzeichnet, wie die Stiftung mitteilte. Eingerechnet sind prognostizierte Risikokosten und m\u00f6gliche Baupreissteigerungen.<\/p>\n<p class=\"tspBHk0\">In einem Bericht an den Haushaltsausschuss des Bundestages war zuletzt noch von rund 526,5 Millionen Euro ausgegangen worden. Anfangs war mit etwa 200 Millionen Euro kalkuliert worden, zwischenzeitlich mit etwa 450 Millionen Euro.<\/p>\n<p> Architekten entwarfen auch die Elbphilharmonie <\/p>\n<p class=\"tspBHk0\">Gebaut wird das Museum nach Pl\u00e4nen des Schweizer Architekturb\u00fcros Herzog &amp; de Meuron, das auch die Hamburger Elbphilharmonie gestaltet hatte. Es entsteht auf dem Kulturforum neben der ikonischen Neuen Nationalgalerie von Architekt Ludwig Mies van der Rohe (1886-1969). Weil dort nicht genug Platz ist, um mehr von der gro\u00dfen Kunstsammlung zu zeigen, ist ein weiteres Museum geplant.<\/p>\n<p class=\"tspBHk0\">Kulturstaatsminister Wolfram Weimer sprach vom \u201ewichtigsten Kulturneubau des Bundes\u201c und einem der \u201espektakul\u00e4rsten Bauwerke der europ\u00e4ischen Kulturlandschaft\u201c. \u201eAn das Geb\u00e4ude kn\u00fcpft sich die Hoffnung und die Erwartung, dass die einzigartige Sammlung der Neuen Nationalgalerie ein neues, gro\u00dfartiges und transparentes zweites Zuhause bekommt.\u201c<\/p>\n<p> Weimer: Viele bedeutende Kulturbauten anfangs umstritten <\/p>\n<p class=\"tspBHk0\">Viele bedeutende Kulturbauten seien anfangs umstritten gewesen. Das gelte f\u00fcr die Berliner Philharmonie, die Elbphilharmonie genauso wie f\u00fcr das\u00a0Centre\u00a0Pompidou in Paris. \u201eAll diese Kulturbauten begeistern heute das Publikum und \u00fcberzeugen durch ihre herausragende Architektur und\u00a0ihr Programm\u201c, teilte Weimer der Deutschen Presse-Agentur mit. Diese Voraussetzungen seien auch bei Berlin Modern gegeben.<\/p>\n<p> Mehr zum Thema:  <a href=\"https:\/\/www.tagesspiegel.de\/kultur\/richtfest-beim-berlin-modern-die-legitimierung-eines-skandals-14583542.html?icid=topic-list_14590934___\" data-gtm-class=\"article-mzt-link\" class=\"tspBRlv\" target=\"_blank\" rel=\"noopener\">Richtfest beim \u201eBerlin Modern\u201c Die Legitimierung eines Skandals <\/a><a href=\"https:\/\/www.tagesspiegel.de\/kultur\/berliner-skulpturenfund-im-petri-berlin-uberlebende-aus-dem-bombenschutt-14560088.html?icid=topic-list_14590934___\" data-gtm-class=\"article-mzt-link\" class=\"tspBRlv\" target=\"_blank\" rel=\"noopener\">Berliner Skulpturenfund im Petri Berlin \u00dcberlebende aus dem Bombenschutt <\/a><a href=\"https:\/\/www.tagesspiegel.de\/kultur\/centre-pompidou-als-vorbild-der-traum-von-einem-berliner-kulturzentrum-14364194.html?icid=topic-list_14590934___\" data-gtm-class=\"article-mzt-link\" class=\"tspBRlv\" target=\"_blank\" rel=\"noopener\">Centre Pompidou als Vorbild Der Traum von einem Berliner Kulturzentrum <\/a><\/p>\n<p class=\"tspBHk0\">Das neue Museum schaffe das \u201edas eigentlich Unm\u00f6gliche\u201c, teilte SPK-Pr\u00e4sidentin Marion Ackermann mit. Das Berliner Kulturforum habe endlich einen Gesamtklang. Das Haus steht f\u00fcr seine verbindende Kraft, f\u00fcr eine Architektur, die offen und einladend sei, sich \u00e4u\u00dferlich zur\u00fccknehme, aber im Inneren ein Kunsterlebnis bieten werde, wie es Berlin noch nie gesehen habe, erkl\u00e4rte sie. (dpa)<\/p>\n","protected":false},"excerpt":{"rendered":"Das neue Museum in Berlin f\u00fcr Kunstwerke aus dem 20. Jahrhundert wird nach jetziger Planung sp\u00e4ter fertig. Die&hellip;\n","protected":false},"author":2,"featured_media":505050,"comment_status":"","ping_status":"","sticky":false,"template":"","format":"standard","meta":{"footnotes":""},"categories":[1825],"tags":[296,29,30,27668],"class_list":{"0":"post-505049","1":"post","2":"type-post","3":"status-publish","4":"format-standard","5":"has-post-thumbnail","7":"category-berlin","8":"tag-berlin","9":"tag-deutschland","10":"tag-germany","11":"tag-kunst-in-berlin"},"share_on_mastodon":{"url":"https:\/\/pubeurope.com\/@de\/115387910985030225","error":""},"_links":{"self":[{"href":"https:\/\/www.europesays.com\/de\/wp-json\/wp\/v2\/posts\/505049","targetHints":{"allow":["GET"]}}],"collection":[{"href":"https:\/\/www.europesays.com\/de\/wp-json\/wp\/v2\/posts"}],"about":[{"href":"https:\/\/www.europesays.com\/de\/wp-json\/wp\/v2\/types\/post"}],"author":[{"embeddable":true,"href":"https:\/\/www.europesays.com\/de\/wp-json\/wp\/v2\/users\/2"}],"replies":[{"embeddable":true,"href":"https:\/\/www.europesays.com\/de\/wp-json\/wp\/v2\/comments?post=505049"}],"version-history":[{"count":0,"href":"https:\/\/www.europesays.com\/de\/wp-json\/wp\/v2\/posts\/505049\/revisions"}],"wp:featuredmedia":[{"embeddable":true,"href":"https:\/\/www.europesays.com\/de\/wp-json\/wp\/v2\/media\/505050"}],"wp:attachment":[{"href":"https:\/\/www.europesays.com\/de\/wp-json\/wp\/v2\/media?parent=505049"}],"wp:term":[{"taxonomy":"category","embeddable":true,"href":"https:\/\/www.europesays.com\/de\/wp-json\/wp\/v2\/categories?post=505049"},{"taxonomy":"post_tag","embeddable":true,"href":"https:\/\/www.europesays.com\/de\/wp-json\/wp\/v2\/tags?post=505049"}],"curies":[{"name":"wp","href":"https:\/\/api.w.org\/{rel}","templated":true}]}}