{"id":505057,"date":"2025-10-17T05:45:31","date_gmt":"2025-10-17T05:45:31","guid":{"rendered":"https:\/\/www.europesays.com\/de\/505057\/"},"modified":"2025-10-17T05:45:31","modified_gmt":"2025-10-17T05:45:31","slug":"stader-architekten-planen-neues-aerztehaus-in-hechthausen-mit","status":"publish","type":"post","link":"https:\/\/www.europesays.com\/de\/505057\/","title":{"rendered":"Stader Architekten planen neues \u00c4rztehaus in Hechthausen mit"},"content":{"rendered":"<p>    &#13;<\/p>\n<p>&#13;<br \/>\n        Medizinische Versorgung &#13;\n      <\/p>\n<p>&#13;<br \/>\n      &#13;<\/p>\n<p>      &#13;<br \/>\n        <img decoding=\"async\"   src=\"https:\/\/www.europesays.com\/de\/wp-content\/uploads\/2025\/10\/Aussenansicht-im-Planentwurf-fuer-den-Bau-des-Aerztehauses-1155767.jpg\" title=\"Stader Architekten planen neues \u00c4rztehaus in Hechthausen mit\" alt=\"Au\u00dfenansicht im Planentwurf f\u00fcr den Bau des \u00c4rztehauses in der Hechthausener Ortsmitte. Die Gemeinde m\u00f6chte das Geb\u00e4ude errichten, um die haus\u00e4rztliche Versorgung langfristig sicherzustellen.\" class=\"img-responsive\"\/>&#13;<br \/>\n        &#13;<\/p>\n<p>Au\u00dfenansicht im Planentwurf f\u00fcr den Bau des \u00c4rztehauses in der Hechthausener Ortsmitte. Die Gemeinde m\u00f6chte das Geb\u00e4ude errichten, um die haus\u00e4rztliche Versorgung langfristig sicherzustellen. &#13;<br \/>\n\t\t\t\t\t\t\t\tFoto: Grell\/Sch\u00fcch &amp; Cassau<\/p>\n<p>&#13;<br \/>\n        &#13;<\/p>\n<p class=\"intro\">Ein modernes \u00c4rztehaus soll die medizinische Versorgung in Hechthausen sichern. Ein Architekturb\u00fcro aus Stade hat den Neubau mitentworfen. Was geplant ist.<\/p>\n","protected":false},"excerpt":{"rendered":"&#13; &#13; Medizinische Versorgung &#13; &#13; &#13; &#13; &#13; &#13; Au\u00dfenansicht im Planentwurf f\u00fcr den Bau des \u00c4rztehauses&hellip;\n","protected":false},"author":2,"featured_media":505058,"comment_status":"","ping_status":"","sticky":false,"template":"","format":"standard","meta":{"footnotes":""},"categories":[1775],"tags":[126125,2251,1793,29,214,30,126126,1794,19591,126124,14031,215],"class_list":{"0":"post-505057","1":"post","2":"type-post","3":"status-publish","4":"format-standard","5":"has-post-thumbnail","7":"category-kunst-und-design","8":"tag-rztehaus","9":"tag-architekten","10":"tag-art-and-design","11":"tag-deutschland","12":"tag-entertainment","13":"tag-germany","14":"tag-hechthausen","15":"tag-kunst-und-design","16":"tag-landkreis-cuxhaven","17":"tag-nachbarkreise","18":"tag-stade","19":"tag-unterhaltung"},"share_on_mastodon":{"url":"https:\/\/pubeurope.com\/@de\/115387926333853905","error":""},"_links":{"self":[{"href":"https:\/\/www.europesays.com\/de\/wp-json\/wp\/v2\/posts\/505057","targetHints":{"allow":["GET"]}}],"collection":[{"href":"https:\/\/www.europesays.com\/de\/wp-json\/wp\/v2\/posts"}],"about":[{"href":"https:\/\/www.europesays.com\/de\/wp-json\/wp\/v2\/types\/post"}],"author":[{"embeddable":true,"href":"https:\/\/www.europesays.com\/de\/wp-json\/wp\/v2\/users\/2"}],"replies":[{"embeddable":true,"href":"https:\/\/www.europesays.com\/de\/wp-json\/wp\/v2\/comments?post=505057"}],"version-history":[{"count":0,"href":"https:\/\/www.europesays.com\/de\/wp-json\/wp\/v2\/posts\/505057\/revisions"}],"wp:featuredmedia":[{"embeddable":true,"href":"https:\/\/www.europesays.com\/de\/wp-json\/wp\/v2\/media\/505058"}],"wp:attachment":[{"href":"https:\/\/www.europesays.com\/de\/wp-json\/wp\/v2\/media?parent=505057"}],"wp:term":[{"taxonomy":"category","embeddable":true,"href":"https:\/\/www.europesays.com\/de\/wp-json\/wp\/v2\/categories?post=505057"},{"taxonomy":"post_tag","embeddable":true,"href":"https:\/\/www.europesays.com\/de\/wp-json\/wp\/v2\/tags?post=505057"}],"curies":[{"name":"wp","href":"https:\/\/api.w.org\/{rel}","templated":true}]}}