{"id":50506,"date":"2025-04-21T21:43:13","date_gmt":"2025-04-21T21:43:13","guid":{"rendered":"https:\/\/www.europesays.com\/de\/50506\/"},"modified":"2025-04-21T21:43:13","modified_gmt":"2025-04-21T21:43:13","slug":"tierischer-einsatz-ausser-rand-und-band-nagetiere-laufen-in-ice-frei-herum-bayern","status":"publish","type":"post","link":"https:\/\/www.europesays.com\/de\/50506\/","title":{"rendered":"Tierischer Einsatz: Au\u00dfer Rand und Band: Nagetiere laufen in ICE frei herum &#8211; Bayern"},"content":{"rendered":"<p>N\u00fcrnberg &#8211; Kurioser Vorfall: Mehrere Nagetiere sind in einem ICE am N\u00fcrnberger Bahnhof frei herumgelaufen. Mitarbeiter des Zuges h\u00e4tten das bemerkt und daraufhin alle Passagiere aus dem betroffenen Wagen gebracht, sagte eine Sprecherin der Deutschen Bahn (DB). Sie seien auf andere Sitzpl\u00e4tze verteilt worden. Im Anschluss sei der Wagen geschlossen worden und der Zug weitergefahren. Woher die <a href=\"https:\/\/www.frankenpost.de\/thema\/Tier\" title=\"Tier\" class=\"art_thema\" target=\"_blank\" rel=\"noopener\">Tier<\/a>e kamen, wie viele es waren und um welche Art Nagetiere es sich genau handelte, war zun\u00e4chst unklar. Weitere Details gab es vorerst nicht.<\/p>\n","protected":false},"excerpt":{"rendered":"N\u00fcrnberg &#8211; Kurioser Vorfall: Mehrere Nagetiere sind in einem ICE am N\u00fcrnberger Bahnhof frei herumgelaufen. Mitarbeiter des Zuges&hellip;\n","protected":false},"author":2,"featured_media":50507,"comment_status":"","ping_status":"","sticky":false,"template":"","format":"standard","meta":{"footnotes":""},"categories":[1837],"tags":[772,3364,29,30,2235,4156,4338,3783,2631],"class_list":{"0":"post-50506","1":"post","2":"type-post","3":"status-publish","4":"format-standard","5":"has-post-thumbnail","7":"category-nuernberg","8":"tag-bayern","9":"tag-de","10":"tag-deutschland","11":"tag-germany","12":"tag-kurioses","13":"tag-mittelfranken","14":"tag-notfall","15":"tag-nuernberg","16":"tag-tier"},"share_on_mastodon":{"url":"https:\/\/pubeurope.com\/@de\/114378139492394601","error":""},"_links":{"self":[{"href":"https:\/\/www.europesays.com\/de\/wp-json\/wp\/v2\/posts\/50506","targetHints":{"allow":["GET"]}}],"collection":[{"href":"https:\/\/www.europesays.com\/de\/wp-json\/wp\/v2\/posts"}],"about":[{"href":"https:\/\/www.europesays.com\/de\/wp-json\/wp\/v2\/types\/post"}],"author":[{"embeddable":true,"href":"https:\/\/www.europesays.com\/de\/wp-json\/wp\/v2\/users\/2"}],"replies":[{"embeddable":true,"href":"https:\/\/www.europesays.com\/de\/wp-json\/wp\/v2\/comments?post=50506"}],"version-history":[{"count":0,"href":"https:\/\/www.europesays.com\/de\/wp-json\/wp\/v2\/posts\/50506\/revisions"}],"wp:featuredmedia":[{"embeddable":true,"href":"https:\/\/www.europesays.com\/de\/wp-json\/wp\/v2\/media\/50507"}],"wp:attachment":[{"href":"https:\/\/www.europesays.com\/de\/wp-json\/wp\/v2\/media?parent=50506"}],"wp:term":[{"taxonomy":"category","embeddable":true,"href":"https:\/\/www.europesays.com\/de\/wp-json\/wp\/v2\/categories?post=50506"},{"taxonomy":"post_tag","embeddable":true,"href":"https:\/\/www.europesays.com\/de\/wp-json\/wp\/v2\/tags?post=50506"}],"curies":[{"name":"wp","href":"https:\/\/api.w.org\/{rel}","templated":true}]}}