{"id":505084,"date":"2025-10-17T06:01:12","date_gmt":"2025-10-17T06:01:12","guid":{"rendered":"https:\/\/www.europesays.com\/de\/505084\/"},"modified":"2025-10-17T06:01:12","modified_gmt":"2025-10-17T06:01:12","slug":"mcdonalds-schenkt-chemnitzer-superfan-die-goldcard","status":"publish","type":"post","link":"https:\/\/www.europesays.com\/de\/505084\/","title":{"rendered":"McDonald&#8217;s schenkt Chemnitzer Superfan die Goldcard!"},"content":{"rendered":"<p>\t\t\t\t\t\t\t\t\t\t\t\t\t\t\t\t\t\t\t\t\t\t\t\t\t\t\t\t\t\t<b class=\"ortsmarke\">Chemnitz.<\/b>\u00a0<\/p>\n<p>Traum oder Wirklichkeit? Das hat sich Wieland Breitfeld vor wenigen Tagen gedacht, als er von <a href=\"https:\/\/www.blick.de\/thema\/organisation\/mcdonalds\" title=\"McDonald&#039;s\" class=\"internal-article-link\" data-ct=\"ENTITY\/ORGANISATION\/MCDONALD\" s=\"\" target=\"_blank\" rel=\"noopener\">McDonald&#8217;s<\/a> \u00fcberrascht wurde.\u00a0<\/p>\n<p>\t\t\t\t\t\t\t\t\t\t\t\t\t\t\t\t\t\tStudent sammelt Merchprodukte von McDonald&#8217;s<\/p>\n<p>Im September hatte <a href=\"https:\/\/www.blick.de\/chemnitz\/deutschlands-groesster-mcdonalds-fan-lebt-in-chemnitz-diese-schaetze-verstecken-sich-in-seiner-sammlung-artikel13935208\" target=\"_blank\" rel=\"noopener\">BLICK.de \u00fcber den Studenten berichtet, der der gr\u00f6\u00dfte McDonald&#8217;s-Fan Deutschlands ist. <\/a>Seit vielen Jahren sammelt er Merchprodukte von McDonald&#8217;s, die es in den Men\u00fcs dazu gibt.<\/p>\n<p>Um eines der beliebten Regenbogengl\u00e4ser zu fahren, ist der 27-J\u00e4hrige beispielsweise erst durch ganz Chemnitz und dann nach <a href=\"https:\/\/www.blick.de\/thema\/ort\/leipzig\" title=\"Leipzig\" class=\"internal-article-link\" data-ct=\"ENTITY\/LOCATION\/LEIPZIG\" target=\"_blank\" rel=\"noopener\">Leipzig<\/a> gefahren, weil das Glas \u00fcberall vergriffen war. Aber seine Sammlung birgt noch so manche Sch\u00e4tze, die erstaunen lassen: Von Tannenbaumanh\u00e4ngern, Frisbyscheiben, Pullovern und vielem mehr.<\/p>\n<p>\t\t\t\t\t\t\t\t\t\t\t\t\t\t\t\t\t\tWas hat es mit der ber\u00fchmten McDonald&#8217;s Goldcard auf sich?<\/p>\n<p>Im BLICK.de-Artikel scherzte Wieland noch, dass es ein kleiner Traum sei, eines Tages die McDonald&#8217;s Goldkarte zu bekommen, um das Hobby perfekt abzurunden. Diese Karte bekommen n\u00e4mlich nur sehr wenige ausgew\u00e4hlte Menschen weltweit.<\/p>\n<p>Mit der Goldkarte kann man meist auf bestimmte Zeit\u00a0in einzelnen Filialen kostenfrei essen und sie werden in enger Kooperation von McDonald&#8217;s mit den Franchise-Nehmern abgestimmt. Die Goldkarten sind rar und man bekommt sie nicht einfach so. Im McDonald&#8217;s Monopoly-Spiel wurden in der Vergangenheit beispielsweise wenige\u00a0verlost.<\/p>\n<p>\t\t\t\t\t\t\t\t\t\t\t\t\t\t\t\t\t\tDiese Promis haben eine Goldcard<\/p>\n<p>Au\u00dferdem ist bekannt, dass einzelne Promis oder Werbegesichter diese VIP-Goldkarte\u00a0von der Restaurantkette erhalten haben. Rapper Kay One, Moderator Thomas Gottschalk, die \u00a0Content-Creatoren Aaron Troschke, Zarbex und Tanzverbot geh\u00f6ren zu den gl\u00fccklichen Goldcard-Besitzern. International geh\u00f6ren auch der wohl reichste Investor der Welt, Warren Buffet und Microsoft-Gr\u00fcnder Bill Gates dazu.<\/p>\n<p>\t\t\t\t\t\t\t\t\t\t\t\t\t\t\t\t\t\tEin Traum wird wahr<\/p>\n<p>Dann eines nachmittags Anfang Oktober: &#8222;Ist es das, was ich denke&#8220;, sprudelte es wild aus Wieland heraus, als er BLICK.de-Redakteurin Anika anrief und vor Freude kaum ein Wort herausbekam. &#8222;Ja Wieland, herzlichen Gl\u00fcckwunsch, McDonald&#8217;s hat unseren Artikel gesehen und sich dazu entschieden, dir eine Goldcard zu schenken.&#8220; Freudenspr\u00fcnge am anderen Ende. &#8222;Damit h\u00e4tte ich niemals, also legit NIEMALS, gerechnet&#8220;, sagt er aufgeregt. Die Karte ist nun in seiner App hinterlegt.<\/p>\n<p>Damit darf er nun in einem limitierten Zeitraum in seiner Lieblingsfiliale in der Reichsstra\u00dfe in Chemnitz kostenfrei essen. Das Ganze ist eine Wertsch\u00e4tzung von McDonald&#8217;s, die die Story so toll fanden, dass sie sich erkenntlich zeigen wollten.<\/p>\n<p>Damit ist Wieland Breitfeld nun offiziell nicht nur der gr\u00f6\u00dfte Fan, sondern auch der coolste McDonald&#8217;s Kunde in <a href=\"https:\/\/www.blick.de\/thema\/ort\/deutschland\" title=\"Deutschland\" class=\"internal-article-link\" data-ct=\"ENTITY\/LOCATION\/DEUTSCHLAND\" target=\"_blank\" rel=\"noopener\">Deutschland<\/a>.\u00a0<\/p>\n","protected":false},"excerpt":{"rendered":"Chemnitz.\u00a0 Traum oder Wirklichkeit? Das hat sich Wieland Breitfeld vor wenigen Tagen gedacht, als er von McDonald&#8217;s \u00fcberrascht&hellip;\n","protected":false},"author":2,"featured_media":505085,"comment_status":"","ping_status":"","sticky":false,"template":"","format":"standard","meta":{"footnotes":""},"categories":[1851],"tags":[2770,3364,29,548,663,3934,30,3986,13,14,15,859,12],"class_list":{"0":"post-505084","1":"post","2":"type-post","3":"status-publish","4":"format-standard","5":"has-post-thumbnail","7":"category-chemnitz","8":"tag-chemnitz","9":"tag-de","10":"tag-deutschland","11":"tag-eu","12":"tag-europa","13":"tag-europe","14":"tag-germany","15":"tag-handel","16":"tag-headlines","17":"tag-nachrichten","18":"tag-news","19":"tag-sachsen","20":"tag-schlagzeilen"},"share_on_mastodon":{"url":"https:\/\/pubeurope.com\/@de\/115387989127104686","error":""},"_links":{"self":[{"href":"https:\/\/www.europesays.com\/de\/wp-json\/wp\/v2\/posts\/505084","targetHints":{"allow":["GET"]}}],"collection":[{"href":"https:\/\/www.europesays.com\/de\/wp-json\/wp\/v2\/posts"}],"about":[{"href":"https:\/\/www.europesays.com\/de\/wp-json\/wp\/v2\/types\/post"}],"author":[{"embeddable":true,"href":"https:\/\/www.europesays.com\/de\/wp-json\/wp\/v2\/users\/2"}],"replies":[{"embeddable":true,"href":"https:\/\/www.europesays.com\/de\/wp-json\/wp\/v2\/comments?post=505084"}],"version-history":[{"count":0,"href":"https:\/\/www.europesays.com\/de\/wp-json\/wp\/v2\/posts\/505084\/revisions"}],"wp:featuredmedia":[{"embeddable":true,"href":"https:\/\/www.europesays.com\/de\/wp-json\/wp\/v2\/media\/505085"}],"wp:attachment":[{"href":"https:\/\/www.europesays.com\/de\/wp-json\/wp\/v2\/media?parent=505084"}],"wp:term":[{"taxonomy":"category","embeddable":true,"href":"https:\/\/www.europesays.com\/de\/wp-json\/wp\/v2\/categories?post=505084"},{"taxonomy":"post_tag","embeddable":true,"href":"https:\/\/www.europesays.com\/de\/wp-json\/wp\/v2\/tags?post=505084"}],"curies":[{"name":"wp","href":"https:\/\/api.w.org\/{rel}","templated":true}]}}