{"id":505087,"date":"2025-10-17T06:03:12","date_gmt":"2025-10-17T06:03:12","guid":{"rendered":"https:\/\/www.europesays.com\/de\/505087\/"},"modified":"2025-10-17T06:03:12","modified_gmt":"2025-10-17T06:03:12","slug":"borussia-moenchengladbach-so-stehen-die-wm-chancen-der-gladbach-stars-sport","status":"publish","type":"post","link":"https:\/\/www.europesays.com\/de\/505087\/","title":{"rendered":"Borussia M\u00f6nchengladbach: SO stehen die WM-Chancen der Gladbach-Stars | Sport"},"content":{"rendered":"<p><b>Vor der Partie am Freitag (20.30 Uhr\/Sky) bei Union Berlin sind alle Gladbach-Profis von ihren L\u00e4nderspiel-Touren zur\u00fcckgekehrt.<\/b><\/p>\n<p>Im November stehen noch die letzten beiden Spieltage in der WM-Qualifikation an. BILD erkl\u00e4rt, wie die WM-Chancen der <a href=\"https:\/\/www.bild.de\/sport\/fussball\/borussia-moenchengladbach\/startseite-borussia-moenchengladbach-31074418.bild.html\" class=\"text-link\" target=\"_blank\" rel=\"noopener\">Gladbach<\/a>-Profis stehen!<\/p>\n<p>\u25ba<b> Nico Elvedi (29)!<\/b><\/p>\n<p>Die Schweizer ben\u00f6tigen in den letzten beiden Gruppenspielen gegen Schweden (15. November) und im Kosovo (18. November) nur noch einen Sieg, um sicher die Direktqualifikation zu schaffen. <b>Ein Grund daf\u00fcr die klasse Tor-Differenz (9:0) ohne Gegentreffer \u2013 sicher auch ein Verdienst von Elvedi.<\/b><\/p>\n<p>\u201eReif ist live\u201c vom 16.10.25: Kompany-Vertrag &amp; Schlotterbeck-Poker<a class=\"anchor video-teaser__anchor\" href=\"https:\/\/www.bild.de\/sport\/fussball\/jetzt-hier-reif-ist-live-gucken-kompany-vertrag-schlotterbeck-poker-68eff75306329773ec67394f\" target=\"_blank\" rel=\"noopener\"><img decoding=\"async\" width=\"992\" height=\"558\" alt=\"Teaser-Bild\" src=\"https:\/\/www.europesays.com\/de\/wp-content\/uploads\/2025\/10\/1760680992_441_3a24b6f1dc9de4b2c3787a465f58ae7a,4de5212\"   class=\"landscape teaser__image\" loading=\"lazy\"\/><\/a><\/p>\n<p>Quelle: BILD16.10.2025<\/p>\n<p>\u25ba <b>Shuto Machino (26)!<\/b><\/p>\n<p>Der St\u00fcrmer ist mit Japan bereits f\u00fcr die WM qualifiziert, es stehen nur noch Testspiele an. Zuletzt gab es dabei sogar einen 3:2-Sieg \u00fcber Rekordweltmeister Brasilien.<\/p>\n<p>\u25ba<b> Jens Castrop (22)!<\/b><\/p>\n<p>Auch der Mittelfeldspieler hat mit S\u00fcdkorea das WM-Ticket bereits sicher \u2013 f\u00fcr ihn wird es nun darum gehen, sich durch gute Leistungen in der <a href=\"https:\/\/www.bild.de\/sport\/fussball\/bundesliga\/bundesliga-startseite-52368768.bild.html\" class=\"text-link\" target=\"_blank\" rel=\"noopener\">Bundesliga <\/a>bei Borussia den WM-Platz bis zum n\u00e4chsten Jahr zu sichern.<\/p>\n<p>\u25ba <b>Haris Tabakovic (31)!<\/b><\/p>\n<p>Der St\u00fcrmer kann sich mit Bosnien (momentan Platz 2) sogar noch direkt qualifizieren \u2013 wenn beide Partien zu Hause gegen Rum\u00e4nien (15. November) und bei Tabellenf\u00fchrer \u00d6sterreich (18. November) gewonnen werden.<\/p>\n<p>Mehr zum Thema<\/p>\n<p>\u25ba <b>Grant-Leon Ranos (22)!<\/b><\/p>\n<p>F\u00fcr Armenien l\u00e4uft es in der Quali gar nicht, vor den letzten beiden Partien sind sie Letzter. Aber \u2013 gewinnt Armenien am 13. November zu Hause gegen Ungarn, ist der Sprung auf Platz 2, der f\u00fcr die WM-Play-offs im M\u00e4rz 2026 berechtigt, wahrscheinlich. <b>Allerdings m\u00fcssten Ranos und Co., um Platz 2 dann zu behalten, auch im letzten Gruppenspiel am 16.\u00a0November punkten\u00a0\u2013 und das wird beim Top-Team in Portugal zur Mammut-Aufgabe\u00a0\u2026<\/b><\/p>\n<p>\u25ba <b>Tiago Pereira Cardoso (19)!<\/b><\/p>\n<p>Der Nachwuchs-Keeper hat mit Luxemburg als punktlosem Tabellen-Letzten in der Deutschland-Gruppe bereits alle WM-Chancen verspielt.<\/p>\n<p>\u25ba <b>Kevin Diks (29)!<\/b><\/p>\n<p>Der Verteidiger scheiterte mit Indonesien kurz vor dem gro\u00dfen Ziel \u2013 bei den asiatischen Play-offs gegen Saudi-Arabien (2:3) und den Irak (0:1).<\/p>\n<p><b>Auch Tim Kleindienst (30), Joe Scally (22) und Gio Reyna (22) haben noch WM-Hoffnungen \u2013 daf\u00fcr m\u00fcssen sie sich aber erst einmal ihren Platz in ihren Nationalteams zur\u00fcckholen.<\/b><\/p>\n","protected":false},"excerpt":{"rendered":"Vor der Partie am Freitag (20.30 Uhr\/Sky) bei Union Berlin sind alle Gladbach-Profis von ihren L\u00e4nderspiel-Touren zur\u00fcckgekehrt. Im&hellip;\n","protected":false},"author":2,"featured_media":505088,"comment_status":"","ping_status":"","sticky":false,"template":"","format":"standard","meta":{"footnotes":""},"categories":[1849],"tags":[815,6109,3364,29,114289,69832,538,548,663,3934,30,13,18029,13328,114291,4455,14,15,1209,100110,108214,12,819,114292,45,10735],"class_list":{"0":"post-505087","1":"post","2":"type-post","3":"status-publish","4":"format-standard","5":"has-post-thumbnail","7":"category-moenchengladbach","8":"tag-borussia-moenchengladbach","9":"tag-castrop-jens","10":"tag-de","11":"tag-deutschland","12":"tag-diks-kevin","13":"tag-elvedi-nico","14":"tag-erste-bundesliga","15":"tag-eu","16":"tag-europa","17":"tag-europe","18":"tag-germany","19":"tag-headlines","20":"tag-kleindienst-tim","21":"tag-laenderspiel","22":"tag-machino-shuto","23":"tag-moenchengladbach","24":"tag-nachrichten","25":"tag-news","26":"tag-nordrhein-westfalen","27":"tag-reyna-giovanni","28":"tag-scally-joe","29":"tag-schlagzeilen","30":"tag-sport-leuchtturm-essen","31":"tag-tabakovic-haris","32":"tag-texttospeech","33":"tag-virkus-roland"},"share_on_mastodon":{"url":"https:\/\/pubeurope.com\/@de\/115387997536515395","error":""},"_links":{"self":[{"href":"https:\/\/www.europesays.com\/de\/wp-json\/wp\/v2\/posts\/505087","targetHints":{"allow":["GET"]}}],"collection":[{"href":"https:\/\/www.europesays.com\/de\/wp-json\/wp\/v2\/posts"}],"about":[{"href":"https:\/\/www.europesays.com\/de\/wp-json\/wp\/v2\/types\/post"}],"author":[{"embeddable":true,"href":"https:\/\/www.europesays.com\/de\/wp-json\/wp\/v2\/users\/2"}],"replies":[{"embeddable":true,"href":"https:\/\/www.europesays.com\/de\/wp-json\/wp\/v2\/comments?post=505087"}],"version-history":[{"count":0,"href":"https:\/\/www.europesays.com\/de\/wp-json\/wp\/v2\/posts\/505087\/revisions"}],"wp:featuredmedia":[{"embeddable":true,"href":"https:\/\/www.europesays.com\/de\/wp-json\/wp\/v2\/media\/505088"}],"wp:attachment":[{"href":"https:\/\/www.europesays.com\/de\/wp-json\/wp\/v2\/media?parent=505087"}],"wp:term":[{"taxonomy":"category","embeddable":true,"href":"https:\/\/www.europesays.com\/de\/wp-json\/wp\/v2\/categories?post=505087"},{"taxonomy":"post_tag","embeddable":true,"href":"https:\/\/www.europesays.com\/de\/wp-json\/wp\/v2\/tags?post=505087"}],"curies":[{"name":"wp","href":"https:\/\/api.w.org\/{rel}","templated":true}]}}