{"id":505101,"date":"2025-10-17T06:10:13","date_gmt":"2025-10-17T06:10:13","guid":{"rendered":"https:\/\/www.europesays.com\/de\/505101\/"},"modified":"2025-10-17T06:10:13","modified_gmt":"2025-10-17T06:10:13","slug":"katze-ueberquert-strasse-in-everswinkel-zwei-verletzte","status":"publish","type":"post","link":"https:\/\/www.europesays.com\/de\/505101\/","title":{"rendered":"Katze \u00fcberquert Stra\u00dfe in Everswinkel: Zwei Verletzte"},"content":{"rendered":"<p>Eine Katze l\u00e4uft \u00fcber die Stra\u00dfe, Sekunden sp\u00e4ter kracht es: Ein junger Biker landet schwer verletzt im Krankenhaus. Was passierte mit dem Tier?<\/p>\n<p>Everswinkel (dpa\/gl) &#8211; Ein Motorradfahrer aus Ostbevern ist am fr\u00fchen Freitagmorgen gegen 1 Uhr bei einem Auffahrunfall auf der Kreisstra\u00dfe 20 (Hoetmarer Stra\u00dfe) in Everswinkel schwer verletzt worden.\u00a0<\/p>\n<p class=\"contextmenu caption\">Auch Mitfahrerin verletzt<\/p>\n<p>Wie die Polizei mitteilt, bremste ein vorausfahrendes Auto stark ab, weil eine Katze \u00fcber die Stra\u00dfe gelaufen sei. Der 16 Jahre alte Biker habe nicht mehr rechtzeitig reagieren k\u00f6nnen, sei auf den Wagen aufgefahren und zusammen mit seiner 17 Jahre alten Sozia aus Ostbevern vom Motorrad gest\u00fcrzt.\u00a0<\/p>\n<p>Der Fahrer wurde schwer, die Sozia leicht verletzt in Krankenh\u00e4user nach M\u00fcnster gebracht. Dem Tier sei nichts passiert. <\/p>\n<p>Texte und Fotos von die-glocke.de sind urheberrechtlich gesch\u00fctzt.<br \/>\n            Weiterverwendung nur mit Genehmigung der Chefredaktion.<\/p>\n","protected":false},"excerpt":{"rendered":"Eine Katze l\u00e4uft \u00fcber die Stra\u00dfe, Sekunden sp\u00e4ter kracht es: Ein junger Biker landet schwer verletzt im Krankenhaus.&hellip;\n","protected":false},"author":2,"featured_media":505102,"comment_status":"","ping_status":"","sticky":false,"template":"","format":"standard","meta":{"footnotes":""},"categories":[1843],"tags":[23811,3364,29,126133,30,2485,126134,9959,8970,1209,126135],"class_list":{"0":"post-505101","1":"post","2":"type-post","3":"status-publish","4":"format-standard","5":"has-post-thumbnail","7":"category-muenster","8":"tag-auffahrunfall","9":"tag-de","10":"tag-deutschland","11":"tag-everswinkel","12":"tag-germany","13":"tag-katze","14":"tag-kreisstrasse-20","15":"tag-motorrad","16":"tag-muenster","17":"tag-nordrhein-westfalen","18":"tag-ostbevern"},"share_on_mastodon":{"url":"https:\/\/pubeurope.com\/@de\/115388024398923048","error":""},"_links":{"self":[{"href":"https:\/\/www.europesays.com\/de\/wp-json\/wp\/v2\/posts\/505101","targetHints":{"allow":["GET"]}}],"collection":[{"href":"https:\/\/www.europesays.com\/de\/wp-json\/wp\/v2\/posts"}],"about":[{"href":"https:\/\/www.europesays.com\/de\/wp-json\/wp\/v2\/types\/post"}],"author":[{"embeddable":true,"href":"https:\/\/www.europesays.com\/de\/wp-json\/wp\/v2\/users\/2"}],"replies":[{"embeddable":true,"href":"https:\/\/www.europesays.com\/de\/wp-json\/wp\/v2\/comments?post=505101"}],"version-history":[{"count":0,"href":"https:\/\/www.europesays.com\/de\/wp-json\/wp\/v2\/posts\/505101\/revisions"}],"wp:featuredmedia":[{"embeddable":true,"href":"https:\/\/www.europesays.com\/de\/wp-json\/wp\/v2\/media\/505102"}],"wp:attachment":[{"href":"https:\/\/www.europesays.com\/de\/wp-json\/wp\/v2\/media?parent=505101"}],"wp:term":[{"taxonomy":"category","embeddable":true,"href":"https:\/\/www.europesays.com\/de\/wp-json\/wp\/v2\/categories?post=505101"},{"taxonomy":"post_tag","embeddable":true,"href":"https:\/\/www.europesays.com\/de\/wp-json\/wp\/v2\/tags?post=505101"}],"curies":[{"name":"wp","href":"https:\/\/api.w.org\/{rel}","templated":true}]}}