{"id":505118,"date":"2025-10-17T06:20:14","date_gmt":"2025-10-17T06:20:14","guid":{"rendered":"https:\/\/www.europesays.com\/de\/505118\/"},"modified":"2025-10-17T06:20:14","modified_gmt":"2025-10-17T06:20:14","slug":"karibik-usa-greifen-offenbar-erneut-boot-an-kommandeur-tritt-ab","status":"publish","type":"post","link":"https:\/\/www.europesays.com\/de\/505118\/","title":{"rendered":"Karibik: USA greifen offenbar erneut Boot an &#8211; Kommandeur tritt ab"},"content":{"rendered":"<p>            <img loading=\"lazy\" decoding=\"async\" class=\"ts-image\" src=\"https:\/\/www.europesays.com\/de\/wp-content\/uploads\/2025\/10\/holsey-100.jpg\" alt=\"Alvin Holsey (Archiv)\" title=\"Alvin Holsey (Archiv) | EPA\"\/><\/p>\n<p class=\"metatextline\">Stand: 17.10.2025 08:10 Uhr<\/p>\n<p class=\"textabsatz columns twelve  m-ten  m-offset-one l-eight l-offset-two\">\n        <strong>Die Spannungen zwischen den USA und Venezuela gehen weiter. Medien zufolge gab es einen neuen US-Angriff auf ein Boot, das Drogen an Bord gehabt haben soll. Der zust\u00e4ndige Kommandeur zieht sich \u00fcberraschend zur\u00fcck.<\/strong>\n    <\/p>\n<p class=\"textabsatz m-ten m-offset-one l-eight l-offset-two columns twelve\">Das US-Milit\u00e4r hat offenbar erneut ein mutma\u00dflich mit Drogen beladenes Boot in der Karibik angegriffen. Das melden mehrere Medien. Der Sender ABC News berichtete unter Berufung auf einen US-Regierungsbeamten, dass es &#8211; anders als von den USA bei fr\u00fcheren Angriffen angegeben &#8211; bei dem am Donnerstag erfolgten Schlag \u00dcberlebende gegeben habe.<\/p>\n<p class=\"textabsatz m-ten m-offset-one l-eight l-offset-two columns twelve\">Auch laut CNN und der Nachrichtenagentur Reuters, die sich auf US-Regierungsvertreter st\u00fctzen, wird angenommen, dass es \u00dcberlebende unter der Besatzung gibt.<\/p>\n<p class=\"textabsatz m-ten m-offset-one l-eight l-offset-two columns twelve\">Der Reuters-Quelle zufolge wirft dies neue Fragen auf: Etwa, ob das US-Milit\u00e4r den \u00dcberlebenden Hilfe geleistet hat und ob sie sich nun in US-Gewahrsam befinden. Eine Stellungnahme des <a href=\"https:\/\/www.tagesschau.de\/ausland\/amerika\/usa-journalisten-protest-pentagon-hegseth-100.html\" title=\"US-Journalisten geben aus Protest Pentagon-Ausweise ab\" target=\"_blank\" rel=\"noopener\">Pentagon<\/a>, das die bei den Angriffen ins Visier Genommenen als &#8222;Narco-Terroristen&#8220; bezeichnet, liegt bislang nicht vor.<\/p>\n<p class=\"textabsatz m-ten m-offset-one l-eight l-offset-two columns twelve\">Die USA greifen seit Wochen immer wieder Boote in der Karibik an und begr\u00fcnden das mit dem Kampf gegen den Drogenhandel. Bei den Schl\u00e4gen wurden nach US-Regierungsangaben bereits mehr als 20 Menschen get\u00f6tet. Das Vorgehen st\u00f6\u00dft unter anderem wegen rechtlicher Bedenken auf Kritik.<\/p>\n<p>    &#8222;Vertiefte Sorge&#8220; unter Demokraten wegen R\u00fccktritt<\/p>\n<p class=\"textabsatz m-ten m-offset-one l-eight l-offset-two columns twelve\">Weitere Unruhe rief die \u00fcberraschende Ank\u00fcndigung von US-Verteidigungsminister Pete Hegseth hervor, der Marine-Admiral an der Spitze des US-S\u00fcdkommandos, Alvin Holsey, werde Ende 2025 zur\u00fccktreten &#8211; zwei Jahre fr\u00fcher als geplant.<\/p>\n<p class=\"textabsatz m-ten m-offset-one l-eight l-offset-two columns twelve\">Der f\u00fcr den Einsatz in der Karibik zust\u00e4ndige Holsey lie\u00df \u00fcber das Kommando im Onlinedienst X mitteilen: &#8222;Mit Wirkung zum 12. Dezember 2025 werde ich aus der US-Marine ausscheiden.&#8220;<\/p>\n<p class=\"textabsatz m-ten m-offset-one l-eight l-offset-two columns twelve\">Holsey hatte seinen Dienst vor einem Jahr angetreten. Er nannte in seiner R\u00fccktrittserkl\u00e4rung keine Gr\u00fcnde f\u00fcr den Schritt. Es sei &#8222;eine Ehre gewesen, mehr als 37 Jahre lang unserem Land und dem amerikanischen Volk zu dienen und die Verfassung zu unterst\u00fctzen und zu verteidigen&#8220;, so der Admiral.<\/p>\n<p class=\"textabsatz m-ten m-offset-one l-eight l-offset-two columns twelve\">Der rangh\u00f6chste Demokrat im Verteidigungsausschuss des Senats, Jack Reed, nannte Holseys R\u00fccktritt angesichts der wachsenden Bef\u00fcrchtungen einer Konfrontation mit Venezuela beunruhigend. &#8222;Admiral Holseys R\u00fccktritt vertieft nur meine Sorge, dass diese Regierung die teuer erkauften Lehren fr\u00fcherer US-Milit\u00e4reins\u00e4tze und den Rat unserer erfahrensten Milit\u00e4rs ignoriert&#8220;, teilte Reed mit.<\/p>\n<p class=\"textabsatz m-ten m-offset-one l-eight l-offset-two columns twelve\">Zuvor war bereits die Entscheidung bekannt geworden, die Anti-Drogen-Operationen in der Region zuk\u00fcnftig nicht mehr vom S\u00fcdkommando, sondern von einer Sondereinheit leiten zu lassen.<\/p>\n<p class=\"textabsatz m-ten m-offset-one l-eight l-offset-two columns twelve\">Erst am Mittwoch war zudem bekannt geworden, dass Trump Aktionen des <a href=\"https:\/\/www.tagesschau.de\/ausland\/amerika\/cia-venezuela-100.html\" title=\"US-Pr\u00e4sident Trump genehmigt CIA-Eins\u00e4tze in Venezuela\" target=\"_blank\" rel=\"noopener\">Auslandsgeheimdiensts CIA in Venezuela<\/a> autorisiert hat. Details blieben unklar. Er k\u00fcndigte zugleich an, Rauschgiftschmuggler nun auch an Land bek\u00e4mpfen zu wollen. US-Medien berichteten j\u00fcngst zudem, dass sich mehrere US-Langstreckenbomber\u00a0des Typs\u00a0&#8222;B-52&#8220; der K\u00fcste Venezuelas gen\u00e4hert h\u00e4tten.\u00a0<\/p>\n<p class=\"textabsatz m-ten m-offset-one l-eight l-offset-two columns twelve\">Die <a href=\"https:\/\/www.tagesschau.de\/ausland\/amerika\/usa-marine-karibik-venezuela-100.html\" title=\"Was steckt hinter dem massiven US-Marineeinsatz in der Karibik?\" target=\"_blank\" rel=\"noopener\">Milit\u00e4rpr\u00e4senz der USA<\/a> wird um einen Zerst\u00f6rer mit Lenkflugk\u00f6rpern, &#8222;F-35&#8220;-Kampfjets, ein Atom-U-Boot und rund 6.500 Soldaten aufgestockt, listet die Nachrichtenagentur Reuters auf.<\/p>\n<p>    Venezuela wendet sich an UN-Sicherheitsrat<\/p>\n<p class=\"textabsatz m-ten m-offset-one l-eight l-offset-two columns twelve\">Venezuela wandte sich unterdessen an den UN-Sicherheitsrat. In einem von der Nachrichtenagentur Reuters eingesehenen Schreiben wirft der venezolanische UN-Botschafter Samuel Moncada Washington vor, bei den Angriffen auf &#8222;zivile Schiffe in internationalen Gew\u00e4ssern&#8220; mindestens 27 Menschen get\u00f6tet zu haben.<\/p>\n<p class=\"textabsatz m-ten m-offset-one l-eight l-offset-two columns twelve\">Er forderte das 15-k\u00f6pfige Gremium auf, die Angriffe zu untersuchen, um &#8222;deren illegalen Charakter festzustellen&#8220; und eine Erkl\u00e4rung zur Bekr\u00e4ftigung der Souver\u00e4nit\u00e4t Venezuelas abzugeben. Eine Reaktion des Sicherheitsrates \u00fcber Treffen hinaus gilt als unwahrscheinlich, da die USA dort ein Vetorecht besitzen.<\/p>\n<p class=\"textabsatz m-ten m-offset-one l-eight l-offset-two columns twelve\">Die US-Regierung rechtfertigt ihr Vorgehen mit Artikel 51 der UN-Charta, der Staaten das Recht auf Selbstverteidigung einr\u00e4umt. Der US-Botschafter bei den UN, Mike Waltz, sagte dem Sender Fox News, Pr\u00e4sident Trump werde Geheimdienste, Verteidigungsministerium und Diplomatie nutzen, um die Souver\u00e4nit\u00e4t der USA zu verteidigen.<\/p>\n<p>    Maduro spricht von Verschw\u00f6rung<\/p>\n<p class=\"textabsatz m-ten m-offset-one l-eight l-offset-two columns twelve\">Venezuelas Pr\u00e4sident Nicol\u00e1s Maduro warf der US-Regierung vor, einen &#8222;psychologischen Krieg&#8220; zu f\u00fchren, um das s\u00fcdamerikanische Land einzusch\u00fcchtern. Die CIA sei bereits seit 60 Jahren in Venezuela aktiv, doch zum ersten Mal k\u00fcndige Washington das nun offen an, sagte er in einer Rede in Caracas. Es handele sich um eine &#8222;ungeschickte und grobe interventionistische Politik&#8220; mit dem Ziel eines Regimewechsels.\u00a0<\/p>\n<p class=\"textabsatz m-ten m-offset-one l-eight l-offset-two columns twelve\">Erst im vergangenen Monat hie\u00df es vom Wei\u00dfen Haus, man betrachte &#8222;das Maduro-Regime als illegitim&#8220;. Die Vereinigten Staaten zweifeln das Ergebnis der <a href=\"https:\/\/www.tagesschau.de\/ausland\/amerika\/venezuela-maduro-wahl-102.html\" title=\"Pr\u00e4sidentschaftswahl in Venezuela: Wahlbeh\u00f6rde erkl\u00e4rt Maduro zum Sieger\" target=\"_blank\" rel=\"noopener\">Wahl 2024 in Venezuela<\/a> an &#8211; der <a href=\"https:\/\/www.tagesschau.de\/ausland\/friedensnobelpreis-machado-venezuela-100.html\" title=\"Friedensnobelpreis: Wer ist Mar\u00eda Corina Machado?\" target=\"_blank\" rel=\"noopener\">autorit\u00e4r regierende<\/a> Maduro hatte sich trotz Betrugsvorw\u00fcrfen, landesweiter Proteste und internationaler Kritik f\u00fcr eine dritte Amtszeit bis 2031 vereidigen lassen.<\/p>\n","protected":false},"excerpt":{"rendered":"Stand: 17.10.2025 08:10 Uhr Die Spannungen zwischen den USA und Venezuela gehen weiter. Medien zufolge gab es einen&hellip;\n","protected":false},"author":2,"featured_media":505119,"comment_status":"","ping_status":"","sticky":false,"template":"","format":"standard","meta":{"footnotes":""},"categories":[3977],"tags":[331,332,13,13132,14,15,12,4017,4018,4016,64,1700,4019,4020],"class_list":{"0":"post-505118","1":"post","2":"type-post","3":"status-publish","4":"format-standard","5":"has-post-thumbnail","7":"category-usa","8":"tag-aktuelle-nachrichten","9":"tag-aktuelle-news","10":"tag-headlines","11":"tag-karibik","12":"tag-nachrichten","13":"tag-news","14":"tag-schlagzeilen","15":"tag-united-states","16":"tag-united-states-of-america","17":"tag-us","18":"tag-usa","19":"tag-venezuela","20":"tag-vereinigte-staaten","21":"tag-vereinigte-staaten-von-amerika"},"share_on_mastodon":{"url":"https:\/\/pubeurope.com\/@de\/115388064002751685","error":""},"_links":{"self":[{"href":"https:\/\/www.europesays.com\/de\/wp-json\/wp\/v2\/posts\/505118","targetHints":{"allow":["GET"]}}],"collection":[{"href":"https:\/\/www.europesays.com\/de\/wp-json\/wp\/v2\/posts"}],"about":[{"href":"https:\/\/www.europesays.com\/de\/wp-json\/wp\/v2\/types\/post"}],"author":[{"embeddable":true,"href":"https:\/\/www.europesays.com\/de\/wp-json\/wp\/v2\/users\/2"}],"replies":[{"embeddable":true,"href":"https:\/\/www.europesays.com\/de\/wp-json\/wp\/v2\/comments?post=505118"}],"version-history":[{"count":0,"href":"https:\/\/www.europesays.com\/de\/wp-json\/wp\/v2\/posts\/505118\/revisions"}],"wp:featuredmedia":[{"embeddable":true,"href":"https:\/\/www.europesays.com\/de\/wp-json\/wp\/v2\/media\/505119"}],"wp:attachment":[{"href":"https:\/\/www.europesays.com\/de\/wp-json\/wp\/v2\/media?parent=505118"}],"wp:term":[{"taxonomy":"category","embeddable":true,"href":"https:\/\/www.europesays.com\/de\/wp-json\/wp\/v2\/categories?post=505118"},{"taxonomy":"post_tag","embeddable":true,"href":"https:\/\/www.europesays.com\/de\/wp-json\/wp\/v2\/tags?post=505118"}],"curies":[{"name":"wp","href":"https:\/\/api.w.org\/{rel}","templated":true}]}}