{"id":505211,"date":"2025-10-17T07:11:12","date_gmt":"2025-10-17T07:11:12","guid":{"rendered":"https:\/\/www.europesays.com\/de\/505211\/"},"modified":"2025-10-17T07:11:12","modified_gmt":"2025-10-17T07:11:12","slug":"juergen-klopp-neuer-job-was-der-ex-trainer-jetzt-zusaetzlich-macht-sport","status":"publish","type":"post","link":"https:\/\/www.europesays.com\/de\/505211\/","title":{"rendered":"J\u00fcrgen Klopp: Neuer Job! Was der Ex-Trainer jetzt zus\u00e4tzlich macht | Sport"},"content":{"rendered":"<p><b>Neue Aufgabe f\u00fcr J\u00fcrgen Klopp (58).<\/b><\/p>\n<p>Seit Anfang des Jahres ist der ehemalige Star-Trainer als \u201eGlobal Head of Soccer\u201c bei Red Bull aktiv, nun \u00fcbernimmt Klopp einen zus\u00e4tzlichen Job. Wie die Deutsche Fu\u00dfball Liga (DFL) am Donnerstag bekannt gab, wird er k\u00fcnftig Mitglied einer neuen Expertengruppe.<\/p>\n<p>Mehr zum Thema<\/p>\n<p><b>Ziel:<\/b> Die Kompetenzen von Klubs, Liga und externen Fachleuten in einem Gremium zu b\u00fcndeln. In einer ersten Ma\u00dfnahme soll ausgearbeitet werden, wo die zuk\u00fcnftigen Schwerpunkte in der Fu\u00dfball-Entwicklung liegen. <\/p>\n<p><b>In der DFL-Mitteilung hei\u00dft es: \u201eInhaltlich wird sich die Expertengruppe unter anderem mit der Ausbildung und Integration von Talenten sowie der Weiterentwicklung von Club-Standards und -Strukturen auseinandersetzen. Erste Ergebnisse sollen im Fr\u00fchjahr 2026 in den Liga-Gremien und anschlie\u00dfend mit allen 36 Clubs besprochen werden.\u201c<\/b><\/p>\n<p>Das w\u00e4re bitter: Schnappt Real Bayern diesen Star weg?<a class=\"anchor video-teaser__anchor\" href=\"https:\/\/www.bild.de\/sport\/fussball\/das-waere-bitter-schnappt-real-bayern-diesen-star-weg-68f124572f6e3c54ca984807\" rel=\"nofollow noopener\" target=\"_blank\"><img decoding=\"async\" width=\"992\" height=\"558\" alt=\"Teaser-Bild\" src=\"https:\/\/www.europesays.com\/de\/wp-content\/uploads\/2025\/10\/a3fcb8e3f0ef95af8c9b82f0c9d9d05a-landscape,3809dee0\"   class=\"landscape teaser__image\" loading=\"lazy\"\/><\/a><\/p>\n<p>Quelle: BILD16.10.2025<\/p>\n<p><b>Neben <\/b><a href=\"https:\/\/www.bild.de\/sport\/leute\/juergen-klopp\/juergen-klopp-alle-infos-76678944.bild.html\" class=\"text-link\" rel=\"nofollow noopener\" target=\"_blank\"><b>Klopp<\/b><\/a><b> sind auch Weltmeister Sami Khedira sowie Andreas Bornemann (St. Pauli), Joti Chatzialexiou (1. FC N\u00fcrnberg), Markus Kr\u00f6sche (Eintracht Frankfurt) und Jochen Sauer (FC Bayern) Teil des Gremiums. <\/b><\/p>\n<p>Dazu sind DFL-Gesch\u00e4ftsf\u00fchrer Marc Lenz und DFB-Gesch\u00e4ftsf\u00fchrer Andreas Rettig eingebunden. Als Vertreter der Kommission Fu\u00dfball wurden Kr\u00f6sche oder Max Eberl (FC Bayern) benannt.<\/p>\n<p>Mehr zum Thema<\/p>\n<p>Gesch\u00e4ftsf\u00fchrer Lenz ordnet ein: \u201eZuletzt wurden sportliche Entwicklungen \u2013 unter anderem in der Nachwuchsf\u00f6rderung \u2013 intern im Ligaverband thematisiert. Es gilt gemeinsam die richtigen Schl\u00fcsse zu ziehen. Die Expertengruppe wird dazu wertvolle Impulse einbringen.\u201c <\/p>\n<p>F\u00fcr Klopp ist es die n\u00e4chste Aufgabe im Fu\u00dfball nach seinen Trainer-Stationen bei Mainz 05 (2001 bis 2008), Dortmund (2008 bis 2015) und Liverpool (2015 bis 2024). Seit Januar ist er als Fu\u00dfball-Chef von Red Bull t\u00e4tig, sein Vertrag l\u00e4uft bis 2029. Eine R\u00fcckkehr auf die Trainerbank schlie\u00dft Klopp zum aktuellen Zeitpunkt aus. Nun wird seine Expertise auf eine andere Art gefordert.<\/p>\n","protected":false},"excerpt":{"rendered":"Neue Aufgabe f\u00fcr J\u00fcrgen Klopp (58). Seit Anfang des Jahres ist der ehemalige Star-Trainer als \u201eGlobal Head of&hellip;\n","protected":false},"author":2,"featured_media":505212,"comment_status":"","ping_status":"","sticky":false,"template":"","format":"standard","meta":{"footnotes":""},"categories":[136],"tags":[1263,29,5085,538,954,347,30,3890,7645,9662,5134,1655,1651,265,1576,45],"class_list":{"0":"post-505211","1":"post","2":"type-post","3":"status-publish","4":"format-standard","5":"has-post-thumbnail","7":"category-sport","8":"tag-aufmacher-bereich","9":"tag-deutschland","10":"tag-dfl","11":"tag-erste-bundesliga","12":"tag-fc-liverpool","13":"tag-fussball","14":"tag-germany","15":"tag-graubrot","16":"tag-klopp-juergen","17":"tag-no-sport-app","18":"tag-quad-teaser","19":"tag-rb-leipzig","20":"tag-red-bull","21":"tag-sport","22":"tag-super-a-teaser","23":"tag-texttospeech"},"share_on_mastodon":{"url":"https:\/\/pubeurope.com\/@de\/115388264748819863","error":""},"_links":{"self":[{"href":"https:\/\/www.europesays.com\/de\/wp-json\/wp\/v2\/posts\/505211","targetHints":{"allow":["GET"]}}],"collection":[{"href":"https:\/\/www.europesays.com\/de\/wp-json\/wp\/v2\/posts"}],"about":[{"href":"https:\/\/www.europesays.com\/de\/wp-json\/wp\/v2\/types\/post"}],"author":[{"embeddable":true,"href":"https:\/\/www.europesays.com\/de\/wp-json\/wp\/v2\/users\/2"}],"replies":[{"embeddable":true,"href":"https:\/\/www.europesays.com\/de\/wp-json\/wp\/v2\/comments?post=505211"}],"version-history":[{"count":0,"href":"https:\/\/www.europesays.com\/de\/wp-json\/wp\/v2\/posts\/505211\/revisions"}],"wp:featuredmedia":[{"embeddable":true,"href":"https:\/\/www.europesays.com\/de\/wp-json\/wp\/v2\/media\/505212"}],"wp:attachment":[{"href":"https:\/\/www.europesays.com\/de\/wp-json\/wp\/v2\/media?parent=505211"}],"wp:term":[{"taxonomy":"category","embeddable":true,"href":"https:\/\/www.europesays.com\/de\/wp-json\/wp\/v2\/categories?post=505211"},{"taxonomy":"post_tag","embeddable":true,"href":"https:\/\/www.europesays.com\/de\/wp-json\/wp\/v2\/tags?post=505211"}],"curies":[{"name":"wp","href":"https:\/\/api.w.org\/{rel}","templated":true}]}}